{"id":550761,"date":"2025-11-22T06:47:39","date_gmt":"2025-11-22T06:47:39","guid":{"rendered":"https:\/\/www.europesays.com\/fr\/550761\/"},"modified":"2025-11-22T06:47:39","modified_gmt":"2025-11-22T06:47:39","slug":"un-soudanais-interpelle-trois-fois-en-une-semaine-pour-violation-de-la-tombe-du-soldat-inconnu","status":"publish","type":"post","link":"https:\/\/www.europesays.com\/fr\/550761\/","title":{"rendered":"un Soudanais interpell\u00e9 trois fois en une semaine pour violation de la tombe du Soldat inconnu"},"content":{"rendered":"<p>\n    <strong>INFO LE FIGARO &#8211; <\/strong>Cet homme de 23 ans a \u00e9t\u00e9 arr\u00eat\u00e9 mercredi apr\u00e8s avoir d\u00e9grad\u00e9 des gerbes de fleurs. D\u00e9j\u00e0 interpell\u00e9 deux fois, il avait \u00e9t\u00e9 intern\u00e9 en psychiatrie.<\/p>\n<p class=\"fig-paragraph\">Un Soudanais de 23 ans, Ibrahim W., a \u00e9t\u00e9 interpell\u00e9 trois fois en l\u2019espace d\u2019une semaine pour des d\u00e9gradations sur\u00a0<a href=\"https:\/\/www.lefigaro.fr\/vox\/societe\/depuis-un-siecle-la-tombe-du-soldat-inconnu-rend-hommage-au-sacrifice-de-la-nation-20210128\" target=\"_blank\" data-fig-type=\"Article\" rel=\"noopener nofollow\" data-gtm-custom-categorie=\"navigation\" data-gtm-custom-action=\"crossclick\" data-gtm-custom-label=\"Contextuel\" data-gtm-event=\"customEventSPE\" data-fig-domain=\"LEFIGARO\">la tombe du Soldat inconnu<\/a>, install\u00e9e sous l\u2019arc de Triomphe \u00e0 Paris, a appris Le Figaro de sources polici\u00e8res.<\/p>\n<p class=\"fig-paragraph\">L\u2019homme est arr\u00eat\u00e9 une premi\u00e8re fois mercredi 12 novembre peu avant 9h30 apr\u00e8s s\u2019\u00eatre assis sur la tombe du Soldat inconnu. Sans papiers d\u2019identit\u00e9, l\u2019individu tient des propos d\u00e9cousus et affirme \u00eatre \u00able pr\u00e9sident de la R\u00e9publique\u00bb.\u00a0Il est alors conduit \u00e0 l\u2019infirmerie psychiatrique de la pr\u00e9fecture de police de Paris (IPPP) et la proc\u00e9dure est class\u00e9e faute d\u2019infraction.<\/p>\n<p class=\"fig-paragraph\">Rebelote vendredi 14 novembre aux alentours de 21 heures\u00a0: l\u2019homme s\u2019allonge au sol avant d\u2019\u00e9teindre la flamme avec ses mains. Interpell\u00e9, il est de nouveau intern\u00e9 \u00e0 l\u2019IPPP puis au service psychiatrie de l\u2019h\u00f4pital Bichat.<\/p>\n<p>De nouveau interpell\u00e9 pour des faits similaires<\/p>\n<p class=\"fig-paragraph\">Selon nos informations, ce m\u00eame homme a \u00e9t\u00e9 interpell\u00e9 mercredi 19 novembre vers 11h30 apr\u00e8s avoir d\u00e9grad\u00e9 des gerbes de fleurs d\u00e9pos\u00e9es devant la tombe du Soldat inconnu\u2026<\/p>\n<p class=\"fig-premium-paywall__infos\">\n        Cet article est r\u00e9serv\u00e9 aux abonn\u00e9s.        Il vous reste 43% \u00e0 d\u00e9couvrir.\n    <\/p>\n<p>                <img  data- alt=\"Le Figaro\" class=\"fig-img--complete fig-img\"\/><\/p>\n<p class=\"fig-premium-paywall__title\">Black Friday<\/p>\n<p class=\"fig-premium-paywall__subtitle\">-70% sur l&rsquo;abonnement num\u00e9rique<\/p>\n<p class=\"fig-premium-paywall__connect\">\n                D\u00e9j\u00e0 abonn\u00e9\u00a0?                <a class=\"fig-premium-paywall__connect-link\" href=\"https:\/\/connect.lefigaro.fr\/login?client=horizon_web&amp;type=main&amp;redirect_uri=https%3A%2F%2Fwww.lefigaro.fr%2Ffaits-divers%2Fparis-un-soudanais-interpelle-trois-fois-en-une-semaine-pour-violation-de-la-tombe-du-soldat-inconnu-20251120\" data-js-gtm=\"{&quot;customCategorie&quot;: &quot;conversion&quot;, &quot;customAction&quot;: &quot;before_Landing_Connexion_paywall_auto&quot;, &quot;customLabel&quot;: &quot;bGVmaWdhcm8uZnJfXzFmMGM1ZjJhLWFkMDYtNmE1Ni04ODBiLTk3NTIzNWEwZjgxNF9fTmV3c0ZsYXNo_Paris\u00a0: un Soudanais interpell\u00e9 trois fois en une semaine pour violation de la tombe du Soldat inconnu_171&quot;, &quot;customIDSPE&quot;: &quot;bGVmaWdhcm8uZnJfXzFmMGM1ZjJhLWFkMDYtNmE1Ni04ODBiLTk3NTIzNWEwZjgxNF9fTmV3c0ZsYXNo&quot;, &quot;event&quot;: &quot;customEventSPE&quot;}\" rel=\"nofollow noopener\" target=\"_blank\"><br \/>\n                    Connectez-vous<br \/>\n                <\/a>\n            <\/p>\n","protected":false},"excerpt":{"rendered":"INFO LE FIGARO &#8211; Cet homme de 23 ans a \u00e9t\u00e9 arr\u00eat\u00e9 mercredi apr\u00e8s avoir d\u00e9grad\u00e9 des gerbes&hellip;\n","protected":false},"author":2,"featured_media":550762,"comment_status":"","ping_status":"","sticky":false,"template":"","format":"standard","meta":{"footnotes":""},"categories":[1888],"tags":[1111,1928,11,1927,17864,1777,674,1011,27,12,1926,626,1925,25,44064],"class_list":{"0":"post-550761","1":"post","2":"type-post","3":"status-publish","4":"format-standard","5":"has-post-thumbnail","7":"category-paris","8":"tag-actu","9":"tag-actu-paris","10":"tag-actualites","11":"tag-actualites-paris","12":"tag-arc-de-triomphe","13":"tag-eu","14":"tag-europe","15":"tag-fr","16":"tag-france","17":"tag-news","18":"tag-news-paris","19":"tag-paris","20":"tag-paris-news","21":"tag-republique-francaise","22":"tag-soldat-inconnu"},"share_on_mastodon":{"url":"https:\/\/pubeurope.com\/@fr\/115592013140745964","error":""},"_links":{"self":[{"href":"https:\/\/www.europesays.com\/fr\/wp-json\/wp\/v2\/posts\/550761","targetHints":{"allow":["GET"]}}],"collection":[{"href":"https:\/\/www.europesays.com\/fr\/wp-json\/wp\/v2\/posts"}],"about":[{"href":"https:\/\/www.europesays.com\/fr\/wp-json\/wp\/v2\/types\/post"}],"author":[{"embeddable":true,"href":"https:\/\/www.europesays.com\/fr\/wp-json\/wp\/v2\/users\/2"}],"replies":[{"embeddable":true,"href":"https:\/\/www.europesays.com\/fr\/wp-json\/wp\/v2\/comments?post=550761"}],"version-history":[{"count":0,"href":"https:\/\/www.europesays.com\/fr\/wp-json\/wp\/v2\/posts\/550761\/revisions"}],"wp:featuredmedia":[{"embeddable":true,"href":"https:\/\/www.europesays.com\/fr\/wp-json\/wp\/v2\/media\/550762"}],"wp:attachment":[{"href":"https:\/\/www.europesays.com\/fr\/wp-json\/wp\/v2\/media?parent=550761"}],"wp:term":[{"taxonomy":"category","embeddable":true,"href":"https:\/\/www.europesays.com\/fr\/wp-json\/wp\/v2\/categories?post=550761"},{"taxonomy":"post_tag","embeddable":true,"href":"https:\/\/www.europesays.com\/fr\/wp-json\/wp\/v2\/tags?post=550761"}],"curies":[{"name":"wp","href":"https:\/\/api.w.org\/{rel}","templated":true}]}}