{"id":550793,"date":"2025-11-22T07:09:16","date_gmt":"2025-11-22T07:09:16","guid":{"rendered":"https:\/\/www.europesays.com\/fr\/550793\/"},"modified":"2025-11-22T07:09:16","modified_gmt":"2025-11-22T07:09:16","slug":"n2-la-roche-sur-yon-accroche-angouleme-chute-les-girondins-peuvent-devenir-leaders","status":"publish","type":"post","link":"https:\/\/www.europesays.com\/fr\/550793\/","title":{"rendered":"N2 : La Roche-sur-Yon accroch\u00e9, Angoul\u00eame chute\u2026 Les Girondins peuvent devenir leaders"},"content":{"rendered":"<p><img decoding=\"async\" src=\"https:\/\/www.europesays.com\/fr\/wp-content\/uploads\/2025\/08\/671_2e65f97b36ab2a2bbab468868fd424f6.jpg\" alt=\"N2 : La Roche-sur-Yon accroch\u00e9, Angoul\u00eame chute\u2026 Les Girondins peuvent devenir leaders\" class=\"img-responsive mt-3\"\/><\/p>\n<p class=\"text-center mb-3\" style=\"font-size: 14px\">\u00a9 Iconsport<\/p>\n<p>      <strong>Bordeaux peut s\u2019emparer de la t\u00eate de la poule A<\/strong><\/p>\n<p style=\"text-align: justify;\">Vend\u00e9e FC La Roche menait 3 \u00e0 1 face \u00e0 l&rsquo;US Saint-Malo ce vendredi soir en match d&rsquo;ouverture de la 11e journ\u00e9e de National 2 avant de se faire rejoindre 3 \u00e0 3. Le leader a donc \u00e9t\u00e9 accroch\u00e9 et marque un point.<\/p>\n<p style=\"text-align: justify;\">De son c\u00f4t\u00e9, Angoul\u00eame CFC perd \u00e0 Poitiers (2-0), et encaisse une deuxi\u00e8me d\u00e9faite cons\u00e9cutive apr\u00e8s son \u00e9limination en Coupe de France.<\/p>\n<p style=\"text-align: justify;\">Les Girondins peuvent \u00eatre leaders en cas de succ\u00e8s \u00e0 Lorient ce samedi \u00e0 17h face au FC Lorient 2.<\/p>\n<p style=\"text-align: justify;\"><strong>R\u00e9sultats<\/strong> :<\/p>\n<p style=\"text-align: justify;\">Vend\u00e9e Foot Club RY <strong>3-3<\/strong> US Saint-Malo<br \/>Stade Poitevin FC<strong> 2-0<\/strong> Angoul\u00eame Charente FC<\/p>\n<p style=\"text-align: justify;\">Les matchs de samedi avec Bordeaux, qui joue \u00e0 17h contre le FC Lorient 2 :<\/p>\n<p style=\"text-align: justify;\">Chauray FC &#8211; Olympique Saumur FC <br \/>FC Lorient II &#8211; FC Girondins de Bordeaux<br \/>Saint-Colomban Locmin\u00e9 &#8211; Voltigeurs de Ch\u00e2teaubriant<br \/>Dinan L\u00e9hon &#8211; US Avranches<br \/>US Granville &#8211; Aviron Bayonnais<br \/>FC Montlouis &#8211; Les Herbiers<\/p>\n<p style=\"text-align: justify;\">&gt;&gt; <strong><a href=\"https:\/\/www.webgirondins.com\/classement-girondins-national-2\" target=\"_blank\" rel=\"noopener\">Voir le classement de National 2<\/a><\/strong><\/p>\n<p style=\"text-align: justify;\">\u00a0<\/p>\n<p style=\"text-align: justify;\">Notre podcast court sur l&rsquo;actu des Girondins \u00e0 \u00e9couter :<\/p>\n<p>\u00a0<\/p>\n","protected":false},"excerpt":{"rendered":"\u00a9 Iconsport Bordeaux peut s\u2019emparer de la t\u00eate de la poule A Vend\u00e9e FC La Roche menait 3&hellip;\n","protected":false},"author":2,"featured_media":311389,"comment_status":"","ping_status":"","sticky":false,"template":"","format":"standard","meta":{"footnotes":""},"categories":[1410],"tags":[13372,13152,837,1446,27051,13413,8300,63,7482,1011,27,1987,12143,3465,6079,37601,6073,3238,10936,1653,4789,40719,6689,3213,60,64225],"class_list":{"0":"post-550793","1":"post","2":"type-post","3":"status-publish","4":"format-standard","5":"has-post-thumbnail","7":"category-football","8":"tag-accroche","9":"tag-angouleme","10":"tag-chute","11":"tag-dans","12":"tag-demarre","13":"tag-devant","14":"tag-devenir","15":"tag-football","16":"tag-fort","17":"tag-fr","18":"tag-france","19":"tag-girondins","20":"tag-incline","21":"tag-journee","22":"tag-leader","23":"tag-leaders","24":"tag-malo","25":"tag-national","26":"tag-peuvent","27":"tag-poitiers","28":"tag-poule","29":"tag-pourtant","30":"tag-roche","31":"tag-saint","32":"tag-sports","33":"tag-tandis"},"share_on_mastodon":{"url":"https:\/\/pubeurope.com\/@fr\/115592100447901623","error":""},"_links":{"self":[{"href":"https:\/\/www.europesays.com\/fr\/wp-json\/wp\/v2\/posts\/550793","targetHints":{"allow":["GET"]}}],"collection":[{"href":"https:\/\/www.europesays.com\/fr\/wp-json\/wp\/v2\/posts"}],"about":[{"href":"https:\/\/www.europesays.com\/fr\/wp-json\/wp\/v2\/types\/post"}],"author":[{"embeddable":true,"href":"https:\/\/www.europesays.com\/fr\/wp-json\/wp\/v2\/users\/2"}],"replies":[{"embeddable":true,"href":"https:\/\/www.europesays.com\/fr\/wp-json\/wp\/v2\/comments?post=550793"}],"version-history":[{"count":0,"href":"https:\/\/www.europesays.com\/fr\/wp-json\/wp\/v2\/posts\/550793\/revisions"}],"wp:featuredmedia":[{"embeddable":true,"href":"https:\/\/www.europesays.com\/fr\/wp-json\/wp\/v2\/media\/311389"}],"wp:attachment":[{"href":"https:\/\/www.europesays.com\/fr\/wp-json\/wp\/v2\/media?parent=550793"}],"wp:term":[{"taxonomy":"category","embeddable":true,"href":"https:\/\/www.europesays.com\/fr\/wp-json\/wp\/v2\/categories?post=550793"},{"taxonomy":"post_tag","embeddable":true,"href":"https:\/\/www.europesays.com\/fr\/wp-json\/wp\/v2\/tags?post=550793"}],"curies":[{"name":"wp","href":"https:\/\/api.w.org\/{rel}","templated":true}]}}