{"id":550794,"date":"2025-11-22T07:10:14","date_gmt":"2025-11-22T07:10:14","guid":{"rendered":"https:\/\/www.europesays.com\/fr\/550794\/"},"modified":"2025-11-22T07:10:14","modified_gmt":"2025-11-22T07:10:14","slug":"a-62-et-78-ans-un-bebe-en-route-pour-2027-apres-leur-histoire-singuliere","status":"publish","type":"post","link":"https:\/\/www.europesays.com\/fr\/550794\/","title":{"rendered":"\u00e0 62 et 78 ans, un b\u00e9b\u00e9 en route pour 2027 apr\u00e8s leur \u00ab\u00a0histoire singuli\u00e8re\u00a0\u00bb"},"content":{"rendered":"<p>L&rsquo;amour traverse parfois les d\u00e9cennies avant de s&rsquo;\u00e9panouir<br \/>\npleinement sous les feux des projecteurs m\u00e9diatiques. Apr\u00e8s<br \/>\nquarante ans d&rsquo;une amiti\u00e9 ind\u00e9fectible, <strong>deux figures<br \/>\nembl\u00e9matiques<\/strong> de la t\u00e9l\u00e9vision fran\u00e7aise ont officialis\u00e9<br \/>\nleur union. Cette complicit\u00e9 \u00e9vidente donne aujourd&rsquo;hui naissance \u00e0<br \/>\nune aventure in\u00e9dite qui ravira certainement leurs nombreux<br \/>\nadmirateurs.<\/p>\n<p>Le c\u00e9l\u00e8bre couple d&rsquo;animateurs pr\u00e9pare actuellement une surprise<br \/>\nde taille pour le mois de janvier 2027. <strong>Sophie<br \/>\nDavant<\/strong> et <strong>William Leymergie<\/strong> concr\u00e9tisent<br \/>\nenfin leur idylle avec un projet artistique commun tr\u00e8s<br \/>\nattendu.<\/p>\n<p>Une relation apais\u00e9e et sans pression pour Sophie Davant<\/p>\n<p>Il y a quelque temps, l&rsquo;animatrice a partag\u00e9 des <a href=\"https:\/\/www.melty.fr\/people\/sophie-davant-evoque-sa-relation-avec-william-leymergie-notre-couple-est-2217259.html\" target=\"_blank\" rel=\"noopener\"><br \/>\nconfidences touchantes dans les colonnes de Paris Match<\/a>. Elle a<br \/>\nd\u00e9crit avec sinc\u00e9rit\u00e9 la nature de ses sentiments profonds envers<br \/>\nson partenaire de longue date. <strong>Sophie Davant<\/strong> a<br \/>\nainsi d\u00e9clar\u00e9 : \u00ab Je ne qualifierais pas notre amour de<br \/>\npassionnel \u00bb. Elle a pr\u00e9cis\u00e9 que leur \u00ab amour est empreint<br \/>\nde sagesse \u00bb car ils ont d\u00e9j\u00e0 v\u00e9cu la passion. Ils<br \/>\nprivil\u00e9gient d\u00e9sormais la douceur d&rsquo;une entente parfaite plut\u00f4t que<br \/>\nles tourments des sentiments exalt\u00e9s.<\/p>\n<p>Ils ont choisi de profiter du meilleur sans s&rsquo;imposer de<br \/>\ncontraintes inutiles au quotidien. L&rsquo;animatrice a soulign\u00e9 qu&rsquo;ils<br \/>\nn&rsquo;ont \u00ab pas de famille \u00e0 fonder, plus rien \u00e0 se prouver \u00bb.<br \/>\n<strong>Sophie Davant<\/strong> voit leur couple comme une \u00ab<br \/>\ncommunion de deux ind\u00e9pendances \u00bb et a m\u00eame \u00e9voqu\u00e9 le<br \/>\n<strong>mariage<\/strong>. Ce projet leur permettrait de \u00ab<br \/>\nrassembler nos amis pour faire une f\u00eate \u00bb joyeuse et<br \/>\nconviviale. Cette harmonie paisible contraste pourtant avec<br \/>\ncertaines apparitions publiques beaucoup plus surprenantes et<br \/>\nd\u00e9cal\u00e9es du duo.<\/p>\n<p>L&rsquo;\u00e9tonnante lecture \u00e9rotique de William Leymergie en<br \/>\ndirect<\/p>\n<p>Invit\u00e9 sur le plateau de <strong>C \u00e0 vous<\/strong>,<br \/>\n<strong>William Leymergie<\/strong> a <a href=\"https:\/\/www.melty.fr\/people\/en-couple-avec-sophie-davant-william-leymergie-surprend-lentre-cuisse-de-2220512.html\" target=\"_blank\" rel=\"noopener\"><br \/>\ntotalement d\u00e9stabilis\u00e9 l&rsquo;\u00e9quipe pr\u00e9sente<\/a>. Apr\u00e8s un premier<br \/>\nrefus, il a fini par accepter la demande audacieuse<br \/>\nd&rsquo;Anne-\u00c9lisabeth Lemoine. Le compagnon de <strong>Sophie<br \/>\nDavant<\/strong> a lu un passage tr\u00e8s explicite de son propre roman.<br \/>\nIl a narr\u00e9 comment la baronne \u00ab saisit l&rsquo;entre-cuisse de Mauro<br \/>\n\u00bb avant de d\u00e9faire sa robe. L&rsquo;ancien pr\u00e9sentateur de<br \/>\n<strong>T\u00e9l\u00e9matin<\/strong> a m\u00eame accompagn\u00e9 sa lecture de<br \/>\nbruitages pour rendre le moment immersif.<\/p>\n<p>Patrick Cohen a r\u00e9v\u00e9l\u00e9 avec humour que sa compagne avait d\u00e9j\u00e0 lu<br \/>\nce passage dix fois. Amus\u00e9e par la situation, <strong>Sophie<br \/>\nDavant<\/strong> a lanc\u00e9 un spontan\u00e9 \u00ab Qu&rsquo;il est b\u00eate ! \u00bb<br \/>\nen riant. Cette s\u00e9quence m\u00e9morable a provoqu\u00e9 l&rsquo;hilarit\u00e9 g\u00e9n\u00e9rale<br \/>\nmalgr\u00e9 les tentatives vaines de l&rsquo;animatrice pour rester s\u00e9rieuse.<br \/>\nLes chroniqueurs ont d&rsquo;ailleurs multipli\u00e9 les taquineries envers le<br \/>\n<strong>couple<\/strong> durant toute la dur\u00e9e de l&rsquo;\u00e9mission.<br \/>\nAu-del\u00e0 de ces moments l\u00e9gers, les deux tourtereaux pr\u00e9parent<br \/>\nactivement une \u00e9ch\u00e9ance bien plus s\u00e9rieuse.<\/p>\n<p>Sophie Davant et son compagnon bient\u00f4t<br \/>\nr\u00e9unis sur sc\u00e8ne<\/p>\n<p><strong>William Leymergie<\/strong> et sa compagne ne cachent<br \/>\nplus leur bonheur et annoncent une grande nouvelle. Le magazine<br \/>\n<a href=\"https:\/\/www.public.fr\/william-leymergie-et-sophie-davant-leur-nouveau-bebe-pour-2027\" rel=\"nofollow noopener\" target=\"_blank\"><strong>Public<\/strong><\/a> a r\u00e9v\u00e9l\u00e9 qu&rsquo;ils<br \/>\npr\u00e9parent un \u00ab b\u00e9b\u00e9 \u00bb th\u00e9\u00e2tral pour janvier 2027. Leur<br \/>\nproducteur a confirm\u00e9 \u00e0 l&rsquo;AFP qu&rsquo;ils monteront ensemble sur les<br \/>\nplanches dans la pi\u00e8ce <strong>Replay<\/strong>. Ce spectacle<br \/>\ns&rsquo;inspire directement de \u00ab leur histoire d&rsquo;amour avec le public<br \/>\nqui dure depuis plus de 40 ans \u00bb.<\/p>\n<p>Cette pi\u00e8ce \u00e9crite par Lorraine L\u00e9vy mettra en sc\u00e8ne leur lien<br \/>\nunique m\u00ealant vie priv\u00e9e et professionnelle. <strong>Sophie<br \/>\nDavant<\/strong> et son partenaire raconteront cette \u00ab histoire<br \/>\nsinguli\u00e8re \u00bb n\u00e9e d&rsquo;une longue et solide amiti\u00e9. Les<br \/>\nspectateurs d\u00e9couvriront des tableaux \u00ab libres, ludiques,<br \/>\ninattendus \u00bb rappelant le c\u00e9l\u00e8bre film <strong>Quand Harry<br \/>\nrencontre Sally<\/strong>. Ce retour attendu comblera le vide laiss\u00e9<br \/>\npar leur absence actuelle des \u00e9crans de t\u00e9l\u00e9vision.<\/p>\n","protected":false},"excerpt":{"rendered":"L&rsquo;amour traverse parfois les d\u00e9cennies avant de s&rsquo;\u00e9panouir pleinement sous les feux des projecteurs m\u00e9diatiques. Apr\u00e8s quarante ans&hellip;\n","protected":false},"author":2,"featured_media":550795,"comment_status":"","ping_status":"","sticky":false,"template":"","format":"standard","meta":{"footnotes":""},"categories":[1359],"tags":[1102,21303,58,59,1011,27,973,32401],"class_list":{"0":"post-550794","1":"post","2":"type-post","3":"status-publish","4":"format-standard","5":"has-post-thumbnail","7":"category-people","8":"tag-breakingnews","9":"tag-buzz_nonli","10":"tag-divertissement","11":"tag-entertainment","12":"tag-fr","13":"tag-france","14":"tag-people","15":"tag-sophie-davant"},"share_on_mastodon":{"url":"https:\/\/pubeurope.com\/@fr\/115592103638705070","error":""},"_links":{"self":[{"href":"https:\/\/www.europesays.com\/fr\/wp-json\/wp\/v2\/posts\/550794","targetHints":{"allow":["GET"]}}],"collection":[{"href":"https:\/\/www.europesays.com\/fr\/wp-json\/wp\/v2\/posts"}],"about":[{"href":"https:\/\/www.europesays.com\/fr\/wp-json\/wp\/v2\/types\/post"}],"author":[{"embeddable":true,"href":"https:\/\/www.europesays.com\/fr\/wp-json\/wp\/v2\/users\/2"}],"replies":[{"embeddable":true,"href":"https:\/\/www.europesays.com\/fr\/wp-json\/wp\/v2\/comments?post=550794"}],"version-history":[{"count":0,"href":"https:\/\/www.europesays.com\/fr\/wp-json\/wp\/v2\/posts\/550794\/revisions"}],"wp:featuredmedia":[{"embeddable":true,"href":"https:\/\/www.europesays.com\/fr\/wp-json\/wp\/v2\/media\/550795"}],"wp:attachment":[{"href":"https:\/\/www.europesays.com\/fr\/wp-json\/wp\/v2\/media?parent=550794"}],"wp:term":[{"taxonomy":"category","embeddable":true,"href":"https:\/\/www.europesays.com\/fr\/wp-json\/wp\/v2\/categories?post=550794"},{"taxonomy":"post_tag","embeddable":true,"href":"https:\/\/www.europesays.com\/fr\/wp-json\/wp\/v2\/tags?post=550794"}],"curies":[{"name":"wp","href":"https:\/\/api.w.org\/{rel}","templated":true}]}}