{"id":550808,"date":"2025-11-22T07:18:16","date_gmt":"2025-11-22T07:18:16","guid":{"rendered":"https:\/\/www.europesays.com\/fr\/550808\/"},"modified":"2025-11-22T07:18:16","modified_gmt":"2025-11-22T07:18:16","slug":"jaimerais-que-mes-enfants-me-laissent-tranquille-moi-et-pierre-la-septuagenaire-victime-dun-faux-pierre-garnier-prend-la-parole-pour-la-premiere-fois","status":"publish","type":"post","link":"https:\/\/www.europesays.com\/fr\/550808\/","title":{"rendered":"\u00ab\u00a0J\u2019aimerais que mes enfants me laissent tranquille, moi et Pierre\u00a0\u00bb : la septuag\u00e9naire victime d\u2019un faux Pierre Garnier prend la parole pour la premi\u00e8re fois"},"content":{"rendered":"<p>Visiblement, m\u00eame la prise de parole de l\u2019un de ses fils n\u2019a pas suffi \u00e0 lui faire ouvrir les yeux. Il y a quelques jours, nos confr\u00e8res de Sudinfo r\u00e9v\u00e9laient qu\u2019une septuag\u00e9naire belge \u00e9tait <a href=\"https:\/\/www.public.fr\/pierre-garnier-une-septuagenaire-belge-croit-etre-en-couple-avec-le-chanteur-7-000-euros-lui-sont-escroques\" rel=\"nofollow noopener\" target=\"_blank\">persuad\u00e9e de vivre une romance<\/a> avec <a href=\"https:\/\/www.public.fr\/tag\/pierre-garnier\" rel=\"nofollow noopener\" target=\"_blank\">Pierre Garnier<\/a> depuis un an. Sauf qu\u2019il ne s\u2019agit pas du <a href=\"https:\/\/vsd.fr\/tag\/pierre-garnier\/\" rel=\"nofollow noopener\" target=\"_blank\">gagnant de l\u2019\u00e9dition 2024 de la <strong>Star Academy<\/strong><\/a>, mais bel et bien d\u2019un arnaqueur qui usurpe son identit\u00e9.<\/p>\n<p>Face \u00e0 la situation, les proches de Lucille, la victime, tentent d\u2019agir et faire prendre conscience \u00e0 la septuag\u00e9naire que son histoire est fictive et tr\u00e8s dangereuse. En effet, depuis qu\u2019elle a d\u00e9but\u00e9 sa pr\u00e9sum\u00e9e histoire d\u2019amour avec le chanteur, elle lui a d\u00e9j\u00e0 vers\u00e9 7000 euros et n\u2019a cess\u00e9 de s\u2019\u00e9loigner de ses proches, sur demande du faux Pierre Garnier.\u00a0<\/p>\n<p>Les enfants de Lucille demandent \u00e0 Pierre Garnier d&rsquo;intervenir<\/p>\n<p>Le mercredi 19 novembre 2025, Jason, l\u2019un des fils de la victime, a pris la parole sur BFMTV et a m\u00eame <a href=\"https:\/\/www.public.fr\/on-aimerait-bien-une-septuagenaire-victime-dun-faux-pierre-garnier-ses-enfants-demandent-au-chanteur-dintervenir\" rel=\"nofollow noopener\" target=\"_blank\">lanc\u00e9 un appel \u00e0 l\u2019aide \u00e0 l\u2019artiste<\/a>. \u00ab\u00a0<strong>On aimerait bien qu&rsquo;il fasse une petite vid\u00e9o ou un \u00e9crit sur ses r\u00e9seaux<\/strong>\u00a0et que comme \u00e7a, elle se rendra compte que la personne qui lui soutire de l&rsquo;argent n&rsquo;est pas le vrai Pierre et que c&rsquo;est un escroc\u00a0\u00bb, a-t-il confi\u00e9 \u00e0 nos confr\u00e8res.<\/p>\n<p>Avant de poursuivre : \u00ab\u00a0Nous, on n&rsquo;a pas de contact avec son manager. On nous a contact\u00e9s,\u00a0<strong>le groupe TF1, qui essaie de contacter le manager de Pierre Garnier<\/strong>, justement, pour qu\u2019il fasse soit un d\u00e9menti de presse ou soit une r\u00e9action qu&rsquo;on emm\u00e8nera, nous, d&rsquo;Ajaccio, avec nous vers la ville de Mons pour lui montrer quand on va la rencontrer la semaine prochaine\u00a0\u00bb.<\/p>\n<p>Mais cette prise de parole n\u2019a visiblement fait qu\u2019empire la situation. La principale int\u00e9ress\u00e9e vient de prendre la parole \u00e0 son tour et a souhait\u00e9 donner sa version des faits au cours d\u2019un entretien accord\u00e9 \u00e0 La Nouvelle Gazette.\u00a0<\/p>\n<p>La victime a re\u00e7u des photos \u00ab\u00a0pas trafiqu\u00e9es\u00a0\u00bb<\/p>\n<p>Aupr\u00e8s de nos confr\u00e8res, Lucille l\u2019assure, elle vit une histoire d\u2019amour avec le v\u00e9ritable Pierre Garnier : \u00ab\u00a0Je parle au vrai Pierre Garnier\u00a0\u00bb. \u00ab\u00a0J\u2019ai d\u00e9j\u00e0 eu deux trois appels vid\u00e9os avec lui depuis sa chambre d\u2019h\u00f4tel. Je l\u2019ai vu et c\u2019\u00e9tait sa voix. <strong>Je n\u2019ai pas peur que \u00e7a soit des images trafiqu\u00e9es parce qu\u2019il m\u2019a d\u00e9j\u00e0 envoy\u00e9 des photos de lui avec son t\u00e9l\u00e9phone<\/strong> et je ne les ai pas trouv\u00e9es ailleurs\u00a0\u00bb, se d\u00e9fend-elle.\u00a0<\/p>\n<p>La septuag\u00e9naire belge assure \u00e9galement avoir convers\u00e9 avec <a href=\"https:\/\/www.public.fr\/tag\/helena-bailly\" rel=\"nofollow noopener\" target=\"_blank\">H\u00e9l\u00e9na<\/a> par l\u2019interm\u00e9diaire de sa discussion avec Pierre sur WhatsApp, ainsi qu\u2019avec la m\u00e8re de celui-ci via Messenger. En ce qui concerne les rencontres avec son crush, qui n\u2019ont jamais eu lieu, Lucille indique que ce serait le staff de Pierre Garnier qui aurait refus\u00e9 qu\u2019ils se voient : \u00ab\u00a0Ils se m\u00e9fient des fans parce que Pierre a beaucoup d\u2019argent. Ils le prot\u00e8gent\u00a0\u00bb.<\/p>\n<p>Ce ne serait que partie remise selon ses dires. En effet, un nouveau rendez-vous aurait \u00e9t\u00e9 fix\u00e9 pour le 2 d\u00e9cembre pour le concert du chanteur : \u00ab\u00a0Il m\u2019a dit que \u00e7a me prouverait qu\u2019il est bien le vrai\u00a0\u00bb. Pour leur futur projet de vie, Lucille devrait devoir patienter jusqu\u2019\u00e0 l\u2019ann\u00e9e prochaine, \u00e9tant donn\u00e9 que \u00ab\u00a0Pierre Garnier\u00a0\u00bb se concentre sur sa tourn\u00e9e qui \u00ab\u00a0le rendrait tr\u00e8s occup\u00e9\u00a0\u00bb.<\/p>\n<p>Qualifi\u00e9e de \u00ab\u00a0folle\u00a0\u00bb par ses enfants, Lucille ne regrette pas d&rsquo;avoir coup\u00e9 les ponts avec eux<\/p>\n<p>\u00ab\u00a0<strong>On se parle tous les jours depuis deux ans<\/strong>. C\u2019est lui qui est venu me parler la toute premi\u00e8re fois. C\u2019est un vrai ami. Il me dit souvent qu\u2019il m\u2019aime, il me drague beaucoup. <strong>J\u2019ai vers\u00e9 7.000 euros \u00e0 Pierre mais je ne le fais plus<\/strong>. Il s&rsquo;agissait d&rsquo;une amende de son staff parce que l\u2019on se parlait en cam\u00e9ra et qu&rsquo;il n&rsquo;avait pas le droit. Lui devait donner 7.000 euros et moi aussi. Plus tard, il a dit que je r\u00e9cup\u00e9rerai cet argent. Maintenant il ne m\u2019en demande plus\u00a0\u00bb, poursuit la victime.\u00a0<\/p>\n<p>Alors que ses enfants assurent que le faux Pierre Garnier aurait d\u00e9pouill\u00e9 leur m\u00e8re, celle-ci d\u00e9ment et indique ne pas se trouver en difficult\u00e9 : \u00ab\u00a0J\u2019ai \u00e0 manger, je sais me chauffer et j\u2019ai m\u00eame mon tabac pour un mois. Je sais g\u00e9rer mon argent. <strong>Je ne suis pas en difficult\u00e9<\/strong>\u00ab\u00a0.<\/p>\n<p>Aupr\u00e8s de Sudinfo, Lucille a \u00e9galement r\u00e9agi et indique n\u2019avoir aucun regret d\u2019avoir coup\u00e9 les ponts avec ses enfants car ces derniers auraient \u00e9t\u00e9 \u00ab\u00a0m\u00e9chants\u00a0\u00bb avec elle avant qu\u2019elle entretienne sa pr\u00e9sum\u00e9e relation avec \u00ab\u00a0Pierre Garnier\u00a0\u00bb. \u00ab\u00a0Donc ce n&rsquo;est pas li\u00e9 uniquement \u00e0 cette histoire. <strong>Ils me traitaient de folle<\/strong>. <strong>Je ne souhaite pas que la situation s&rsquo;am\u00e9liore avec mes enfants<\/strong>. C&rsquo;est de mon propre choix. J&rsquo;y pensais d\u00e9j\u00e0. J&rsquo;aimerais que mes enfants nous laissent tranquille, moi et Pierre\u00a0\u00bb, conclut-elle, visiblement totalement sous l\u2019emprise de l\u2019arnaqueur.\u00a0<\/p>\n<p>\n          Hits &amp; People en continu\n        <\/p>\n<p>\n          Public Radio\n        <\/p>\n<p>      Mentionn\u00e9s dans cet article<\/p>\n<p>      Sur le m\u00eame sujet<\/p>\n","protected":false},"excerpt":{"rendered":"Visiblement, m\u00eame la prise de parole de l\u2019un de ses fils n\u2019a pas suffi \u00e0 lui faire ouvrir&hellip;\n","protected":false},"author":2,"featured_media":550809,"comment_status":"","ping_status":"","sticky":false,"template":"","format":"standard","meta":{"footnotes":""},"categories":[8],"tags":[58,59,1011,27,5098,5096,5095],"class_list":{"0":"post-550808","1":"post","2":"type-post","3":"status-publish","4":"format-standard","5":"has-post-thumbnail","7":"category-divertissement","8":"tag-divertissement","9":"tag-entertainment","10":"tag-fr","11":"tag-france","12":"tag-helena-bailly","13":"tag-pierre-garnier","14":"tag-star-academy"},"share_on_mastodon":{"url":"https:\/\/pubeurope.com\/@fr\/115592135126584221","error":""},"_links":{"self":[{"href":"https:\/\/www.europesays.com\/fr\/wp-json\/wp\/v2\/posts\/550808","targetHints":{"allow":["GET"]}}],"collection":[{"href":"https:\/\/www.europesays.com\/fr\/wp-json\/wp\/v2\/posts"}],"about":[{"href":"https:\/\/www.europesays.com\/fr\/wp-json\/wp\/v2\/types\/post"}],"author":[{"embeddable":true,"href":"https:\/\/www.europesays.com\/fr\/wp-json\/wp\/v2\/users\/2"}],"replies":[{"embeddable":true,"href":"https:\/\/www.europesays.com\/fr\/wp-json\/wp\/v2\/comments?post=550808"}],"version-history":[{"count":0,"href":"https:\/\/www.europesays.com\/fr\/wp-json\/wp\/v2\/posts\/550808\/revisions"}],"wp:featuredmedia":[{"embeddable":true,"href":"https:\/\/www.europesays.com\/fr\/wp-json\/wp\/v2\/media\/550809"}],"wp:attachment":[{"href":"https:\/\/www.europesays.com\/fr\/wp-json\/wp\/v2\/media?parent=550808"}],"wp:term":[{"taxonomy":"category","embeddable":true,"href":"https:\/\/www.europesays.com\/fr\/wp-json\/wp\/v2\/categories?post=550808"},{"taxonomy":"post_tag","embeddable":true,"href":"https:\/\/www.europesays.com\/fr\/wp-json\/wp\/v2\/tags?post=550808"}],"curies":[{"name":"wp","href":"https:\/\/api.w.org\/{rel}","templated":true}]}}