{"id":550812,"date":"2025-11-22T07:20:20","date_gmt":"2025-11-22T07:20:20","guid":{"rendered":"https:\/\/www.europesays.com\/fr\/550812\/"},"modified":"2025-11-22T07:20:20","modified_gmt":"2025-11-22T07:20:20","slug":"je-ne-pensais-pas-etre-en-dessous-le-nouveau-seuil-2025-relance-le-debat-sur-la-vraie-classe-moyenne","status":"publish","type":"post","link":"https:\/\/www.europesays.com\/fr\/550812\/","title":{"rendered":"\u00ab Je ne pensais pas \u00eatre en dessous \u00bb : le nouveau seuil 2025 relance le d\u00e9bat sur la vraie classe moyenne"},"content":{"rendered":"<p>En plein automne 2025, alors que l&rsquo;heure d&rsquo;hiver nous fait rentrer plus t\u00f4t chez soi et que la lumi\u00e8re se fait rare, une autre ombre s&rsquo;est invit\u00e9e dans le quotidien de millions de Fran\u00e7ais : celle d&rsquo;une nouvelle fronti\u00e8re sociale. La publication des seuils actualis\u00e9s pour d\u00e9finir la classe moyenne a fait tomber bien des certitudes. Entre stupeur et remise en question, beaucoup s&rsquo;interrogent : <strong>et si la classe moyenne n&rsquo;\u00e9tait plus ce cocon rassurant o\u00f9 chacun pensait se retrouver<\/strong> ? Apr\u00e8s des ann\u00e9es d&rsquo;inflation, de hausse des charges et de recomposition sociale, la cartographie du niveau de vie en France conna\u00eet un v\u00e9ritable bouleversement, qui pourrait bien changer le regard que chacun porte sur sa propre situation\u2026 et sur celle des autres.<\/p>\n<p>Quand les chiffres tombent : le choc des nouveaux seuils de revenu en 2025<\/p>\n<p>Fin octobre, une nouvelle grille s&rsquo;est abattue sur la soci\u00e9t\u00e9 fran\u00e7aise, d\u00e9coupant avec une pr\u00e9cision redoutable les revenus des m\u00e9nages d&rsquo;aujourd&rsquo;hui. L&rsquo;annonce du <strong>nouveau seuil 2025<\/strong> s&rsquo;est impos\u00e9e comme un thermom\u00e8tre social inattendu, obligeant chacun \u00e0 se situer, parfois \u00e0 contre-c\u0153ur, face \u00e0 des chiffres qui ne pardonnent pas.<\/p>\n<p>L&rsquo;Observatoire des in\u00e9galit\u00e9s et sa m\u00e9thode : qui d\u00e9cide o\u00f9 commence la classe moyenne ?<\/p>\n<p>Mais qui fixe, au fond, ces lignes de partage ? La r\u00e9ponse tient en une institution : <strong>l&rsquo;Observatoire des in\u00e9galit\u00e9s<\/strong>. Sa grille, d\u00e9sormais incontournable, s&rsquo;appuie sur une m\u00e9thodologie aff\u00fbt\u00e9e : elle prend en compte le niveau de vie, c&rsquo;est-\u00e0-dire le revenu r\u00e9ellement disponible, une fois les imp\u00f4ts pay\u00e9s et les prestations sociales per\u00e7ues, ajust\u00e9 selon la taille du foyer.<\/p>\n<p>Les seuils annonc\u00e9s en 2025 ne tiennent donc pas seulement compte d&rsquo;un salaire brut, mais du <strong>ressenti net au portefeuille<\/strong> chaque mois, permettant ainsi de mieux coller \u00e0 la r\u00e9alit\u00e9 v\u00e9cue, loin des abstractions statistiques.<\/p>\n<p>La classe moyenne ? Loin d&rsquo;un pur d\u00e9coupage en trois tiers de la population, elle correspond d\u00e9sormais \u00e0 ce qui se situe entre les 30 % les plus modestes et les 20 % les plus ais\u00e9s. \u00c0 chaque configuration de famille, sa fourchette. Et l\u00e0, tout change.<\/p>\n<p>Entre mythes, attentes et r\u00e9alit\u00e9s : l&rsquo;effet des seuils sur la perception de sa place<\/p>\n<p>De nombreuses personnes se croyaient situ\u00e9es au centre du spectre social, mais la r\u00e9alit\u00e9 num\u00e9rique bouscule les repr\u00e9sentations. Inutile de se mentir : <strong>se voir \u00ab\u00a0en dessous\u00a0\u00bb ou \u00ab\u00a0au-dessus\u00a0\u00bb du seuil n&rsquo;a rien d&rsquo;anodin<\/strong>. Les attentes, souvent forg\u00e9es par des ann\u00e9es de discours politiques sur la \u00ab\u00a0France du milieu\u00a0\u00bb, r\u00e9sistent mal devant la clart\u00e9 froide de ces nouveaux rep\u00e8res.<\/p>\n<p><strong>Tableau des seuils de la classe moyenne en 2025 (revenu mensuel net apr\u00e8s imp\u00f4ts et prestations sociales) :<\/strong><\/p>\n<tr>\nConfiguration familiale<br \/>\nSeuil de pauvret\u00e9 (\u2248 50 % du m\u00e9dian)<br \/>\nClasse moyenne (min)<br \/>\nClasse moyenne (max)<br \/>\nSeuil d&rsquo;aisance<br \/>\n<\/tr>\n<tr>\n<td>Personne seule<\/td>\n<td>~1 073 \u20ac<\/td>\n<td>1 683 \u20ac<\/td>\n<td>3 119 \u20ac<\/td>\n<td>&gt;3 119 \u20ac<\/td>\n<\/tr>\n<tr>\n<td>Couple sans enfant<\/td>\n<td>~1 610 \u20ac<\/td>\n<td>2 522 \u20ac<\/td>\n<td>4 676 \u20ac<\/td>\n<td>&gt;4 676 \u20ac<\/td>\n<\/tr>\n<tr>\n<td>Couple avec 2 ados<\/td>\n<td>~2 894 \u20ac<\/td>\n<td>4 532 \u20ac<\/td>\n<td>8 404 \u20ac<\/td>\n<td>&gt;8 404 \u20ac<\/td>\n<\/tr>\n<p>Ces montants illustrent la <strong>diversit\u00e9 forte selon la composition du foyer<\/strong>, et traduisent l&rsquo;importance du logement, du co\u00fbt de la vie et du poids souvent cach\u00e9 des d\u00e9penses contraintes.<\/p>\n<p>\u00ab Je ne pensais pas \u00eatre en dessous \u00bb : la d\u00e9couverte brutale d&rsquo;un d\u00e9classement<\/p>\n<p>La publication des nouveaux seuils a, pour certains, fait l&rsquo;effet d&rsquo;un froid de novembre qui s&rsquo;invite sans pr\u00e9venir. Travailleurs \u00e0 temps plein, parents en CDI, jeunes couples install\u00e9s\u2026 Ils \u00e9taient persuad\u00e9s d&rsquo;appartenir \u00e0 la cat\u00e9gorie \u00ab\u00a0moyenne\u00a0\u00bb \u2014 celle que, depuis tout petits, on leur promettait comme le <strong>c\u0153ur stable de la soci\u00e9t\u00e9<\/strong>.<\/p>\n<p>T\u00e9moignages et r\u00e9actions : la surprise d&rsquo;appartenir \u00e0 une nouvelle cat\u00e9gorie<\/p>\n<p>Au coin du zinc, devant la machine \u00e0 caf\u00e9 ou sur les r\u00e9seaux sociaux, les conversations bruissent de l&rsquo;\u00e9tonnement des Fran\u00e7ais qui, \u00e0 la lecture des seuils, se d\u00e9couvrent \u00ab\u00a0en dessous\u00a0\u00bb ou, \u00e0 l&rsquo;inverse, \u00ab\u00a0dans les cat\u00e9gories ais\u00e9es\u00a0\u00bb. Le sentiment dominant reste la surprise, voire un certain d\u00e9sarroi.<\/p>\n<p>Cette red\u00e9couverte brutale de sa place r\u00e9elle dans l&rsquo;\u00e9chelle sociale est d&rsquo;autant plus ressentie que les r\u00e9f\u00e9rents changent tr\u00e8s vite : <strong>l&rsquo;inflation, le co\u00fbt du logement, la mont\u00e9e des prix du quotidien ont modifi\u00e9 la perception du \u00ab\u00a0confort moyen\u00a0\u00bb<\/strong>.<\/p>\n<p>Les seuils, miroir des tensions sociales et \u00e9conomiques actuelles<\/p>\n<p>\u00catre ou ne plus \u00eatre \u00ab\u00a0classe moyenne\u00a0\u00bb n&rsquo;est pas qu&rsquo;un sujet de conversation anodin. C&rsquo;est le miroir d&rsquo;une soci\u00e9t\u00e9 tiraill\u00e9e : <strong>endettement croissant, ins\u00e9curit\u00e9 professionnelle, difficult\u00e9s \u00e0 joindre les deux bouts<\/strong>\u2026 les rep\u00e8res bougent, et avec eux, la capacit\u00e9 \u00e0 se projeter sereinement dans l&rsquo;avenir. Toute modification de ces seuils ravive les d\u00e9bats sur la r\u00e9partition des efforts, la solidarit\u00e9 nationale, la justice fiscale. Et la courbe des discussions \u00e0 la fran\u00e7aise n&rsquo;a pas fini de grimper !<\/p>\n<p>La classe moyenne, une fronti\u00e8re mouvante : beaucoup s&rsquo;y reconnaissent, peu s&rsquo;y retrouvent<\/p>\n<p>En France, plus qu&rsquo;ailleurs peut-\u00eatre, l&rsquo;appartenance \u00e0 la \u00ab\u00a0classe moyenne\u00a0\u00bb rel\u00e8ve d&rsquo;un m\u00e9lange subtil entre ce que l&rsquo;on vit, ce que l&rsquo;on imagine\u2026 et ce que l&rsquo;on voudrait \u00eatre.<\/p>\n<p>Pourquoi la majorit\u00e9 se croit \u00ab classe moyenne \u00bb, m\u00eame en dehors des chiffres<\/p>\n<p>Il suffit de regarder autour de soi : <strong>l&rsquo;immense majorit\u00e9 des Fran\u00e7ais se revendiquent, spontan\u00e9ment, de la classe moyenne<\/strong>. Ce r\u00e9flexe s&rsquo;explique par le poids de l&rsquo;histoire, la volont\u00e9 de ne pas para\u00eetre trop riche ou trop pauvre, mais aussi par les discours politiques cherchant \u00e0 rassembler le plus grand nombre dans ce grand \u00ab\u00a0ventre mou\u00a0\u00bb. Pourtant, chiffres \u00e0 l&rsquo;appui, beaucoup s&rsquo;y reconnaissent sans y correspondre r\u00e9ellement.<\/p>\n<p>Cons\u00e9quences sociales, politiques et psychologiques du nouveau d\u00e9coupage<\/p>\n<p>La cons\u00e9quence ? Un paysage social o\u00f9 l&rsquo;impression d&rsquo;\u00eatre \u00ab\u00a0toujours un peu en dessous\u00a0\u00bb g\u00e9n\u00e8re frustrations et inqui\u00e9tudes. Sur le plan psychologique, certains ressentent un r\u00e9el d\u00e9calage, tandis que d&rsquo;autres s&rsquo;interrogent sur leur avenir ou leurs droits. <strong>Politiquement, ces nouveaux seuils<\/strong> rejaillissent sur les d\u00e9bats sur la fiscalit\u00e9, les prestations sociales, et alimentent le sentiment d&rsquo;injustice ou d&rsquo;abandon.<\/p>\n<p>De nouveaux seuils, des d\u00e9bats relanc\u00e9s : ce que r\u00e9v\u00e8lent les controverses de 2025<\/p>\n<p>L&rsquo;actualisation des seuils ne laisse personne indiff\u00e9rent. Chacun y va de ses calculs, se demandant s&rsquo;il \u00ab\u00a0b\u00e9n\u00e9ficie\u00a0\u00bb de la red\u00e9finition, ou s&rsquo;il en subit les cons\u00e9quences.<\/p>\n<p> \u00c0 qui profitent ou nuisent ces nouveaux jalons de revenus ?<\/p>\n<p><strong>Les seuils 2025 ont des effets concrets<\/strong> : ils peuvent <a href=\"https:\/\/journaldesseniors.20minutes.fr\/argent\/serez-vous-eligible-a-la-prime-dactivite-en-2025-verifiez-les-plafonds-pour-ne-pas-passer-a-cote\/\" target=\"_blank\" rel=\"noopener\">attribuer ou retirer certains droits<\/a>, bousculer l&rsquo;acc\u00e8s \u00e0 des aides, ou modifier l&rsquo;\u00e9ligibilit\u00e9 \u00e0 tel ou tel dispositif. Ils posent \u00e9galement la question de l&rsquo;\u00e9quit\u00e9 entre urbains et ruraux, propri\u00e9taires et locataires, familles et c\u00e9libataires.<\/p>\n<p>Certains y voient une opportunit\u00e9 de remettre \u00e0 plat la redistribution, d&rsquo;autres redoutent des effets pervers : <strong>seuils mal calibr\u00e9s, sentiment d&rsquo;exclusion<\/strong> ou crainte d&rsquo;un tassement du pouvoir d&rsquo;achat.<\/p>\n<p>L&rsquo;enjeu derri\u00e8re les chiffres : redistribution, fiscalit\u00e9 et sentiment d&rsquo;injustice<\/p>\n<p>Derri\u00e8re les tableaux, <strong>ce sont des arbitrages majeurs sur la redistribution des richesses qui se cachent<\/strong>. Selon que l&rsquo;on bascule au-dessus ou en dessous, les droits sociaux, l&rsquo;acc\u00e8s \u00e0 certaines aides ou le niveau d&rsquo;imposition peuvent changer. \u00c0 la cl\u00e9, un d\u00e9bat vif sur l&rsquo;\u00e9quit\u00e9, amplifi\u00e9 par le contexte des derni\u00e8res ann\u00e9es de hausses de prix et d&rsquo;in\u00e9galit\u00e9s territoriales de plus en plus criantes.<\/p>\n<p>La nouvelle cartographie sociale : ce que ces seuils disent (vraiment) de la France d&rsquo;aujourd&rsquo;hui<\/p>\n<p>Difficile de s&rsquo;y retrouver, alors m\u00eame que l&rsquo;apparence du \u00ab\u00a0moyen\u00a0\u00bb ne veut plus dire grand-chose. Ce bouleversement n&rsquo;a rien d&rsquo;anecdotique : il r\u00e9v\u00e8le une <strong>mutation profonde du paysage social hexagonal<\/strong>.<\/p>\n<p> Synth\u00e8se des mutations r\u00e9v\u00e9l\u00e9es par l&rsquo;actualisation des seuils<\/p>\n<p>Une chose saute aux yeux : la stratification se complexifie. La fronti\u00e8re entre classes populaires et classes moyennes devient floue. <strong>La mobilit\u00e9 sociale ralentie<\/strong>, l&rsquo;explosion du co\u00fbt du logement urbain, ou la mont\u00e9e des in\u00e9galit\u00e9s g\u00e9ographiques accentuent cette fragmentation. De nombreuses familles tiraill\u00e9es entre plusieurs \u00ab\u00a0mondes\u00a0\u00bb se reconnaissent d\u00e9sormais dans une zone grise.<\/p>\n<p> Que reste-t-il de la \u00ab vraie \u00bb classe moyenne face \u00e0 la fragmentation sociale ?<\/p>\n<p>La question reste br\u00fblante : existe-t-il encore une \u00ab\u00a0vraie\u00a0\u00bb classe moyenne, socle de stabilit\u00e9 et d&rsquo;ascenseur social ? Ou bien n&rsquo;est-ce plus qu&rsquo;un \u00e9cho nostalgique, une construction mentale ? Dans les faits, <strong>la classe moyenne d&rsquo;aujourd&rsquo;hui s&rsquo;\u00e9tire, se fragmente, se rapproche parfois douloureusement des r\u00e9alit\u00e9s de la pr\u00e9carit\u00e9<\/strong>. Le d\u00e9bat est relanc\u00e9, et l&rsquo;hiver 2025 s&rsquo;annonce dense\u2026 pas seulement c\u00f4t\u00e9 m\u00e9t\u00e9o.<\/p>\n<p>Ces nouveaux seuils bousculent autant parce qu&rsquo;ils confrontent chacun \u00e0 des questions essentielles : o\u00f9 commence la s\u00e9curit\u00e9 \u00e9conomique ? Le sentiment d&rsquo;appartenance \u00e0 la \u00ab\u00a0majorit\u00e9 silencieuse\u00a0\u00bb peut-il r\u00e9sister \u00e0 l&rsquo;\u00e9preuve des chiffres ? De telles interrogations nourriront les r\u00e9flexions collectives sur la promesse d&rsquo;\u00e9galit\u00e9 et de mobilit\u00e9 sociale, <strong>essence m\u00eame de l&rsquo;id\u00e9e fran\u00e7aise de la classe moyenne<\/strong>.<\/p>\n","protected":false},"excerpt":{"rendered":"En plein automne 2025, alors que l&rsquo;heure d&rsquo;hiver nous fait rentrer plus t\u00f4t chez soi et que la&hellip;\n","protected":false},"author":2,"featured_media":550813,"comment_status":"","ping_status":"","sticky":false,"template":"","format":"standard","meta":{"footnotes":""},"categories":[6],"tags":[35,33,34,1011,27,56],"class_list":{"0":"post-550812","1":"post","2":"type-post","3":"status-publish","4":"format-standard","5":"has-post-thumbnail","7":"category-economie","8":"tag-business","9":"tag-economie","10":"tag-economy","11":"tag-fr","12":"tag-france","13":"tag-push"},"share_on_mastodon":{"url":"https:\/\/pubeurope.com\/@fr\/115592142847380320","error":""},"_links":{"self":[{"href":"https:\/\/www.europesays.com\/fr\/wp-json\/wp\/v2\/posts\/550812","targetHints":{"allow":["GET"]}}],"collection":[{"href":"https:\/\/www.europesays.com\/fr\/wp-json\/wp\/v2\/posts"}],"about":[{"href":"https:\/\/www.europesays.com\/fr\/wp-json\/wp\/v2\/types\/post"}],"author":[{"embeddable":true,"href":"https:\/\/www.europesays.com\/fr\/wp-json\/wp\/v2\/users\/2"}],"replies":[{"embeddable":true,"href":"https:\/\/www.europesays.com\/fr\/wp-json\/wp\/v2\/comments?post=550812"}],"version-history":[{"count":0,"href":"https:\/\/www.europesays.com\/fr\/wp-json\/wp\/v2\/posts\/550812\/revisions"}],"wp:featuredmedia":[{"embeddable":true,"href":"https:\/\/www.europesays.com\/fr\/wp-json\/wp\/v2\/media\/550813"}],"wp:attachment":[{"href":"https:\/\/www.europesays.com\/fr\/wp-json\/wp\/v2\/media?parent=550812"}],"wp:term":[{"taxonomy":"category","embeddable":true,"href":"https:\/\/www.europesays.com\/fr\/wp-json\/wp\/v2\/categories?post=550812"},{"taxonomy":"post_tag","embeddable":true,"href":"https:\/\/www.europesays.com\/fr\/wp-json\/wp\/v2\/tags?post=550812"}],"curies":[{"name":"wp","href":"https:\/\/api.w.org\/{rel}","templated":true}]}}