{"id":550816,"date":"2025-11-22T07:22:13","date_gmt":"2025-11-22T07:22:13","guid":{"rendered":"https:\/\/www.europesays.com\/fr\/550816\/"},"modified":"2025-11-22T07:22:13","modified_gmt":"2025-11-22T07:22:13","slug":"la-campagne-des-candidats-chamboulee-apres-le-meurtre-du-frere-damine-kessaci","status":"publish","type":"post","link":"https:\/\/www.europesays.com\/fr\/550816\/","title":{"rendered":"la campagne des candidats chamboul\u00e9e apr\u00e8s le meurtre du fr\u00e8re d\u2019Amine Kessaci"},"content":{"rendered":"<p>\n    <strong>R\u00c9CIT &#8211;<\/strong> \u00c0 quatre mois des \u00e9lections municipales, le narcotrafic, \u00e9tonnement peu pr\u00e9sent jusqu\u2019alors dans la campagne marseillaise, est venu percuter le d\u00e9bat avec l\u2019assassinat de Mehdi Kessaci, dont le fr\u00e8re Amine est connu pour son engagement politique et contre le trafic de drogue.<\/p>\n<p class=\"fig-paragraph\">La date \u00e9tait coch\u00e9e dans les agendas des militants locaux depuis plusieurs semaines. Ce vendredi, la candidate aux municipales Martine Vassal devait officiellement sceller son accord avec le parti d\u2019<a href=\"http:\/\/www.lefigaro.fr\/politique\/presidentielle-2027-edouard-philippe-ne-croit-toujours-pas-a-une-primaire-20251119\" data-fig-type=\"Article\" data-gtm-custom-categorie=\"navigation\" data-gtm-custom-action=\"crossclick\" data-gtm-custom-label=\"Contextuel\" data-gtm-event=\"customEventSPE\" data-fig-domain=\"LEFIGARO\" target=\"_blank\" rel=\"noopener\">\u00c9douard Philippe,\u00a0<\/a><a href=\"http:\/\/www.lefigaro.fr\/marseille\/municipales-2026-a-marseille-martine-vassal-investie-par-horizons-20251105\" data-fig-type=\"NewsFlash\" data-gtm-custom-categorie=\"navigation\" data-gtm-custom-action=\"crossclick\" data-gtm-custom-label=\"Contextuel\" data-gtm-event=\"customEventSPE\" data-fig-domain=\"LEFIGARO\" target=\"_blank\" rel=\"noopener\">Horizons,\u00a0<\/a>dans un restaurant du 4e arrondissement de Marseille, au c\u00f4t\u00e9 du responsable local du parti, Bruno Gilles, et accessoirement son adversaire aux municipales de 2020 avec lequel elle s\u2019est r\u00e9concili\u00e9e.<\/p>\n<p class=\"fig-paragraph\">Mais ce mercredi, l\u2019\u00e9quipe de campagne de Martine Vassal a annonc\u00e9 l\u2019annulation de cet \u00e9v\u00e9nement militant, ainsi que de toutes les \u00abop\u00e9rations de boitage, tractage et affichage de campagne.\u00bb La raison\u00a0? \u00abPar respect pour la famille de\u00a0<a href=\"http:\/\/www.lefigaro.fr\/actualite-france\/mort-de-mehdi-kessaci-face-aux-narcotrafiquants-la-difficile-adaptation-de-la-protection-policiere-pour-les-militants-magistrats-et-elus-20251121\" data-fig-type=\"Article\" data-gtm-custom-categorie=\"navigation\" data-gtm-custom-action=\"crossclick\" data-gtm-custom-label=\"Contextuel\" data-gtm-event=\"customEventSPE\" data-fig-domain=\"LEFIGARO\" target=\"_blank\" rel=\"noopener\">Mehdi Kessaci<\/a> \u00a0et \u00e9tant donn\u00e9 le contexte sensible\u00bb. Une semaine apr\u00e8s le meurtre du fr\u00e8re d\u2019Amine Kessaci, et alors qu\u2019est organis\u00e9 ce samedi un rassemblement \u00e0 la m\u00e9moire du jeune homme, l\u2019onde de choc est bien r\u00e9elle. Il faut dire que la piste avanc\u00e9e par les autorit\u00e9s d\u2019un\u00a0<a href=\"http:\/\/www.lefigaro.fr\/actualite-france\/marseille-face-aux-narcotrafics-et-apres-le-choc-du-crime-d-intimidation-l-elysee-veut-amplifier-la-lutte-20251118\" data-fig-type=\"Article\" data-gtm-custom-categorie=\"navigation\" data-gtm-custom-action=\"crossclick\" data-gtm-custom-label=\"Contextuel\" data-gtm-event=\"customEventSPE\" data-fig-domain=\"LEFIGARO\" target=\"_blank\" rel=\"noopener\">\u00abcrime d\u2019intimidation\u00bb\u00a0<\/a>constitue un tournant aussi in\u00e9dit\u2026<\/p>\n<p class=\"fig-premium-paywall__infos\">\n        Cet article est r\u00e9serv\u00e9 aux abonn\u00e9s.        Il vous reste 81% \u00e0 d\u00e9couvrir.\n    <\/p>\n<p>                <img  data- alt=\"Le Figaro\" class=\"fig-img--complete fig-img\"\/><\/p>\n<p class=\"fig-premium-paywall__title\">Black Friday<\/p>\n<p class=\"fig-premium-paywall__subtitle\">-70% sur l&rsquo;abonnement num\u00e9rique<\/p>\n<p class=\"fig-premium-paywall__connect\">\n                D\u00e9j\u00e0 abonn\u00e9\u00a0?                <a class=\"fig-premium-paywall__connect-link\" href=\"https:\/\/connect.lefigaro.fr\/login?client=horizon_web&amp;type=main&amp;redirect_uri=https%3A%2F%2Fwww.lefigaro.fr%2Fmarseille%2Fmunicipales-a-marseille-la-campagne-des-candidats-chamboulee-apres-le-meurtre-du-frere-d-amine-kessaci-20251122\" data-js-gtm=\"{&quot;customCategorie&quot;: &quot;conversion&quot;, &quot;customAction&quot;: &quot;before_Landing_Connexion_paywall_auto&quot;, &quot;customLabel&quot;: &quot;bGVmaWdhcm8uZnJfXzFmMGM2YzY1LWQ0ZmYtNjIwZS05NTNkLTQ3MWE1NDhmZDEwMV9fTmV3c0ZsYXNo_Municipales \u00e0 Marseille\u00a0: la campagne des candidats chamboul\u00e9e apr\u00e8s le meurtre du fr\u00e8re d\u2019Amine Kessaci_573&quot;, &quot;customIDSPE&quot;: &quot;bGVmaWdhcm8uZnJfXzFmMGM2YzY1LWQ0ZmYtNjIwZS05NTNkLTQ3MWE1NDhmZDEwMV9fTmV3c0ZsYXNo&quot;, &quot;event&quot;: &quot;customEventSPE&quot;}\" target=\"_blank\" rel=\"noopener\"><br \/>\n                    Connectez-vous<br \/>\n                <\/a>\n            <\/p>\n","protected":false},"excerpt":{"rendered":"R\u00c9CIT &#8211; \u00c0 quatre mois des \u00e9lections municipales, le narcotrafic, \u00e9tonnement peu pr\u00e9sent jusqu\u2019alors dans la campagne marseillaise,&hellip;\n","protected":false},"author":2,"featured_media":550817,"comment_status":"","ping_status":"","sticky":false,"template":"","format":"standard","meta":{"footnotes":""},"categories":[4],"tags":[11,6469,1011,27,21363,777,3554,12,25,10338,887],"class_list":{"0":"post-550816","1":"post","2":"type-post","3":"status-publish","4":"format-standard","5":"has-post-thumbnail","7":"category-france","8":"tag-actualites","9":"tag-benoit-payan","10":"tag-fr","11":"tag-france","12":"tag-martine-vassal","13":"tag-meurtre","14":"tag-municipales","15":"tag-news","16":"tag-republique-francaise","17":"tag-sebastien-delogu","18":"tag-trafic-de-drogue"},"share_on_mastodon":{"url":"https:\/\/pubeurope.com\/@fr\/115592150684727096","error":""},"_links":{"self":[{"href":"https:\/\/www.europesays.com\/fr\/wp-json\/wp\/v2\/posts\/550816","targetHints":{"allow":["GET"]}}],"collection":[{"href":"https:\/\/www.europesays.com\/fr\/wp-json\/wp\/v2\/posts"}],"about":[{"href":"https:\/\/www.europesays.com\/fr\/wp-json\/wp\/v2\/types\/post"}],"author":[{"embeddable":true,"href":"https:\/\/www.europesays.com\/fr\/wp-json\/wp\/v2\/users\/2"}],"replies":[{"embeddable":true,"href":"https:\/\/www.europesays.com\/fr\/wp-json\/wp\/v2\/comments?post=550816"}],"version-history":[{"count":0,"href":"https:\/\/www.europesays.com\/fr\/wp-json\/wp\/v2\/posts\/550816\/revisions"}],"wp:featuredmedia":[{"embeddable":true,"href":"https:\/\/www.europesays.com\/fr\/wp-json\/wp\/v2\/media\/550817"}],"wp:attachment":[{"href":"https:\/\/www.europesays.com\/fr\/wp-json\/wp\/v2\/media?parent=550816"}],"wp:term":[{"taxonomy":"category","embeddable":true,"href":"https:\/\/www.europesays.com\/fr\/wp-json\/wp\/v2\/categories?post=550816"},{"taxonomy":"post_tag","embeddable":true,"href":"https:\/\/www.europesays.com\/fr\/wp-json\/wp\/v2\/tags?post=550816"}],"curies":[{"name":"wp","href":"https:\/\/api.w.org\/{rel}","templated":true}]}}