{"id":550819,"date":"2025-11-22T07:25:03","date_gmt":"2025-11-22T07:25:03","guid":{"rendered":"https:\/\/www.europesays.com\/fr\/550819\/"},"modified":"2025-11-22T07:25:03","modified_gmt":"2025-11-22T07:25:03","slug":"loire-stationnement-securite-la-commune-de-saint-priest-en-jarez-ne-veut-plus-payer-seule-pour-intervenir-au-chu","status":"publish","type":"post","link":"https:\/\/www.europesays.com\/fr\/550819\/","title":{"rendered":"Loire. Stationnement, s\u00e9curit\u00e9\u2026 La commune de Saint-Priest-en-Jarez ne veut plus payer seule pour intervenir au CHU"},"content":{"rendered":"<p>\u00ab\u00a0Quand deux de nos policiers municipaux, car ils interviennent toujours par deux, sont mobilis\u00e9s sur le CHU, c\u2019est autant de temps qu\u2019ils ne consacrent pas \u00e0 leurs missions de proximit\u00e9 sur la commune\u00a0\u00bb, souligne le maire de Saint-Priest-en-Jarez, Christian Servant.<\/p>\n<p>Avec 6\u00a0300 habitants, sa commune ne compte que quatre policiers municipaux (lesquels sont arm\u00e9s). Or, ceux-ci sont appel\u00e9s tous les jours ou presque \u00e0 intervenir sur le site du CHU, et plus g\u00e9n\u00e9ralement sur le p\u00f4le sant\u00e9, qui sont domicili\u00e9s sur le territoire mounard. D\u2019abord pour des probl\u00e9matiques li\u00e9es \u00e0 la circulation et au stationnement (qui se sont amplifi\u00e9es, selon Christian Servant, depuis que les parkings sont devenus&#8230;<\/p>\n","protected":false},"excerpt":{"rendered":"\u00ab\u00a0Quand deux de nos policiers municipaux, car ils interviennent toujours par deux, sont mobilis\u00e9s sur le CHU, c\u2019est&hellip;\n","protected":false},"author":2,"featured_media":550820,"comment_status":"","ping_status":"","sticky":false,"template":"","format":"standard","meta":{"footnotes":""},"categories":[9653],"tags":[1111,11,2430,7539,1777,674,107,1011,27,3367,12,316,25,4001,9664,15696,104],"class_list":{"0":"post-550819","1":"post","2":"type-post","3":"status-publish","4":"format-standard","5":"has-post-thumbnail","7":"category-saint-etienne","8":"tag-actu","9":"tag-actualites","10":"tag-auvergne-rhone-alpes","11":"tag-edition-loire-sud","12":"tag-eu","13":"tag-europe","14":"tag-fil-info","15":"tag-fr","16":"tag-france","17":"tag-loire","18":"tag-news","19":"tag-politique","20":"tag-republique-francaise","21":"tag-saint-etienne","22":"tag-saint-etienne-bassin","23":"tag-saint-priest-en-jarez","24":"tag-societe"},"share_on_mastodon":{"url":"https:\/\/pubeurope.com\/@fr\/115592162460912210","error":""},"_links":{"self":[{"href":"https:\/\/www.europesays.com\/fr\/wp-json\/wp\/v2\/posts\/550819","targetHints":{"allow":["GET"]}}],"collection":[{"href":"https:\/\/www.europesays.com\/fr\/wp-json\/wp\/v2\/posts"}],"about":[{"href":"https:\/\/www.europesays.com\/fr\/wp-json\/wp\/v2\/types\/post"}],"author":[{"embeddable":true,"href":"https:\/\/www.europesays.com\/fr\/wp-json\/wp\/v2\/users\/2"}],"replies":[{"embeddable":true,"href":"https:\/\/www.europesays.com\/fr\/wp-json\/wp\/v2\/comments?post=550819"}],"version-history":[{"count":0,"href":"https:\/\/www.europesays.com\/fr\/wp-json\/wp\/v2\/posts\/550819\/revisions"}],"wp:featuredmedia":[{"embeddable":true,"href":"https:\/\/www.europesays.com\/fr\/wp-json\/wp\/v2\/media\/550820"}],"wp:attachment":[{"href":"https:\/\/www.europesays.com\/fr\/wp-json\/wp\/v2\/media?parent=550819"}],"wp:term":[{"taxonomy":"category","embeddable":true,"href":"https:\/\/www.europesays.com\/fr\/wp-json\/wp\/v2\/categories?post=550819"},{"taxonomy":"post_tag","embeddable":true,"href":"https:\/\/www.europesays.com\/fr\/wp-json\/wp\/v2\/tags?post=550819"}],"curies":[{"name":"wp","href":"https:\/\/api.w.org\/{rel}","templated":true}]}}