{"id":550821,"date":"2025-11-22T07:26:47","date_gmt":"2025-11-22T07:26:47","guid":{"rendered":"https:\/\/www.europesays.com\/fr\/550821\/"},"modified":"2025-11-22T07:26:47","modified_gmt":"2025-11-22T07:26:47","slug":"loire-lemploi-se-stabilise-malgre-un-deficit-commercial-record","status":"publish","type":"post","link":"https:\/\/www.europesays.com\/fr\/550821\/","title":{"rendered":"LOIRE : L\u2019EMPLOI SE STABILISE MALGR\u00c9 UN D\u00c9FICIT COMMERCIAL RECORD"},"content":{"rendered":"<p>                <a href=\"https:\/\/cadenceradio.fr\" target=\"_blank\" aria-label=\"Banni\u00e8re Cadence 2025\" rel=\"noopener\"><img loading=\"lazy\" decoding=\"async\" src=\"https:\/\/www.europesays.com\/fr\/wp-content\/uploads\/2025\/07\/Banniere-Cadence-2025-scaled.jpg\" alt=\"\"   width=\"2560\" height=\"738\"\/><\/a><\/p>\n<p>Les effectifs salari\u00e9s priv\u00e9s s\u2019\u00e9tablissent \u00e0 198 900 au 31 d\u00e9cembre 2024, soit un repli de 350 postes sur un an (-0,2%). Ce recul confirme la tendance amorc\u00e9e l\u2019ann\u00e9e pr\u00e9c\u00e9dente, premi\u00e8re baisse constat\u00e9e depuis 2015 (hors p\u00e9riode Covid), bien qu\u2019\u00e0 un rythme moins prononc\u00e9 qu\u2019entre 2022 et 2023 (-0,7%).<\/p>\n<p>Le contraste est marqu\u00e9 avec les dynamiques r\u00e9gionale et nationale : pendant cette p\u00e9riode, l\u2019emploi a progress\u00e9 de 0,6% en Auvergne-Rh\u00f4ne-Alpes et de 0,1% en France. Toutefois, une comparaison des premiers semestres 2024 et 2025 r\u00e9v\u00e8le une tendance plus encourageante, avec une hausse de 0,1%, soit 220 postes cr\u00e9\u00e9s.<\/p>\n<p>Il convient de relativiser : les effectifs priv\u00e9s lig\u00e9riens demeurent nettement sup\u00e9rieurs \u00e0 ceux de 2019 (7 000 emplois de plus) et surtout \u00e0 2014 (12 500 de plus). L\u2019ann\u00e9e 2024 affiche le troisi\u00e8me plus important contingent de la d\u00e9cennie.<\/p>\n<p>Des territoires aux trajectoires divergentes<\/p>\n<p>L\u2019\u00e9volution varie consid\u00e9rablement selon les intercommunalit\u00e9s. Les pertes d\u2019emplois se poursuivent dans les territoires d\u00e9j\u00e0 en difficult\u00e9 en 2023, tandis que la croissance s\u2019accentue ailleurs. Les signes de reprise observ\u00e9s d\u00e9but 2025 sont port\u00e9s par les zones gagnantes : Forez, Roannais Agglom\u00e9ration et Pilat rhodanien.<\/p>\n<p>Saint-\u00c9tienne M\u00e9tropole, qui concentre plus de 61% des emplois salari\u00e9s, recule de 0,2% entre fin 2023 et fin 2024, et de 0,1% sur le premier semestre 2025. Roannais Agglom\u00e9ration perd 1,3% (29 000 postes) mais regagne 0,5% au premier semestre 2025. Loire Forez, avec 19 820 postes, progresse de 0,2%, voire de 1,4% sur le premier semestre. Forez Est (+1,1%), le Pilat Rhodanien (+4,2%) et Charlieu Belmont communaut\u00e9 (+1,8%) augmentent \u00e9galement.<\/p>\n<p>\u00c0 l\u2019inverse, les Monts du Pilat reculent (-0,5%), la Copler (-4,1%), le Pays d\u2019Urf\u00e9 (-4,5%) et la partie lig\u00e9rienne des Monts du Lyonnais (-4,2%) enregistrent des baisses marqu\u00e9es.<\/p>\n<p>L\u2019industrie r\u00e9siste mais s\u2019inqui\u00e8te pour l\u2019avenir<\/p>\n<p>Avec 49 470 postes (24,9% des emplois priv\u00e9s), l\u2019industrie maintient une pr\u00e9sence exceptionnellement forte compar\u00e9e aux moyennes nationale (15,9%) et r\u00e9gionale (20,3%). Les effectifs reculent tr\u00e8s l\u00e9g\u00e8rement de 0,1% en 2024, contre une progression de 0,3% en France.<\/p>\n<p>Entre 2014 et 2024, le secteur a gagn\u00e9 2 010 salari\u00e9s dans le d\u00e9partement. Mais les six premiers mois de 2025 s\u2019av\u00e8rent pr\u00e9occupants avec 300 postes perdus (-0,6%).<\/p>\n<p>Au niveau des intercommunalit\u00e9s, seules quatre progressent dans l\u2019industrie. Loire-Forez Agglom\u00e9ration et le Pilat Rhodanien gagnent le plus d\u2019effectifs (respectivement +120 et +70 postes). Saint-\u00c9tienne M\u00e9tropole perd 0,3% de ses emplois industriels, notamment dans la m\u00e9tallurgie. La chimie-pharmacie (+3,8%, soit +90 postes) et l\u2019industrie automobile (+3,1%, soit +60 postes) tirent leur \u00e9pingle du jeu, tandis que le bois-ameublement recule fortement (-5,9%, -110 postes).<\/p>\n<p>Le commerce en difficult\u00e9, les services rebondissent<\/p>\n<p>Le commerce, qui repr\u00e9sente 17,7% des emplois (35 140 postes), recule de 1,8% en 2024 apr\u00e8s avoir progress\u00e9 de 0,8% l\u2019ann\u00e9e pr\u00e9c\u00e9dente. Cette baisse se poursuit au premier semestre 2025 avec 490 postes perdus (-1,4%), malgr\u00e9 des chiffres stables au niveau national. Le commerce de d\u00e9tail (hors automobile) perd 680 postes, tandis que le commerce et r\u00e9paration automobile progresse (+1,1%, soit 60 postes).<\/p>\n<p>Les services, qui occupent 48,7% des effectifs (96 810 postes), rebondissent avec une hausse de 0,5% apr\u00e8s un recul de 1,5% l\u2019ann\u00e9e pr\u00e9c\u00e9dente. Le conseil perd 4,9% de ses effectifs (-410 postes), mais plusieurs secteurs progressent fortement : l\u2019int\u00e9rim (+340 postes), l\u2019h\u00f4tellerie-restauration (+250 postes), les services aux entreprises et la sant\u00e9-action sociale (+210 postes chacun).<\/p>\n<p>La construction (9% des emplois, 17 480 postes) poursuit son recul (-0,9%, soit -160 postes), accentu\u00e9 au premier semestre 2025 (-1,1%).<\/p>\n<p>Une balance commerciale d\u00e9ficitaire<\/p>\n<p>La balance commerciale de la Loire affiche un d\u00e9ficit de 551 millions d\u2019euros en 2024, avec un taux de couverture de 88,4% (-3,6 points sur un an). Les exportations diminuent de 3% pour atteindre 4,2 milliards d\u2019euros, tandis que les importations progressent l\u00e9g\u00e8rement (+0,9%) \u00e0 4,8 milliards.<\/p>\n<p>L\u2019Europe reste le principal approvisionneur (3,7 milliards, 78,7% des importations), suivie de l\u2019Asie (706 millions, 14,9%). L\u2019Allemagne demeure le premier fournisseur (17%), suivie de l\u2019Italie (12%). C\u00f4t\u00e9 clients, l\u2019Italie (14%) domine devant l\u2019Allemagne (12%) et l\u2019Espagne (11%).<\/p>\n<p>Les exportations vers les \u00c9tats-Unis reculent de 7,1%, mais sur les six premiers mois de 2025, on observe un rebond de 11,8% des exportations am\u00e9ricaines et une baisse de 9,5% des importations, attribu\u00e9e \u00e0 des effets d\u2019anticipation.<\/p>\n<p>L\u2019artisanat poursuit son expansion<\/p>\n<p>L\u2019artisanat fournit 34 940 emplois (18% des emplois salari\u00e9s priv\u00e9s) en 2024, soit une progression de 0,8%. Le nombre d\u2019\u00e9tablissements bondit de 11,9% pour atteindre 22 700, repr\u00e9sentant une hausse de 58% en dix ans.<\/p>\n<p>Cette croissance s\u2019explique largement par l\u2019essor des micro-entrepreneurs, qui repr\u00e9sentent d\u00e9sormais 45,8% des entreprises artisanales, jusqu\u2019\u00e0 52% dans les services. La FBTP Loire soul\u00e8ve toutefois la question de la concurrence d\u00e9loyale que ce statut peut repr\u00e9senter pour les entreprises classiques.<\/p>\n<p>Des embauches en hausse mais pr\u00e9caires<\/p>\n<p>Les d\u00e9clarations pr\u00e9alables \u00e0 l\u2019embauche (DPAE) ont progress\u00e9 de 0,8% en 2024, atteignant 206 800. Cette hausse s\u2019explique uniquement par l\u2019augmentation des CDD courts de moins d\u2019un mois dans les services. Sur les huit premiers mois de 2025, les DPAE progressent de 4%, port\u00e9es par les contrats courts qui repr\u00e9sentent 62,8% des embauches, contre 66,7% l\u2019ann\u00e9e pr\u00e9c\u00e9dente.<\/p>\n<p>Les projets de recrutement pour 2025, \u00e9tablis en novembre 2024, affichaient une baisse de 15,5%, avec 17 440 professionnels recherch\u00e9s. Le taux de ch\u00f4mage se stabilise \u00e0 7,6% au deuxi\u00e8me trimestre 2025.<\/p>\n<p>L\u2019observatoire estime que l\u2019\u00e9conomie lig\u00e9rienne se stabilise. Sur le dernier trimestre, l\u2019emploi a augment\u00e9 de 0,2%, et sur un an, il demeure stable (+90 postes). La Banque de France pr\u00e9voit au niveau national \u00ab\u00a0une remont\u00e9e transitoire du taux de ch\u00f4mage jusqu\u2019en 2026, \u00e0 7,6%, suivi d\u2019un reflux en 2027, \u00e0 7,4%\u00a0\u00bb.<\/p>\n","protected":false},"excerpt":{"rendered":"Les effectifs salari\u00e9s priv\u00e9s s\u2019\u00e9tablissent \u00e0 198 900 au 31 d\u00e9cembre 2024, soit un repli de 350 postes&hellip;\n","protected":false},"author":2,"featured_media":541562,"comment_status":"","ping_status":"","sticky":false,"template":"","format":"standard","meta":{"footnotes":""},"categories":[9653],"tags":[328,1111,11,2430,33,341,1777,674,1011,27,3367,12,25,4001],"class_list":{"0":"post-550821","1":"post","2":"type-post","3":"status-publish","4":"format-standard","5":"has-post-thumbnail","7":"category-saint-etienne","8":"tag-a-la-une","9":"tag-actu","10":"tag-actualites","11":"tag-auvergne-rhone-alpes","12":"tag-economie","13":"tag-emploi","14":"tag-eu","15":"tag-europe","16":"tag-fr","17":"tag-france","18":"tag-loire","19":"tag-news","20":"tag-republique-francaise","21":"tag-saint-etienne"},"share_on_mastodon":{"url":"https:\/\/pubeurope.com\/@fr\/115592170999345494","error":""},"_links":{"self":[{"href":"https:\/\/www.europesays.com\/fr\/wp-json\/wp\/v2\/posts\/550821","targetHints":{"allow":["GET"]}}],"collection":[{"href":"https:\/\/www.europesays.com\/fr\/wp-json\/wp\/v2\/posts"}],"about":[{"href":"https:\/\/www.europesays.com\/fr\/wp-json\/wp\/v2\/types\/post"}],"author":[{"embeddable":true,"href":"https:\/\/www.europesays.com\/fr\/wp-json\/wp\/v2\/users\/2"}],"replies":[{"embeddable":true,"href":"https:\/\/www.europesays.com\/fr\/wp-json\/wp\/v2\/comments?post=550821"}],"version-history":[{"count":0,"href":"https:\/\/www.europesays.com\/fr\/wp-json\/wp\/v2\/posts\/550821\/revisions"}],"wp:featuredmedia":[{"embeddable":true,"href":"https:\/\/www.europesays.com\/fr\/wp-json\/wp\/v2\/media\/541562"}],"wp:attachment":[{"href":"https:\/\/www.europesays.com\/fr\/wp-json\/wp\/v2\/media?parent=550821"}],"wp:term":[{"taxonomy":"category","embeddable":true,"href":"https:\/\/www.europesays.com\/fr\/wp-json\/wp\/v2\/categories?post=550821"},{"taxonomy":"post_tag","embeddable":true,"href":"https:\/\/www.europesays.com\/fr\/wp-json\/wp\/v2\/tags?post=550821"}],"curies":[{"name":"wp","href":"https:\/\/api.w.org\/{rel}","templated":true}]}}