{"id":550822,"date":"2025-11-22T07:30:01","date_gmt":"2025-11-22T07:30:01","guid":{"rendered":"https:\/\/www.europesays.com\/fr\/550822\/"},"modified":"2025-11-22T07:30:01","modified_gmt":"2025-11-22T07:30:01","slug":"au-dela-du-genie-un-grand-homme-pas-assez-connu","status":"publish","type":"post","link":"https:\/\/www.europesays.com\/fr\/550822\/","title":{"rendered":"au-del\u00e0 du g\u00e9nie, un grand homme pas assez connu"},"content":{"rendered":"<p>Une personnalit\u00e9 peut-\u00eatre trop \u00e9crasante\u2026<\/p>\n<p>Inspir\u00e9. Engag\u00e9. Suractif. Entreprenant. Et par-dessus tout talentueux. \u00c9mile Gall\u00e9 \u00e9tait tout \u00e7a et plus encore. Peut-\u00eatre cela explique-t-il pourquoi il a d\u00fb patienter cinq ans dans les cartons \u00e0 dessins d\u2019Olivier Romac.<\/p>\n<p>\u00ab\u00a0Pourtant l\u2019\u00c9cole de Nancy m\u2019\u00e9tait devenue assez famili\u00e8re depuis que j\u2019avais travaill\u00e9 sur la maison Bergeret, sujet de mon dernier album. Mais l\u00e0, je calais. Devais-je en tirer une bande dessin\u00e9e\u00a0? Un album illustr\u00e9\u00a0? M\u00eame sur&#8230;<\/p>\n","protected":false},"excerpt":{"rendered":"Une personnalit\u00e9 peut-\u00eatre trop \u00e9crasante\u2026 Inspir\u00e9. Engag\u00e9. Suractif. Entreprenant. Et par-dessus tout talentueux. \u00c9mile Gall\u00e9 \u00e9tait tout \u00e7a&hellip;\n","protected":false},"author":2,"featured_media":550823,"comment_status":"","ping_status":"","sticky":false,"template":"","format":"standard","meta":{"footnotes":""},"categories":[9635],"tags":[1111,11,1477,1687,33,1704,1706,1705,1777,674,2271,1011,27,775,937,1702,1703,12,2661,25,104],"class_list":{"0":"post-550822","1":"post","2":"type-post","3":"status-publish","4":"format-standard","5":"has-post-thumbnail","7":"category-nancy","8":"tag-actu","9":"tag-actualites","10":"tag-artisanat","11":"tag-culture-loisirs","12":"tag-economie","13":"tag-edition-nancy-et-agglomeration","14":"tag-edition-pont-a-mousson","15":"tag-edition-toul","16":"tag-eu","17":"tag-europe","18":"tag-exposition-arts-plastiques","19":"tag-fr","20":"tag-france","21":"tag-grand-est","22":"tag-histoire","23":"tag-nancy","24":"tag-nancy-ville-54b","25":"tag-news","26":"tag-patrimoine-culturel","27":"tag-republique-francaise","28":"tag-societe"},"share_on_mastodon":{"url":"https:\/\/pubeurope.com\/@fr\/115592182011750303","error":""},"_links":{"self":[{"href":"https:\/\/www.europesays.com\/fr\/wp-json\/wp\/v2\/posts\/550822","targetHints":{"allow":["GET"]}}],"collection":[{"href":"https:\/\/www.europesays.com\/fr\/wp-json\/wp\/v2\/posts"}],"about":[{"href":"https:\/\/www.europesays.com\/fr\/wp-json\/wp\/v2\/types\/post"}],"author":[{"embeddable":true,"href":"https:\/\/www.europesays.com\/fr\/wp-json\/wp\/v2\/users\/2"}],"replies":[{"embeddable":true,"href":"https:\/\/www.europesays.com\/fr\/wp-json\/wp\/v2\/comments?post=550822"}],"version-history":[{"count":0,"href":"https:\/\/www.europesays.com\/fr\/wp-json\/wp\/v2\/posts\/550822\/revisions"}],"wp:featuredmedia":[{"embeddable":true,"href":"https:\/\/www.europesays.com\/fr\/wp-json\/wp\/v2\/media\/550823"}],"wp:attachment":[{"href":"https:\/\/www.europesays.com\/fr\/wp-json\/wp\/v2\/media?parent=550822"}],"wp:term":[{"taxonomy":"category","embeddable":true,"href":"https:\/\/www.europesays.com\/fr\/wp-json\/wp\/v2\/categories?post=550822"},{"taxonomy":"post_tag","embeddable":true,"href":"https:\/\/www.europesays.com\/fr\/wp-json\/wp\/v2\/tags?post=550822"}],"curies":[{"name":"wp","href":"https:\/\/api.w.org\/{rel}","templated":true}]}}