{"id":550825,"date":"2025-11-22T07:33:12","date_gmt":"2025-11-22T07:33:12","guid":{"rendered":"https:\/\/www.europesays.com\/fr\/550825\/"},"modified":"2025-11-22T07:33:12","modified_gmt":"2025-11-22T07:33:12","slug":"olivier-lutersztejn-se-lance-dans-la-course-aux-municipales-a-la-valette","status":"publish","type":"post","link":"https:\/\/www.europesays.com\/fr\/550825\/","title":{"rendered":"Olivier Lutersztejn se lance dans la course aux municipales \u00e0 La Valette"},"content":{"rendered":"<p class=\"fs-5 \">De son propre aveu, la campagne ne ressemblera en rien \u00e0 celle de 2020. Et pour cause, Olivier Lutersztejn a d\u00e9sormais de l\u2019exp\u00e9rience. Novice en politique en 2020, il a aujourd\u2019hui plus de cinq ans en tant que conseiller municipal d\u2019opposition sur lesquels s\u2019appuyer. D\u2019autant que durant ces cinq ann\u00e9es, son groupe, La Valette en action, s\u2019est montr\u00e9 tr\u00e8s actif dans son r\u00f4le. Ce qui lui vaut des relations extr\u00eamement tendues avec l\u2019\u00e9quipe municipale en place.<\/p>\n<p class=\"fs-5 \">Pour les \u00e9lections 2026, sa liste (pas encore finalis\u00e9e) pr\u00f4ne \u00ab la rupture \u00bb et souhaite \u00ab redonner des couleurs, une \u00e2me \u00e0 la ville \u00bb.<\/p>\n<p>                                                                                Quatre axes de travail<\/p>\n<p class=\"fs-5 \">Pour cela, le candidat entend axer son programme sur quatre priorit\u00e9s. La premi\u00e8re d\u2019entre elles, ce sera les finances. \u00ab La Valette est dans le rouge. L\u2019endettement s\u2019\u00e9l\u00e8ve \u00e0 45 millions d\u2019euros, c\u2019est \u00e9norme. Il y a eu des d\u00e9rives financi\u00e8res majeures de la part du maire et de son \u00e9quipe. Les imp\u00f4ts ont explos\u00e9. La taxe fonci\u00e8re a augment\u00e9 de 35 %. Les Valettois n\u2019en peuvent plus. \u00bb<\/p>\n<p class=\"fs-5 \">Autre priorit\u00e9 pour ce chef d\u2019entreprise de 58 ans : la s\u00e9curit\u00e9. \u00ab Il faut retrouver une qui\u00e9tude. Notamment dans le centre-ville o\u00f9 les violences sont quotidiennes. Nous devons donner plus de moyens \u00e0 la police municipale. \u00bb<\/p>\n<p class=\"fs-5 \">La \u00ab b\u00e9tonisation \u00bb excessive de La Valette va \u00e9videmment \u00eatre un \u00e9l\u00e9ment fondateur du programme. Le sujet est un v\u00e9ritable cheval de bataille pour les conseillers d\u2019opposition. \u00ab Le maire a construit partout et n\u2019importe comment. Alors m\u00eame que nous n\u2019avons pas besoin d\u2019autant de logements d\u2019apr\u00e8s les experts. R\u00e9sultat : la ville est asphyxi\u00e9e et satur\u00e9e. Elle est sous la tutelle des promoteurs ! \u00bb Une des premi\u00e8res actions d\u2019Olivier Lutersztejn, s\u2019il est \u00e9lu, sera de stopper les projets non lanc\u00e9s. \u00ab \u00c0 la place des Terrasses du pin en centre-ville, par exemple, nous construirons un grand parc. \u00bb Le deuxi\u00e8me projet urbanistique d\u2019envergure serait men\u00e9 \u00e0 la Coupiane. \u00ab Nous voulons reconstruire l\u2019espace Albert-Camus qui aujourd\u2019hui est compl\u00e8tement d\u00e9labr\u00e9 mais surtout pr\u00e9sente de lourdes failles de s\u00e9curit\u00e9. \u00bb.<\/p>\n<p class=\"fs-5 \">Enfin, La Valette en action insiste sur l\u2019importance de la probit\u00e9 publique. Alors que le groupe a d\u00e9pos\u00e9 deux plaintes contre le maire Thierry Albertini pour favoritisme et prise ill\u00e9gale d\u2019int\u00e9r\u00eats, entre autres, il tient \u00e0 ce que les pratiques \u00ab ill\u00e9gales \u00bb et \u00ab dispendieuses \u00bb cessent au plus vite. \u00ab Nous n\u2019avons qu\u2019une h\u00e2te : que la justice se prononce. \u00bb<\/p>\n<p>                                                                                Une liste citoyenne<\/p>\n<p class=\"fs-5 \">Pour mener \u00e0 bien son projet, l\u2019opposant veut r\u00e9unir le plus largement possible. \u00ab Nous constituons une liste citoyenne. Nous ne sommes soutenus par aucun parti politique, explique celui qui a \u00e9t\u00e9 un temps repr\u00e9sentant local de La R\u00e9publique en Marche. D\u2019ailleurs, nous construisons notre programme en collaboration avec les Valettois. \u00bb Pour \u00eatre au plus pr\u00e8s de la population, l\u2019\u00e9quipe va encha\u00eener le porte-\u00e0-porte et organiser des petites r\u00e9unions chez l\u2019habitant. \u00ab Nous sommes \u00e9galement tr\u00e8s actifs sur les r\u00e9seaux sociaux. Et en janvier, nous ouvrirons notre permanence en plein centre-ville. \u00bb<\/p>\n<p class=\"fs-5 \">Pour rappel, en 2020, La Valette en action avait obtenu pr\u00e8s de 20 % des suffrages.<\/p>\n","protected":false},"excerpt":{"rendered":"De son propre aveu, la campagne ne ressemblera en rien \u00e0 celle de 2020. Et pour cause, Olivier&hellip;\n","protected":false},"author":2,"featured_media":550826,"comment_status":"","ping_status":"","sticky":false,"template":"","format":"standard","meta":{"footnotes":""},"categories":[9619],"tags":[1111,11,1777,674,1011,27,3434,12,882,25,2310],"class_list":{"0":"post-550825","1":"post","2":"type-post","3":"status-publish","4":"format-standard","5":"has-post-thumbnail","7":"category-toulon","8":"tag-actu","9":"tag-actualites","10":"tag-eu","11":"tag-europe","12":"tag-fr","13":"tag-france","14":"tag-municipales-2026","15":"tag-news","16":"tag-provence-alpes-cote-dazur","17":"tag-republique-francaise","18":"tag-toulon"},"share_on_mastodon":{"url":"https:\/\/pubeurope.com\/@fr\/115592193893873607","error":""},"_links":{"self":[{"href":"https:\/\/www.europesays.com\/fr\/wp-json\/wp\/v2\/posts\/550825","targetHints":{"allow":["GET"]}}],"collection":[{"href":"https:\/\/www.europesays.com\/fr\/wp-json\/wp\/v2\/posts"}],"about":[{"href":"https:\/\/www.europesays.com\/fr\/wp-json\/wp\/v2\/types\/post"}],"author":[{"embeddable":true,"href":"https:\/\/www.europesays.com\/fr\/wp-json\/wp\/v2\/users\/2"}],"replies":[{"embeddable":true,"href":"https:\/\/www.europesays.com\/fr\/wp-json\/wp\/v2\/comments?post=550825"}],"version-history":[{"count":0,"href":"https:\/\/www.europesays.com\/fr\/wp-json\/wp\/v2\/posts\/550825\/revisions"}],"wp:featuredmedia":[{"embeddable":true,"href":"https:\/\/www.europesays.com\/fr\/wp-json\/wp\/v2\/media\/550826"}],"wp:attachment":[{"href":"https:\/\/www.europesays.com\/fr\/wp-json\/wp\/v2\/media?parent=550825"}],"wp:term":[{"taxonomy":"category","embeddable":true,"href":"https:\/\/www.europesays.com\/fr\/wp-json\/wp\/v2\/categories?post=550825"},{"taxonomy":"post_tag","embeddable":true,"href":"https:\/\/www.europesays.com\/fr\/wp-json\/wp\/v2\/tags?post=550825"}],"curies":[{"name":"wp","href":"https:\/\/api.w.org\/{rel}","templated":true}]}}