{"id":550831,"date":"2025-11-22T07:36:19","date_gmt":"2025-11-22T07:36:19","guid":{"rendered":"https:\/\/www.europesays.com\/fr\/550831\/"},"modified":"2025-11-22T07:36:19","modified_gmt":"2025-11-22T07:36:19","slug":"actions-et-engagement-pour-la-journee-internationale-de-lutte-contre-les-violences-faites-aux-femmes","status":"publish","type":"post","link":"https:\/\/www.europesays.com\/fr\/550831\/","title":{"rendered":"actions et engagement pour la journ\u00e9e internationale de lutte contre les violences faites aux femmes"},"content":{"rendered":"<p>\nLa Ville de Montpellier se mobilise le 25 novembre \u00e0 travers un programme des actions de mobilisation et de sensibilisation.<\/p>\n<p>\n\u00a9 Photo d\u2019illustration \u2013 Ruban blanc, symbole international de lutte contre les violences commises \u00e0 l\u2019\u00e9gard des femmes.<\/p>\n<p><a data-no-instant=\"1\" href=\"https:\/\/www.cma-gard.fr\/metiers-et-diplomes\/\" rel=\"noopener nofollow\" class=\"a2t-link\" aria-label=\"2673-image\" target=\"_blank\"><img decoding=\"async\" src=\"https:\/\/www.europesays.com\/fr\/wp-content\/uploads\/2025\/11\/2673-image.jpeg\" alt=\"\"  \/><\/a><\/p>\n<p>Le <strong>25 novembre<\/strong> marque la <strong>Journ\u00e9e internationale de lutte contre les violences faites aux femmes<\/strong>, un moment de mobilisation et de sensibilisation \u00e0 l\u2019\u00e9chelle mondiale. \u00c0 <a href=\"https:\/\/infoccitanie.fr\/tag\/montpellier\/\" rel=\"nofollow noopener\" target=\"_blank\">Montpellier<\/a>, un programme riche et diversifi\u00e9 est propos\u00e9 pour rappeler que la lutte contre les violences sexistes et sexuelles reste une priorit\u00e9.<\/p>\n<p>Mobilisation et sensibilisation<\/p>\n<p>\u00c0 l\u2019initiative de <strong>l\u2019inter-organisation f\u00e9ministe <\/strong>de Montpellier, une <strong>manifestation<\/strong> contre les violences faites aux femmes et aux minorit\u00e9s de genre est organis\u00e9e le <strong>samedi 22 novembre<\/strong>. Le d\u00e9part se fera \u00e0 14h depuis la place Albert 1er.<\/p>\n<p>Dans le cadre de cette journ\u00e9e, la Maison Pour Tous Louis Feuillade propose, le <strong>25 novembre<\/strong>, la <strong>projection du film Muganga, celui qui soigne<\/strong>, r\u00e9alis\u00e9 par Marie-H\u00e9l\u00e8ne Roux. La s\u00e9ance sera suivie d\u2019un<strong> temps d\u2019\u00e9change<\/strong>, offrant au public l\u2019occasion de r\u00e9fl\u00e9chir collectivement sur les enjeux li\u00e9s aux violences, au soin et \u00e0 la r\u00e9silience.<\/p>\n<p>Actions concr\u00e8tes \u00e0 Montpellier<\/p>\n<p>La Ville et la M\u00e9tropole de Montpellier reconduisent \u00e9galement plusieurs initiatives pour <strong>sensibiliser<\/strong> les publics aux violences faites aux femmes. Tout d\u2019abord, la ville organise une journ\u00e9e de sensibilisation \u00e0 destination des coll\u00e8ges et lyc\u00e9es montpelli\u00e9rains sur le <strong>cyberharc\u00e8lement sexiste et sexuel<\/strong>. Puis, la M\u00e9tropole reconduit la distribution de <strong>protections hygi\u00e9niques<\/strong> aupr\u00e8s des \u00e9tudiants. Toutes les femmes victimes de violences peuvent \u00e9galement contacter le <strong>3919<\/strong>, un num\u00e9ro gratuit et national d\u00e9di\u00e9 \u00e0 l\u2019\u00e9coute et \u00e0 l\u2019orientation.<\/p>\n","protected":false},"excerpt":{"rendered":"La Ville de Montpellier se mobilise le 25 novembre \u00e0 travers un programme des actions de mobilisation et&hellip;\n","protected":false},"author":2,"featured_media":550832,"comment_status":"","ping_status":"","sticky":false,"template":"","format":"standard","meta":{"footnotes":""},"categories":[9599],"tags":[1111,11,1777,674,1011,27,2208,12,2680,25,2949],"class_list":{"0":"post-550831","1":"post","2":"type-post","3":"status-publish","4":"format-standard","5":"has-post-thumbnail","7":"category-montpellier","8":"tag-actu","9":"tag-actualites","10":"tag-eu","11":"tag-europe","12":"tag-fr","13":"tag-france","14":"tag-montpellier","15":"tag-news","16":"tag-occitanie","17":"tag-republique-francaise","18":"tag-violences"},"share_on_mastodon":{"url":"https:\/\/pubeurope.com\/@fr\/115592206304577609","error":""},"_links":{"self":[{"href":"https:\/\/www.europesays.com\/fr\/wp-json\/wp\/v2\/posts\/550831","targetHints":{"allow":["GET"]}}],"collection":[{"href":"https:\/\/www.europesays.com\/fr\/wp-json\/wp\/v2\/posts"}],"about":[{"href":"https:\/\/www.europesays.com\/fr\/wp-json\/wp\/v2\/types\/post"}],"author":[{"embeddable":true,"href":"https:\/\/www.europesays.com\/fr\/wp-json\/wp\/v2\/users\/2"}],"replies":[{"embeddable":true,"href":"https:\/\/www.europesays.com\/fr\/wp-json\/wp\/v2\/comments?post=550831"}],"version-history":[{"count":0,"href":"https:\/\/www.europesays.com\/fr\/wp-json\/wp\/v2\/posts\/550831\/revisions"}],"wp:featuredmedia":[{"embeddable":true,"href":"https:\/\/www.europesays.com\/fr\/wp-json\/wp\/v2\/media\/550832"}],"wp:attachment":[{"href":"https:\/\/www.europesays.com\/fr\/wp-json\/wp\/v2\/media?parent=550831"}],"wp:term":[{"taxonomy":"category","embeddable":true,"href":"https:\/\/www.europesays.com\/fr\/wp-json\/wp\/v2\/categories?post=550831"},{"taxonomy":"post_tag","embeddable":true,"href":"https:\/\/www.europesays.com\/fr\/wp-json\/wp\/v2\/tags?post=550831"}],"curies":[{"name":"wp","href":"https:\/\/api.w.org\/{rel}","templated":true}]}}