{"id":550834,"date":"2025-11-22T07:42:16","date_gmt":"2025-11-22T07:42:16","guid":{"rendered":"https:\/\/www.europesays.com\/fr\/550834\/"},"modified":"2025-11-22T07:42:16","modified_gmt":"2025-11-22T07:42:16","slug":"laeroport-de-grenoble-critique-sur-son-utilite-le-directeur-repond-cash","status":"publish","type":"post","link":"https:\/\/www.europesays.com\/fr\/550834\/","title":{"rendered":"L&rsquo;a\u00e9roport de Grenoble critiqu\u00e9 sur son utilit\u00e9, le directeur r\u00e9pond cash"},"content":{"rendered":"<p>                    Par<br \/>\n        <strong><br \/>\n            <a href=\"https:\/\/actu.fr\/auteur\/julien-sournies\" title=\"Consulter tous les articles de Julien Sournies\" target=\"_blank\" rel=\"noopener\">Julien Sournies<\/a><br \/>\n                    <\/strong><\/p>\n<p>        Publi\u00e9 le<\/p>\n<p>            22 nov. 2025 \u00e0 7h22        <\/p>\n<p>C\u2019est une r\u00e9putation qui lui colle \u00e0 la peau depuis toujours\u2009: l\u2019a\u00e9roport de <a href=\"https:\/\/actu.fr\/grenoble\/\" target=\"_blank\" rel=\"noopener\">Grenoble<\/a> Alpes Is\u00e8re, propri\u00e9t\u00e9 du D\u00e9partement et exploit\u00e9 par Vinci Airports, est souvent consid\u00e9r\u00e9 comme un lieu de desserte exclusivement \u00ab<strong>\u2009r\u00e9serv\u00e9\u2009\u00bb aux Britanniques<\/strong>. D\u2019ailleurs, son directeur, Pierre Marnotte, ne le nie pas, lequel se f\u00e9licite d\u2019une \u00ab\u2009fid\u00e9lit\u00e9\u2009\u00bb des Anglais pour les stations is\u00e9roises.<\/p>\n<p class=\" wall-content\">Alors que la nouvelle saison d\u2019hiver d\u00e9bute le<strong> 5\u00a0d\u00e9cembre prochain<\/strong> pour l\u2019a\u00e9roport, le flux de passagers Britanniques, venant pour profiter des stations de ski des Alpes is\u00e9roises, s\u2019annonce tout aussi important cette ann\u00e9e.<\/p>\n<p>Un a\u00e9roport \u00ab\u2009au b\u00e9n\u00e9fice d\u2019une infime partie de la population\u2009\u00bb<\/p>\n<p class=\" wall-content\">Tandis que l\u2019\u00e9quipement est subventionn\u00e9 par la collectivit\u00e9 \u00e0 hauteur de deux millions d\u2019euros, Thierry Badouard, conseiller d\u00e9partemental d\u2019opposition dans le groupe Is\u00e8re \u00c9cologie et Solidarit\u00e9s, a d\u00e9plor\u00e9 \u00ab\u2009un g\u00e2chis d\u2019argent public, au b\u00e9n\u00e9fice d\u2019une<strong> infime partie<\/strong> de la population\u2009\u00bb lors d\u2019un <a href=\"https:\/\/actu.fr\/auvergne-rhone-alpes\/saint-etienne-de-saint-geoirs_38384\/l-aeroport-de-grenoble-doit-il-etre-finance-par-le-departement-vives-tensions-en-isere_61894675.html\" target=\"_blank\" rel=\"noopener\">conseil d\u00e9partemental fin 2024<\/a>.<\/p>\n<p class=\" wall-content\">\u00ab\u2009L\u2019a\u00e9roport de Saint-Geoirs n\u2019est pas un outil de transport pour les Is\u00e9rois, mais pour des voyageurs \u00e0 80\u2009% anglais, venant rejoindre des stations de haute altitude d\u00e9j\u00e0 surfr\u00e9quent\u00e9es. Avec leur venue, cela pourrait<strong> emp\u00eacher les Is\u00e9rois de skier le week-end<\/strong> puisque certaines stations de ski ont publiquement \u00e9mis l\u2019hypoth\u00e8se de mettre en \u0153uvre une politique de quotas sur les forfaits\u2009\u00bb, a-t-il ass\u00e9n\u00e9.<\/p>\n<p class=\" wall-content\">D\u2019autant que pour Thierry Badouard, \u00ab\u2009si les Anglais atterrissent \u00e0 Lyon Saint-Exup\u00e9ry, \u00e7a ne leur fera pas une grande diff\u00e9rence\u2009\u00bb.<\/p>\n<p class=\" wall-content\">Au cours d\u2019un long entretien accord\u00e9 derni\u00e8rement \u00e0 actu Grenoble ce vendredi 21\u00a0novembre, Pierre Marnotte a r\u00e9agi \u00e0 ces propos. Selon le directeur de l\u2019a\u00e9roport is\u00e9rois, le d\u00e9bat n\u2019a pas lieu d\u2019\u00eatre, lequel estime que d\u00e9localiser le lieu d\u2019atterrissage des touristes britanniques serait une \u00ab\u2009mauvaise\u2009\u00bb id\u00e9e.<\/p>\n<p>\u00ab\u2009\u00c7a g\u00e9n\u00e8re \u00e9norm\u00e9ment de richesse\u2009\u00bb<\/p>\n<p class=\" wall-content\">\u00ab\u2009La premi\u00e8re raison, c\u2019est que Lyon<strong> aurait du mal \u00e0 absorber tout le trafic de Grenoble<\/strong>. Deuxi\u00e8mement, pour aller \u00e0 l\u2019Alpe d\u2019Huez depuis Lyon, c\u2019est 50\u00a0km, voire 60\u00a0km de plus qu\u2019au d\u00e9part de Grenoble, avec les bouchons en plus sur l\u2019autoroute. Donc, d\u2019un point de vue \u00e9cologique, je ne suis pas certain que ce soit la meilleure option\u2009\u00bb, explique-t-il.<\/p>\n<p>Votre r\u00e9gion, votre actu !<\/p>\n<p>Recevez chaque jour les infos qui comptent pour vous.<\/p>\n<p>\t<a href=\"https:\/\/actu.fr\/newsletter\" class=\"ac-btn ac-btn--corner ac-btn--medium ac-btn--blue800\" target=\"_blank\" rel=\"noopener\">S&rsquo;incrire<\/a><\/p>\n<p>    <img   decoding=\"async\" loading=\"lazy\" src=\"https:\/\/www.europesays.com\/fr\/wp-content\/uploads\/2025\/11\/aeroport-grenoble-alpes-isere-vinci-airports-2-960x640.jpg\" alt=\"L'a\u00e9roport Grenoble Alpes Is\u00e8re est l'un des trois a\u00e9roports alpins fran\u00e7ais, avec ceux de Chamb\u00e9ry et de Lyon Saint-Exup\u00e9ry.\" width=\"960\" height=\"640\"\/><br \/>\n    L\u2019a\u00e9roport Grenoble Alpes Is\u00e8re est l\u2019un des trois a\u00e9roports alpins fran\u00e7ais, avec ceux de Chamb\u00e9ry et de Lyon Saint-Exup\u00e9ry. (\u00a9Document remis \u00e0 actu Grenoble \/ A\u00e9roport Grenoble Alpes Is\u00e8re \u2013 Vinci Airports)<\/p>\n<p class=\" wall-content\">Pour Pierre Marnotte, la pr\u00e9sence d\u2019un a\u00e9roport sur le territoire is\u00e9rois est par ailleurs cruciale pour l\u2019\u00e9conomie locale. \u00ab\u2009Si ces passagers ne viennent pas \u00e0 Grenoble, ils iront toutefois ailleurs, voire dans des a\u00e9roports \u00e9trangers. Et l\u00e0, ce sont les territoires voisins qui profiteront de leur pr\u00e9sence\u2009\u00bb, poursuit le directeur.<\/p>\n<blockquote class=\"ac-article-quote wall-content\">\n<p>Accueillir des voyageurs \u00e9trangers \u00e0 Grenoble, \u00e7a g\u00e9n\u00e8re \u00e9norm\u00e9ment de richesse : on estime les retomb\u00e9es \u00e9conomiques \u00e0 pr\u00e8s de 60 millions d\u2019euros par an pour le territoire. C\u2019est loin d\u2019\u00eatre anodin.<\/p>\n<p>    <strong>Pierre Marnotte <\/strong><br \/>\n        Directeur de l&rsquo;a\u00e9roport de Grenoble Alpes Is\u00e8re    <\/p><\/blockquote>\n<p>L\u2019attribution de la DSP prochainement d\u00e9battue<\/p>\n<p class=\" wall-content\">Et ce dernier de conclure\u2009: \u00ab\u2009Cet argent fait vivre tout un \u00e9cosyst\u00e8me\u2009: les stations de ski, les autocaristes, les commer\u00e7ants de l\u2019a\u00e9roport, et m\u00eame les 300 int\u00e9rimaires que l\u2019on recrute chaque hiver. Tout \u00e7a repr\u00e9sente des b\u00e9n\u00e9fices bien r\u00e9els, et franchement, <strong>je pr\u00e9f\u00e8re qu\u2019ils restent ici en France plut\u00f4t que de filer \u00e0 l\u2019\u00e9tranger.\u2009<\/strong>\u00bb<\/p>\n<p class=\" wall-content\">Pour rappel, les \u00e9lus verts au D\u00e9partement appellent depuis plusieurs ann\u00e9es \u00e0 ne pas reconduire la D\u00e9l\u00e9gation de service public (DSP) \u00e0 Vinci en 2026. Concernant le renouvellement de celle-ci, laquelle engendrera une nouvelle subvention, la collectivit\u00e9 nous informe que \u00ab\u2009l\u2019attribution de la D\u00e9l\u00e9gation de service public fera l\u2019objet d\u2019une prochaine communication\u2009\u00bb.<\/p>\n<p class=\" wall-content\">Personnalisez votre actualit\u00e9 en ajoutant vos villes et m\u00e9dias en favori avec <a href=\"https:\/\/moncompte.actu.fr\" title=\"D\u00e9couvez Mon Actu\" rel=\"nofollow noopener\" data-trk=\"{&quot;cta&quot;:{&quot;action&quot;:&quot;https:\\\/\\\/moncompte.actu.fr&quot;,&quot;category&quot;:&quot;mon compte&quot;,&quot;from&quot;:&quot;article footer&quot;,&quot;name&quot;:&quot;Mon actu&quot;,&quot;type&quot;:&quot;cta&quot;}}\" target=\"_blank\">Mon Actu<\/a>.<\/p>\n","protected":false},"excerpt":{"rendered":"Par Julien Sournies Publi\u00e9 le 22 nov. 2025 \u00e0 7h22 C\u2019est une r\u00e9putation qui lui colle \u00e0 la&hellip;\n","protected":false},"author":2,"featured_media":550835,"comment_status":"","ping_status":"","sticky":false,"template":"","format":"standard","meta":{"footnotes":""},"categories":[9566],"tags":[1111,11,66821,2430,1777,674,1011,27,2731,12,25,104,602],"class_list":{"0":"post-550834","1":"post","2":"type-post","3":"status-publish","4":"format-standard","5":"has-post-thumbnail","7":"category-grenoble","8":"tag-actu","9":"tag-actualites","10":"tag-aeroport-grenoble-alpes-isere","11":"tag-auvergne-rhone-alpes","12":"tag-eu","13":"tag-europe","14":"tag-fr","15":"tag-france","16":"tag-grenoble","17":"tag-news","18":"tag-republique-francaise","19":"tag-societe","20":"tag-tourisme"},"share_on_mastodon":{"url":"","error":""},"_links":{"self":[{"href":"https:\/\/www.europesays.com\/fr\/wp-json\/wp\/v2\/posts\/550834","targetHints":{"allow":["GET"]}}],"collection":[{"href":"https:\/\/www.europesays.com\/fr\/wp-json\/wp\/v2\/posts"}],"about":[{"href":"https:\/\/www.europesays.com\/fr\/wp-json\/wp\/v2\/types\/post"}],"author":[{"embeddable":true,"href":"https:\/\/www.europesays.com\/fr\/wp-json\/wp\/v2\/users\/2"}],"replies":[{"embeddable":true,"href":"https:\/\/www.europesays.com\/fr\/wp-json\/wp\/v2\/comments?post=550834"}],"version-history":[{"count":0,"href":"https:\/\/www.europesays.com\/fr\/wp-json\/wp\/v2\/posts\/550834\/revisions"}],"wp:featuredmedia":[{"embeddable":true,"href":"https:\/\/www.europesays.com\/fr\/wp-json\/wp\/v2\/media\/550835"}],"wp:attachment":[{"href":"https:\/\/www.europesays.com\/fr\/wp-json\/wp\/v2\/media?parent=550834"}],"wp:term":[{"taxonomy":"category","embeddable":true,"href":"https:\/\/www.europesays.com\/fr\/wp-json\/wp\/v2\/categories?post=550834"},{"taxonomy":"post_tag","embeddable":true,"href":"https:\/\/www.europesays.com\/fr\/wp-json\/wp\/v2\/tags?post=550834"}],"curies":[{"name":"wp","href":"https:\/\/api.w.org\/{rel}","templated":true}]}}