{"id":550836,"date":"2025-11-22T07:43:12","date_gmt":"2025-11-22T07:43:12","guid":{"rendered":"https:\/\/www.europesays.com\/fr\/550836\/"},"modified":"2025-11-22T07:43:12","modified_gmt":"2025-11-22T07:43:12","slug":"betton-detente-coiffure-remet-un-cheque-a-lassociation-haroz","status":"publish","type":"post","link":"https:\/\/www.europesays.com\/fr\/550836\/","title":{"rendered":"Betton. D\u00e9tente coiffure remet un ch\u00e8que \u00e0 l\u2019association Haroz"},"content":{"rendered":"<p>Iris est la ni\u00e8ce de Rose, employ\u00e9e du salon D\u00e9tente coiffure, elle se bat contre un cancer depuis le printemps. Son r\u00eave est de passer \u00e0 la t\u00e9l\u00e9vision pour \u00eatre connue et, un jour, pouvoir participer aux \u00e9preuves du jeu t\u00e9l\u00e9vis\u00e9 Fort Boyard.<\/p>\n<p>Haroz (H\u00e9ros en breton) aide les enfants hospitalis\u00e9s gr\u00e2ce aux dons et aux b\u00e9n\u00e9voles qui donnent de leur temps pour visiter les enfants malades ou qui aident dans l\u2019organisation des \u00e9v\u00e8nements. \u00a0Iris recevait beaucoup de cadeaux de l\u2019association lors des chimios et on s\u2019est dit que c\u2019\u00e9tait \u00e0 cette association qu\u2019il fallait donner cette ann\u00e9e\u00a0, justifie St\u00e9phanie Sauv\u00e9e, la g\u00e9rante de D\u00e9tente coiffure.<\/p>\n<p>Durant le mois d\u2019octobre, gr\u00e2ce \u00e0 la vente de porte-cl\u00e9s, de badges et de crayons et une tombola, le salon de coiffure a collect\u00e9 des dons aupr\u00e8s des clients et mercredi, il remettait \u00e0 l\u2019association un ch\u00e8que de 173,50\u00a0\u20ac pour aider l\u2019association en pr\u00e9sence d\u2019Iris et de toute l\u2019\u00e9quipe du salon.<\/p>\n<p>\u00a0Ce don permettra d\u2019offrir des cadeaux de No\u00ebl aux enfants qui se battent contre la maladie, pour leur apporter un peu de joie pendant les f\u00eates\u00a0\u00bb, se f\u00e9licite St\u00e9phanie Sauv\u00e9e.<\/p>\n<p>\u00a0<\/p>\n","protected":false},"excerpt":{"rendered":"Iris est la ni\u00e8ce de Rose, employ\u00e9e du salon D\u00e9tente coiffure, elle se bat contre un cancer depuis&hellip;\n","protected":false},"author":2,"featured_media":550837,"comment_status":"","ping_status":"","sticky":false,"template":"","format":"standard","meta":{"footnotes":""},"categories":[2821],"tags":[1111,11,4077,4395,829,14797,6729,4987,1777,674,1011,27,66822,12,3086,5970,584,25],"class_list":{"0":"post-550836","1":"post","2":"type-post","3":"status-publish","4":"format-standard","5":"has-post-thumbnail","7":"category-rennes","8":"tag-actu","9":"tag-actualites","10":"tag-association","11":"tag-betton","12":"tag-bretagne","13":"tag-cheque","14":"tag-coiffure","15":"tag-detente","16":"tag-eu","17":"tag-europe","18":"tag-fr","19":"tag-france","20":"tag-haroz","21":"tag-news","22":"tag-redon","23":"tag-remet","24":"tag-rennes","25":"tag-republique-francaise"},"share_on_mastodon":{"url":"https:\/\/pubeurope.com\/@fr\/115592233248033153","error":""},"_links":{"self":[{"href":"https:\/\/www.europesays.com\/fr\/wp-json\/wp\/v2\/posts\/550836","targetHints":{"allow":["GET"]}}],"collection":[{"href":"https:\/\/www.europesays.com\/fr\/wp-json\/wp\/v2\/posts"}],"about":[{"href":"https:\/\/www.europesays.com\/fr\/wp-json\/wp\/v2\/types\/post"}],"author":[{"embeddable":true,"href":"https:\/\/www.europesays.com\/fr\/wp-json\/wp\/v2\/users\/2"}],"replies":[{"embeddable":true,"href":"https:\/\/www.europesays.com\/fr\/wp-json\/wp\/v2\/comments?post=550836"}],"version-history":[{"count":0,"href":"https:\/\/www.europesays.com\/fr\/wp-json\/wp\/v2\/posts\/550836\/revisions"}],"wp:featuredmedia":[{"embeddable":true,"href":"https:\/\/www.europesays.com\/fr\/wp-json\/wp\/v2\/media\/550837"}],"wp:attachment":[{"href":"https:\/\/www.europesays.com\/fr\/wp-json\/wp\/v2\/media?parent=550836"}],"wp:term":[{"taxonomy":"category","embeddable":true,"href":"https:\/\/www.europesays.com\/fr\/wp-json\/wp\/v2\/categories?post=550836"},{"taxonomy":"post_tag","embeddable":true,"href":"https:\/\/www.europesays.com\/fr\/wp-json\/wp\/v2\/tags?post=550836"}],"curies":[{"name":"wp","href":"https:\/\/api.w.org\/{rel}","templated":true}]}}