{"id":550840,"date":"2025-11-22T07:45:18","date_gmt":"2025-11-22T07:45:18","guid":{"rendered":"https:\/\/www.europesays.com\/fr\/550840\/"},"modified":"2025-11-22T07:45:18","modified_gmt":"2025-11-22T07:45:18","slug":"geispolsheim-frelons-asiatiques-sur-un-terrain-prive-la-commune-dans-limpasse","status":"publish","type":"post","link":"https:\/\/www.europesays.com\/fr\/550840\/","title":{"rendered":"Geispolsheim. Frelons asiatiques sur un terrain priv\u00e9\u00a0: la commune dans l\u2019impasse"},"content":{"rendered":"<p>L\u2019automne, un gros coup de vent, et voici qu\u2019un impressionnant nid de frelons asiatiques a apparu il y a plus d\u2019un mois d\u00e9j\u00e0, surplombant le garage d\u2019un riverain de la rue de l\u2019Ehn \u00e0 Geispolsheim Gare. L\u2019arbre auquel il s\u2019accroche, lui, s\u2019\u00e9l\u00e8ve sur un terrain clos, sans construction. Inquiets, plusieurs habitants ont sonn\u00e9 chez leur voisin, le s\u00e9nateur et conseiller municipal Jacques Fernique, qui a pr\u00e9venu la mairie.<\/p>\n<p>La mairie un peu \u00ab\u00a0d\u00e9munie\u00a0\u00bb<\/p>\n<p>Celle-ci n\u2019est pas rest\u00e9e inactive. \u00ab\u00a0On a contact\u00e9 le propri\u00e9taire du terrain \u00e0 deux reprises pour qu\u2019il intervienne, mais sans r\u00e9sultat. On ne l\u00e2che pas, puisqu\u2019on va&#8230;<\/p>\n","protected":false},"excerpt":{"rendered":"L\u2019automne, un gros coup de vent, et voici qu\u2019un impressionnant nid de frelons asiatiques a apparu il y&hellip;\n","protected":false},"author":2,"featured_media":550841,"comment_status":"","ping_status":"","sticky":false,"template":"","format":"standard","meta":{"footnotes":""},"categories":[2820],"tags":[1111,11,1867,2880,436,1777,674,107,1011,27,4076,775,12,25,104,640,3089],"class_list":{"0":"post-550840","1":"post","2":"type-post","3":"status-publish","4":"format-standard","5":"has-post-thumbnail","7":"category-strasbourg","8":"tag-actu","9":"tag-actualites","10":"tag-animaux","11":"tag-edition-strasbourg","12":"tag-environnement","13":"tag-eu","14":"tag-europe","15":"tag-fil-info","16":"tag-fr","17":"tag-france","18":"tag-geispolsheim","19":"tag-grand-est","20":"tag-news","21":"tag-republique-francaise","22":"tag-societe","23":"tag-strasbourg","24":"tag-strasbourg-sud"},"share_on_mastodon":{"url":"https:\/\/pubeurope.com\/@fr\/115592241043518021","error":""},"_links":{"self":[{"href":"https:\/\/www.europesays.com\/fr\/wp-json\/wp\/v2\/posts\/550840","targetHints":{"allow":["GET"]}}],"collection":[{"href":"https:\/\/www.europesays.com\/fr\/wp-json\/wp\/v2\/posts"}],"about":[{"href":"https:\/\/www.europesays.com\/fr\/wp-json\/wp\/v2\/types\/post"}],"author":[{"embeddable":true,"href":"https:\/\/www.europesays.com\/fr\/wp-json\/wp\/v2\/users\/2"}],"replies":[{"embeddable":true,"href":"https:\/\/www.europesays.com\/fr\/wp-json\/wp\/v2\/comments?post=550840"}],"version-history":[{"count":0,"href":"https:\/\/www.europesays.com\/fr\/wp-json\/wp\/v2\/posts\/550840\/revisions"}],"wp:featuredmedia":[{"embeddable":true,"href":"https:\/\/www.europesays.com\/fr\/wp-json\/wp\/v2\/media\/550841"}],"wp:attachment":[{"href":"https:\/\/www.europesays.com\/fr\/wp-json\/wp\/v2\/media?parent=550840"}],"wp:term":[{"taxonomy":"category","embeddable":true,"href":"https:\/\/www.europesays.com\/fr\/wp-json\/wp\/v2\/categories?post=550840"},{"taxonomy":"post_tag","embeddable":true,"href":"https:\/\/www.europesays.com\/fr\/wp-json\/wp\/v2\/tags?post=550840"}],"curies":[{"name":"wp","href":"https:\/\/api.w.org\/{rel}","templated":true}]}}