{"id":550842,"date":"2025-11-22T07:47:20","date_gmt":"2025-11-22T07:47:20","guid":{"rendered":"https:\/\/www.europesays.com\/fr\/550842\/"},"modified":"2025-11-22T07:47:20","modified_gmt":"2025-11-22T07:47:20","slug":"rc-lens-rc-strasbourg-les-predictions-dopta","status":"publish","type":"post","link":"https:\/\/www.europesays.com\/fr\/550842\/","title":{"rendered":"RC Lens &#8211; RC Strasbourg. Les pr\u00e9dictions d&rsquo;Opta"},"content":{"rendered":"<p><img fetchpriority=\"high\" decoding=\"async\" width=\"620\" height=\"413\" src=\"https:\/\/www.europesays.com\/fr\/wp-content\/uploads\/2025\/11\/Lens-Strasbourg-620x413.jpg\" alt=\"RC Lens - RC Strasbourg. Les pr\u00e9dictions d'Opta\" class=\"wp-image-385994\"  \/>Match au sommet du championnat entre le 3e qui re\u00e7oit le 4e.<\/p>\n<p>Apr\u00e8s quinze jours de tr\u00eave internationale, la <a href=\"https:\/\/sportune.20minutes.fr\/ligue-1-l1\" rel=\"nofollow noopener\" target=\"_blank\">Ligue 1<\/a> propose ce samedi \u00e0 17h00 un choc au sommet entre le <a href=\"https:\/\/sportune.20minutes.fr\/rc-lens\" rel=\"nofollow noopener\" target=\"_blank\">RC Lens<\/a>, troisi\u00e8me, et le <a href=\"https:\/\/sportune.20minutes.fr\/rc-strasbourg-rcsa\" rel=\"nofollow noopener\" target=\"_blank\">RC Strasbourg<\/a>, quatri\u00e8me, au stade Bollaert-Delelis. Cette affiche de la 13e journ\u00e9e met aux prises deux formations ambitieuses s\u00e9par\u00e9es par seulement trois points au classement.<\/p>\n<p>L\u2019enjeu est consid\u00e9rable pour les Sang et Or : une victoire leur permettrait de rejoindre l\u2019<a href=\"https:\/\/sportune.20minutes.fr\/olympique-de-marseille-om\" rel=\"nofollow noopener\" target=\"_blank\">Olympique de Marseille<\/a>, vainqueur la veille \u00e0 Nice et leader provisoire avec 28 points, avant la r\u00e9ception du Havre par le <a href=\"https:\/\/sportune.20minutes.fr\/paris-saint-germain-psg\" rel=\"nofollow noopener\" target=\"_blank\">Paris Saint-Germain<\/a> (27 points) en soir\u00e9e. Pour les Alsaciens, un succ\u00e8s dans le Nord les propulserait \u00e0 \u00e9galit\u00e9 avec leur h\u00f4te du jour, \u00e0 25 points.<\/p>\n<p>Cette confrontation constitue la 52e opposition entre les deux clubs \u00e0 Lens. L\u2019historique penche nettement en faveur des locaux avec 22 victoires contre 13 pour Strasbourg, pour 16 matchs nuls. Les statistiques r\u00e9centes t\u00e9moignent de l\u2019\u00e9quilibre relatif entre ces deux \u00e9quipes qui jouent actuellement les premiers r\u00f4les en championnat.<\/p>\n<p>Le RC Lens a 44% de chances de gagner \u00e0 Bollaert<\/p>\n<p>Selon le syst\u00e8me de \u00ab\u00a0Power Ranking\u00a0\u00bb d\u2019Opta, qui classe les meilleures formations du moment \u00e0 l\u2019\u00e9chelle mondiale, le RC Lens occupe la 48e position avec un indice de 85,8, tandis que le <a href=\"https:\/\/sportune.20minutes.fr\/rc-strasbourg-rcsa\" rel=\"nofollow noopener\" target=\"_blank\">RC Strasbourg<\/a> se situe au 58e rang avec une note de 84,9. Ces donn\u00e9es refl\u00e8tent la l\u00e9g\u00e8re sup\u00e9riorit\u00e9 lensoise dans la forme actuelle.<\/p>\n<p>Les algorithmes pr\u00e9dictifs d\u2019Opta conf\u00e8rent un avantage aux Art\u00e9siens avec 44% de probabilit\u00e9 de victoire, contre 29% pour les visiteurs alsaciens. Le match nul est estim\u00e9 \u00e0 25% de chances de se produire, une hypoth\u00e8se loin d\u2019\u00eatre n\u00e9gligeable compte tenu de l\u2019\u00e9quilibre des forces en pr\u00e9sence.<\/p>\n<p>Ce duel s\u2019annonce comme l\u2019un des temps forts de cette reprise du championnat, opposant deux clubs port\u00e9s par une dynamique positive et des ambitions communes. Au-del\u00e0 des statistiques, c\u2019est sur le rectangle vert que tout se d\u00e9cidera dans ce qui promet d\u2019\u00eatre l\u2019une des affiches les plus disput\u00e9es de cette 13e journ\u00e9e.<\/p>\n","protected":false},"excerpt":{"rendered":"Match au sommet du championnat entre le 3e qui re\u00e7oit le 4e. Apr\u00e8s quinze jours de tr\u00eave internationale,&hellip;\n","protected":false},"author":2,"featured_media":550843,"comment_status":"","ping_status":"","sticky":false,"template":"","format":"standard","meta":{"footnotes":""},"categories":[2820],"tags":[1111,11,1777,674,1011,27,775,12,2264,4448,25,640],"class_list":{"0":"post-550842","1":"post","2":"type-post","3":"status-publish","4":"format-standard","5":"has-post-thumbnail","7":"category-strasbourg","8":"tag-actu","9":"tag-actualites","10":"tag-eu","11":"tag-europe","12":"tag-fr","13":"tag-france","14":"tag-grand-est","15":"tag-news","16":"tag-rc-lens","17":"tag-rc-strasbourg","18":"tag-republique-francaise","19":"tag-strasbourg"},"share_on_mastodon":{"url":"https:\/\/pubeurope.com\/@fr\/115592249699667824","error":""},"_links":{"self":[{"href":"https:\/\/www.europesays.com\/fr\/wp-json\/wp\/v2\/posts\/550842","targetHints":{"allow":["GET"]}}],"collection":[{"href":"https:\/\/www.europesays.com\/fr\/wp-json\/wp\/v2\/posts"}],"about":[{"href":"https:\/\/www.europesays.com\/fr\/wp-json\/wp\/v2\/types\/post"}],"author":[{"embeddable":true,"href":"https:\/\/www.europesays.com\/fr\/wp-json\/wp\/v2\/users\/2"}],"replies":[{"embeddable":true,"href":"https:\/\/www.europesays.com\/fr\/wp-json\/wp\/v2\/comments?post=550842"}],"version-history":[{"count":0,"href":"https:\/\/www.europesays.com\/fr\/wp-json\/wp\/v2\/posts\/550842\/revisions"}],"wp:featuredmedia":[{"embeddable":true,"href":"https:\/\/www.europesays.com\/fr\/wp-json\/wp\/v2\/media\/550843"}],"wp:attachment":[{"href":"https:\/\/www.europesays.com\/fr\/wp-json\/wp\/v2\/media?parent=550842"}],"wp:term":[{"taxonomy":"category","embeddable":true,"href":"https:\/\/www.europesays.com\/fr\/wp-json\/wp\/v2\/categories?post=550842"},{"taxonomy":"post_tag","embeddable":true,"href":"https:\/\/www.europesays.com\/fr\/wp-json\/wp\/v2\/tags?post=550842"}],"curies":[{"name":"wp","href":"https:\/\/api.w.org\/{rel}","templated":true}]}}