{"id":550852,"date":"2025-11-22T07:52:11","date_gmt":"2025-11-22T07:52:11","guid":{"rendered":"https:\/\/www.europesays.com\/fr\/550852\/"},"modified":"2025-11-22T07:52:11","modified_gmt":"2025-11-22T07:52:11","slug":"la-maison-de-luxe-petrusse-cree-un-foulard-pour-la-cite-du-vin-de-bordeaux","status":"publish","type":"post","link":"https:\/\/www.europesays.com\/fr\/550852\/","title":{"rendered":"la Maison de luxe Petrusse cr\u00e9e un foulard pour La Cit\u00e9 du Vin de Bordeaux"},"content":{"rendered":"<p>                    Par<br \/>\n        <strong><br \/>\n            <a href=\"https:\/\/actu.fr\/auteur\/bpeyre\" title=\"Consulter tous les articles de Bernard Peyr\u00e9\" rel=\"nofollow noopener\" target=\"_blank\">Bernard Peyr\u00e9<\/a><br \/>\n                    <\/strong><\/p>\n<p>        Publi\u00e9 le<\/p>\n<p>            22 nov. 2025 \u00e0 7h46        <\/p>\n<p>C\u2019est un beau mariage. Les ateliers de la<a href=\"https:\/\/actu.fr\/nouvelle-aquitaine\/langon_33227\/gironde-maison-petrusse-invitee-a-lelysee-pour-la-grande-exposition-du-fabrique-en-france_61397693.html\" rel=\"nofollow noopener\" target=\"_blank\"> Maison Petrusse<\/a>, au Ch\u00e2teau Mauriac \u00e0 <a href=\"https:\/\/actu.fr\/nouvelle-aquitaine\/langon_33227\" rel=\"nofollow noopener\" target=\"_blank\">Langon<\/a> (<a href=\"https:\/\/actu.fr\/?s=Gironde\" rel=\"nofollow noopener\" target=\"_blank\">Gironde<\/a>), ont cr\u00e9\u00e9 un nouveau <b>carr\u00e9 de soie exclusif<\/b> pour <a href=\"https:\/\/www.laciteduvin.com\/fr?gad_source=1&amp;gad_campaignid=624435490&amp;gbraid=0AAAAADRdcenVppPhUvewVSMuWzPQ3392V&amp;gclid=CjwKCAiAuIDJBhBoEiwAxhgyFsvW6zf5O3g6ejcG-Ueusg54MnUJmBK7cwFy4esV7ofpJLvQ02zeBxoChoEQAvD_BwE\" rel=\"nofollow noopener\" target=\"_blank\">La Cit\u00e9 du Vin<\/a> de<b> Bordeaux.<\/b><\/p>\n<p class=\" wall-content\">Cela, \u00e0 l\u2019occasion du dixi\u00e8me anniversaire de La Cit\u00e9 du Vin qu\u2019elle c\u00e9l\u00e9brera en 2026. Ce carr\u00e9 de soie se nomme \u00ab Amp\u00e9lia \u00bb.<\/p>\n<p class=\" wall-content\">\u00ab C\u2019est une cr\u00e9ation qui raconte une histoire<b> de territoire, de c\u00e9page et de patrimoine<\/b>, et qui c\u00e9l\u00e8bre les valeurs que nous partageons : la transmission, la culture et la passion \u00bb, r\u00e9sume La Cit\u00e9 du Vin.<\/p>\n<p class=\" wall-content\">Ce foulard est en vente \u00e0 la <a href=\"https:\/\/www.laciteduvin.com\/fr\/restaurants-boutiques\/boutique\" rel=\"nofollow noopener\" target=\"_blank\">boutique<\/a> de La Cit\u00e9 du Vin en exclusivit\u00e9.<\/p>\n<p class=\" wall-content\"><a href=\"https:\/\/www.instagram.com\/p\/DQcPMbADNtL\/embed\" title=\"Ouvrir le lien sur Instagram\" rel=\"nofollow noopener\" target=\"_blank\">Visualiser le contenu sur Instagram<\/a><\/p>\n<p class=\" wall-content\">Petrusse avait d\u00e9j\u00e0 cr\u00e9\u00e9 un autre foulard pour la Cit\u00e9 du Vin, Carr\u00e9 soie 90 Calix Fruit Rouge, qui reprend les symboles du vin dans une composition contemporaine.<\/p>\n<p>Vid\u00e9os : en ce moment sur Actu<br \/>\n    <img   decoding=\"async\" loading=\"lazy\" class=\"size-large\" src=\"https:\/\/www.europesays.com\/fr\/wp-content\/uploads\/2025\/11\/918364402b096658364402b0929836v-819x640.jpeg\" alt=\"Le nouveau foulard Ampelia cr\u00e9\u00e9 par la Maison Petrusse pour La Cit\u00e9 du Vin de Bordeaux.\" width=\"819\" height=\"640\"\/><br \/>\n    Le carr\u00e9 \u00ab\u00a0Amp\u00e9lia\u00a0\u00bb de la Maison Petrusse pour La Cit\u00e9 du Vin. \u00a9La Cit\u00e9 du Vin \/ PetrusseDans \u00ab 50\u00a0Minutes Inside \u00bb sur TF1<\/p>\n<p class=\" wall-content\">Le magazine de <b>TF1<\/b> \u00ab <a href=\"https:\/\/www.tf1.fr\/tf1\/50-mn-inside\/videos\" rel=\"nofollow noopener\" target=\"_blank\">50\u00a0Minutes Inside<\/a> \u00bb est venu filmer le \u00ab <b>d\u00eener voyage<\/b> \u00bb exclusif imagin\u00e9 par le chef Lucas Cramaix au <b>Cap Ferret<\/b> pour le lancement de la collection Automne-Hiver 2025 de Petrusse.<\/p>\n<p>Votre r\u00e9gion, votre actu !<\/p>\n<p>Recevez chaque jour les infos qui comptent pour vous.<\/p>\n<p>\t<a href=\"https:\/\/actu.fr\/newsletter\" class=\"ac-btn ac-btn--corner ac-btn--medium ac-btn--blue800\" rel=\"nofollow noopener\" target=\"_blank\">S&rsquo;incrire<\/a><\/p>\n<p class=\" wall-content\"><a href=\"https:\/\/www.instagram.com\/p\/DPQfOKQDZ8L\/embed\" title=\"Ouvrir le lien sur Instagram\" rel=\"nofollow noopener\" target=\"_blank\">Visualiser le contenu sur Instagram<\/a><\/p>\n<p class=\" wall-content\">Le reportage s\u2019intitule : \u00ab Bassin d\u2019Arcachon, le paradis des nouveaux d\u00e9fis \u00bb. Il a \u00e9t\u00e9 diffus\u00e9 sur TF1 le 27 septembre 2025. Il est \u00e0 retrouver <a href=\"https:\/\/www.tf1.fr\/tf1\/50-mn-inside\/videos\/bassin-darcachon-le-paradis-des-nouveaux-defis-61991906.html\" rel=\"nofollow noopener\" target=\"_blank\">en replay ici<\/a>.<\/p>\n<p class=\" wall-content\">Il s\u2019agissait d\u2019un <b>menu en quatre temps<\/b>, chacun inspir\u00e9 d\u2019une cr\u00e9ation phare de la collection .<\/p>\n<p class=\" wall-content\">\u00a0\u00ab Une aventure entre les jardins de nos <b>Ateliers du Ch\u00e2teau Mauriac<\/b>, la <b>M\u00e9diterran\u00e9e <\/b>et l\u2019<b>Inde<\/b> \u00bb, pr\u00e9cise Florence Lafragette, pr\u00e9sidente et directrice artistique de la Maison Petrusse.<\/p>\n<p class=\" wall-content\">Personnalisez votre actualit\u00e9 en ajoutant vos villes et m\u00e9dias en favori avec <a href=\"https:\/\/moncompte.actu.fr\" title=\"D\u00e9couvez Mon Actu\" rel=\"nofollow noopener\" data-trk=\"{&quot;cta&quot;:{&quot;action&quot;:&quot;https:\\\/\\\/moncompte.actu.fr&quot;,&quot;category&quot;:&quot;mon compte&quot;,&quot;from&quot;:&quot;article footer&quot;,&quot;name&quot;:&quot;Mon actu&quot;,&quot;type&quot;:&quot;cta&quot;}}\" target=\"_blank\">Mon Actu<\/a>.<\/p>\n<p>                    <script async src=\"\/\/www.instagram.com\/embed.js\"><\/script><\/p>\n","protected":false},"excerpt":{"rendered":"Par Bernard Peyr\u00e9 Publi\u00e9 le 22 nov. 2025 \u00e0 7h46 C\u2019est un beau mariage. Les ateliers de la&hellip;\n","protected":false},"author":2,"featured_media":550853,"comment_status":"","ping_status":"","sticky":false,"template":"","format":"standard","meta":{"footnotes":""},"categories":[2817],"tags":[1111,11,1477,1997,1777,674,1011,27,2425,12,2219,25,104,1662],"class_list":{"0":"post-550852","1":"post","2":"type-post","3":"status-publish","4":"format-standard","5":"has-post-thumbnail","7":"category-bordeaux","8":"tag-actu","9":"tag-actualites","10":"tag-artisanat","11":"tag-bordeaux","12":"tag-eu","13":"tag-europe","14":"tag-fr","15":"tag-france","16":"tag-luxe","17":"tag-news","18":"tag-nouvelle-aquitaine","19":"tag-republique-francaise","20":"tag-societe","21":"tag-vin"},"share_on_mastodon":{"url":"https:\/\/pubeurope.com\/@fr\/115592268853701754","error":""},"_links":{"self":[{"href":"https:\/\/www.europesays.com\/fr\/wp-json\/wp\/v2\/posts\/550852","targetHints":{"allow":["GET"]}}],"collection":[{"href":"https:\/\/www.europesays.com\/fr\/wp-json\/wp\/v2\/posts"}],"about":[{"href":"https:\/\/www.europesays.com\/fr\/wp-json\/wp\/v2\/types\/post"}],"author":[{"embeddable":true,"href":"https:\/\/www.europesays.com\/fr\/wp-json\/wp\/v2\/users\/2"}],"replies":[{"embeddable":true,"href":"https:\/\/www.europesays.com\/fr\/wp-json\/wp\/v2\/comments?post=550852"}],"version-history":[{"count":0,"href":"https:\/\/www.europesays.com\/fr\/wp-json\/wp\/v2\/posts\/550852\/revisions"}],"wp:featuredmedia":[{"embeddable":true,"href":"https:\/\/www.europesays.com\/fr\/wp-json\/wp\/v2\/media\/550853"}],"wp:attachment":[{"href":"https:\/\/www.europesays.com\/fr\/wp-json\/wp\/v2\/media?parent=550852"}],"wp:term":[{"taxonomy":"category","embeddable":true,"href":"https:\/\/www.europesays.com\/fr\/wp-json\/wp\/v2\/categories?post=550852"},{"taxonomy":"post_tag","embeddable":true,"href":"https:\/\/www.europesays.com\/fr\/wp-json\/wp\/v2\/tags?post=550852"}],"curies":[{"name":"wp","href":"https:\/\/api.w.org\/{rel}","templated":true}]}}