{"id":550872,"date":"2025-11-22T08:05:10","date_gmt":"2025-11-22T08:05:10","guid":{"rendered":"https:\/\/www.europesays.com\/fr\/550872\/"},"modified":"2025-11-22T08:05:10","modified_gmt":"2025-11-22T08:05:10","slug":"ou-sont-passes-les-milliers-de-lettres-et-dessins-deposes-en-memoires-des-attentats-du-13-novembre","status":"publish","type":"post","link":"https:\/\/www.europesays.com\/fr\/550872\/","title":{"rendered":"o\u00f9 sont pass\u00e9s les milliers de lettres et dessins d\u00e9pos\u00e9s en m\u00e9moires des attentats du 13-Novembre\u00a0?"},"content":{"rendered":"<p>                    Par<br \/>\n        <strong><br \/>\n            <a href=\"https:\/\/actu.fr\/auteur\/glenn-gillet\" title=\"Consulter tous les articles de Glenn Gillet\" target=\"_blank\" rel=\"noopener\">Glenn Gillet<\/a><br \/>\n                    <\/strong><\/p>\n<p>        Publi\u00e9 le<\/p>\n<p>            22 nov. 2025 \u00e0 8h00        <\/p>\n<p>Des actes de <strong>m\u00e9moire<\/strong> et de coh\u00e9sion. Des <strong>milliers de personnes<\/strong> ont afflu\u00e9 pour <a href=\"https:\/\/actu.fr\/ile-de-france\/paris_75056\/attentats-du-13-novembre-les-parisiens-invites-a-deposer-une-fleur-ou-une-bougie-place-de-la-republique_63403783.html\" target=\"_blank\" rel=\"noopener\">d\u00e9poser une bougie, une fleur, un dessin ou encore un simple mot<\/a> aux pieds de la statue de la place de la R\u00e9publique \u00e0 Paris dans le cadre des <a href=\"https:\/\/actu.fr\/ile-de-france\/paris_75056\/islam-hors-d-europe-des-militants-d-extreme-droite-interpelles-apres-une-action-a-paris-le-13-novembre_63457892.html\" target=\"_blank\" rel=\"noopener\">hommages<\/a> dix ans apr\u00e8s les<a href=\"https:\/\/actu.fr\/tag\/attentats-du-13-novembre\" target=\"_blank\" rel=\"noopener\"> attentats du 13\u00a0novembre 2015<\/a>. Mais quelques jours apr\u00e8s la fin des comm\u00e9morations, la place a \u00e9t\u00e9 <strong>compl\u00e8tement nettoy\u00e9e<\/strong>. Mais o\u00f9 sont donc pass\u00e9s les milliers d\u2019objets qui s\u2019y amoncelaient il y a encore quelques jours ?<\/p>\n<p>Un ramassage int\u00e9gral r\u00e9alis\u00e9 par les Archives de Paris<\/p>\n<p class=\" wall-content\">\u00ab\u2009Vos mots, les dessins de vos enfants, vos bougies\u2026 ne resteront pas lettre morte\u2009\u00bb, a en effet annonc\u00e9 la Ville de Paris mercredi 19\u00a0novembre 2025. Elle annonce en effet avoir collect\u00e9 tous les objets qui pouvaient l\u2019\u00eatre pour <strong>alimenter les archives municipales<\/strong>, comme l\u2019avaient \u00e9t\u00e9 les objets d\u00e9pos\u00e9s ans les jours ayant suivi les attentats il y a 10\u00a0ans.<\/p>\n<p class=\" wall-content\">\u00ab\u2009Les Archives de Paris ont entrepris une nouvelle collecte pour les pr\u00e9server comme en d\u00e9cembre\u00a02015 d\u00e9j\u00e0, o\u00f9 avaient \u00e9t\u00e9 recueillis les dessins, mots, lettres, origamis laiss\u00e9s spontan\u00e9ment devant les lieux des attentats\u2009\u00bb, d\u00e9veloppe la municipalit\u00e9, pr\u00e9cisant que tous ces documents seront \u00e0 terme accessibles sur le <a href=\"https:\/\/archives.paris.fr\/rechercher-et-consulter\/memoire-des-attentats-de-2015\" target=\"_blank\" rel=\"noopener\">site en ligne<\/a> d\u00e9di\u00e9 aux hommages en lien avec les attentats du 13-Novembre.<\/p>\n<p>Plus de 7000 objets d\u00e9j\u00e0 collect\u00e9s en 2015<\/p>\n<p class=\" wall-content\">Selon les donn\u00e9es municipales, ce sont 7689 objets d\u2019hommages qui avaient \u00e9t\u00e9 d\u2019abord photographi\u00e9s puis collect\u00e9s par les employ\u00e9s des archives parisiennes fin 2015. Ces derniers ont ensuite eu \u00ab\u2009la t\u00e2che de <strong>collecter, nettoyer et classer<\/strong> tous ces documents afin de pr\u00e9server les t\u00e9moignages de cet \u00e9lan de solidarit\u00e9\u2009\u00bb.<\/p>\n<p class=\" wall-content\">\u00ab\u2009Une entreprise sp\u00e9cialis\u00e9e se charge donc de d\u00e9sinfecter chaque objet pr\u00e9lev\u00e9 sur les sites des m\u00e9moriaux. Si les Archives de Paris se chargent des textes et dessins, les objets proprement dits, tels que les nombreuses guitares, sont pris en charge par le mus\u00e9e Carnavalet\u2009\u00bb, sp\u00e9cialis\u00e9 sur l\u2019histoire de Paris, d\u00e9taille la Ville de Paris.<\/p>\n<p class=\" wall-content\">Un travail d\u2019une ampleur colossal qui a contribu\u00e9 \u00e0 la conservation de la m\u00e9moire des 132 victimes des attentats du 13-Novembre.<\/p>\n<p class=\" wall-content\">Personnalisez votre actualit\u00e9 en ajoutant vos villes et m\u00e9dias en favori avec <a href=\"https:\/\/moncompte.actu.fr\" title=\"D\u00e9couvez Mon Actu\" rel=\"nofollow noopener\" data-trk=\"{&quot;cta&quot;:{&quot;action&quot;:&quot;https:\\\/\\\/moncompte.actu.fr&quot;,&quot;category&quot;:&quot;mon compte&quot;,&quot;from&quot;:&quot;article footer&quot;,&quot;name&quot;:&quot;Mon actu&quot;,&quot;type&quot;:&quot;cta&quot;}}\" target=\"_blank\">Mon Actu<\/a>.<\/p>\n","protected":false},"excerpt":{"rendered":"Par Glenn Gillet Publi\u00e9 le 22 nov. 2025 \u00e0 8h00 Des actes de m\u00e9moire et de coh\u00e9sion. Des&hellip;\n","protected":false},"author":2,"featured_media":550873,"comment_status":"","ping_status":"","sticky":false,"template":"","format":"standard","meta":{"footnotes":""},"categories":[1888],"tags":[1111,1928,11,1927,23846,63704,61701,1777,674,118,1011,27,12,1926,626,1925,2551,25],"class_list":{"0":"post-550872","1":"post","2":"type-post","3":"status-publish","4":"format-standard","5":"has-post-thumbnail","7":"category-paris","8":"tag-actu","9":"tag-actu-paris","10":"tag-actualites","11":"tag-actualites-paris","12":"tag-attentats","13":"tag-attentats-du-13-novembre-2015","14":"tag-attentats-du-13-novembre","15":"tag-eu","16":"tag-europe","17":"tag-faits-divers","18":"tag-fr","19":"tag-france","20":"tag-news","21":"tag-news-paris","22":"tag-paris","23":"tag-paris-news","24":"tag-patrimoine","25":"tag-republique-francaise"},"share_on_mastodon":{"url":"https:\/\/pubeurope.com\/@fr\/115592320050355650","error":""},"_links":{"self":[{"href":"https:\/\/www.europesays.com\/fr\/wp-json\/wp\/v2\/posts\/550872","targetHints":{"allow":["GET"]}}],"collection":[{"href":"https:\/\/www.europesays.com\/fr\/wp-json\/wp\/v2\/posts"}],"about":[{"href":"https:\/\/www.europesays.com\/fr\/wp-json\/wp\/v2\/types\/post"}],"author":[{"embeddable":true,"href":"https:\/\/www.europesays.com\/fr\/wp-json\/wp\/v2\/users\/2"}],"replies":[{"embeddable":true,"href":"https:\/\/www.europesays.com\/fr\/wp-json\/wp\/v2\/comments?post=550872"}],"version-history":[{"count":0,"href":"https:\/\/www.europesays.com\/fr\/wp-json\/wp\/v2\/posts\/550872\/revisions"}],"wp:featuredmedia":[{"embeddable":true,"href":"https:\/\/www.europesays.com\/fr\/wp-json\/wp\/v2\/media\/550873"}],"wp:attachment":[{"href":"https:\/\/www.europesays.com\/fr\/wp-json\/wp\/v2\/media?parent=550872"}],"wp:term":[{"taxonomy":"category","embeddable":true,"href":"https:\/\/www.europesays.com\/fr\/wp-json\/wp\/v2\/categories?post=550872"},{"taxonomy":"post_tag","embeddable":true,"href":"https:\/\/www.europesays.com\/fr\/wp-json\/wp\/v2\/tags?post=550872"}],"curies":[{"name":"wp","href":"https:\/\/api.w.org\/{rel}","templated":true}]}}