{"id":550880,"date":"2025-11-22T08:09:13","date_gmt":"2025-11-22T08:09:13","guid":{"rendered":"https:\/\/www.europesays.com\/fr\/550880\/"},"modified":"2025-11-22T08:09:13","modified_gmt":"2025-11-22T08:09:13","slug":"masha-et-michka-le-celebre-dessin-anime-russe-est-il-pro-kremlin","status":"publish","type":"post","link":"https:\/\/www.europesays.com\/fr\/550880\/","title":{"rendered":"Masha et Michka\u00a0: le c\u00e9l\u00e8bre dessin anim\u00e9 russe est-il pro-Kremlin\u00a0?"},"content":{"rendered":"<p>\n                                                                    l&rsquo;essentiel<br \/>\n                                                                Le dessin anim\u00e9 \u00ab\u00a0Masha et Michka\u00a0\u00bb met en sc\u00e8ne un ours et une petite fille. Cr\u00e9\u00e9 en 2009, et diffus\u00e9 dans de nombreux pays dont la France, il est sans doute le dessin anim\u00e9 russe le plus populaire. Au point de devenir une arme de propagande\u00a0?\n                            <\/p>\n<p>\u00ab\u00a0Masha et Michka\u00a0\u00bb servent-il de propagande \u00e0 Vladimir Poutine\u00a0? La question para\u00eet saugrenue. Au premier abord, rien ne le laisse penser dans les rares dialogues, les sc\u00e9narios ou les d\u00e9cors.<\/p>\n<p>La s\u00e9rie raconte les aventures de Michka, un ours retrait\u00e9 d\u2019un cirque, qui vit dans une petite maison au milieu de la for\u00eat. Brave, balourd, il n\u2019aime pas vraiment \u00eatre d\u00e9rang\u00e9. Jusqu\u2019\u00e0 ce qu\u2019il croise la petite Masha, une fillette espi\u00e8gle, curieuse, gourmande, qui vit \u00e0 cent \u00e0 l\u2019heure et qui va l\u2019entra\u00eener dans ses aventures.<\/p>\n<p>Cr\u00e9\u00e9e en Russie en 2009 par le studio Animaccord, \u00ab\u00a0Masha et Michka\u00a0\u00bb a \u00e9t\u00e9 doubl\u00e9e dans de nombreuses langues et diffus\u00e9e dans 150 pays dans le monde entier. Bourr\u00e9e d\u2019humour, elle a connu 9 saisons et pr\u00e8s de 200 \u00e9pisodes. En France, elle est actuellement rediffus\u00e9e sur France 5 et Piwi +.<\/p>\n<p>\u00ab\u00a0Quelque chose de poutinien\u00a0\u00bb<\/p>\n<p>Au-del\u00e0 du regard qu\u2019ont les enfants sur \u00ab\u00a0Masha et Michka\u00a0\u00bb, il y aurait une autre lecture pour les adultes, \u00e0 en croire Priit H\u00f5bem\u00e4gi, ma\u00eetre de conf\u00e9rences \u00e0 l\u2019Institut de communication de l\u2019universit\u00e9 de Tallinn (Estonie). Avant la guerre en Ukraine, il avait d\u00e9clar\u00e9 que l\u2019ours symbolisait la Russie et que le but du personnage \u00e9tait de transmettre une image positive du pays aux enfants. Quitte \u00e0 redouter une possible \u00ab\u00a0cinqui\u00e8me colonne\u00a0\u00bb pour Moscou \u2013 terme qui d\u00e9signe les partisans cach\u00e9s d\u2019un Etat au sein d\u2019un autre Etat \u2013 avait-il expliqu\u00e9 au quotidien finlandais <a href=\"https:\/\/www.hs.fi\/kulttuuri\/art-2000005232029.html\" target=\"_blank\" rel=\"noopener\">Helsingin Sanomat<\/a>.<\/p>\n<p>Une hypoth\u00e8se plausible ou farfelue\u00a0? Au Royaume-Uni, <a href=\"https:\/\/www.thetimes.com\/world\/russia-ukraine-war\/article\/childrens-show-is-propaganda-for-putin-say-critics-j9wxcvslm\" target=\"_blank\" rel=\"noopener\">The Times<\/a> a interrog\u00e9 un expert en s\u00e9curit\u00e9 de l\u2019universit\u00e9 de Buckingham. \u00ab\u00a0Macha peut \u00eatre impertinente, voire insupportable, mais elle est \u00e9galement d\u00e9termin\u00e9e. Elle a des pr\u00e9tentions excessives. On pourrait sans exag\u00e9ration d\u00e9celer en elle quelque chose de poutinien\u00a0\u00bb, estime-t-il.<\/p>\n<p>\u00ab\u00a0Une bonne dose d\u2019ironie\u00a0\u00bb<\/p>\n<p>Ainsi donc, ironise le journal russe <a href=\"https:\/\/www.gazeta.ru\/comments\/2018\/11\/19_e_12064015.shtml?updated\" target=\"_blank\" rel=\"noopener\">Gazeta<\/a>, l\u2019ours repr\u00e9senterait \u00ab\u00a0la bonne et charmante Russie\u00a0\u00bb et Masha \u00ab\u00a0l\u2019impertinent Poutine\u00a0\u00bb. Interrog\u00e9, le directeur du studio russe Animaccord r\u00e9agit avec \u00ab\u00a0une bonne dose d\u2019ironie\u00a0\u00bb. \u00ab\u00a0Travailler pour la propagande du Kremlin doit \u00eatre tr\u00e8s bien pay\u00e9. Or, en dix ans, nous n\u2019avons pas per\u00e7u un kopeck de subvention de l\u2019Etat. Et nous n\u2019avons rien demand\u00e9, car il s\u2019agit d\u2019un projet strictement commercial\u00a0\u00bb, explique Dmitri Love\u00efko \u00e0 l\u2019agence de presse Ria Novosti.<\/p>\n<p>Preuve que \u00ab\u00a0Masha et Michka\u00a0\u00bb ne laisse pas indiff\u00e9rent, un politologue russe pro-Kremlin Vadim Popov a un autre regard. Il estime que le dessin anim\u00e9 contient \u00ab\u00a0une multitude de messages nuisibles qui contredisent les valeurs traditionnelles russes\u00a0\u00bb, rapporte <a href=\"https:\/\/www.themoscowtimes.com\/2025\/10\/31\/how-masha-and-the-bear-upset-this-putinist-activist-a91002\" target=\"_blank\" rel=\"noopener\">The Moscow Times<\/a>. \u00ab\u00a0Comment est-il possible qu\u2019une petite fille vive seule\u00a0?\u00a0\u00bb, se demande-t-il par exemple\u2026<\/p>\n<p>Quoi qu\u2019il en soit, \u00ab\u00a0Masha et Michka\u00a0\u00bb a fait rire des millions d\u2019enfants depuis 2010 et d\u00e9montre une nouvelle fois le grand talent de l\u2019animation russe.<\/p>\n","protected":false},"excerpt":{"rendered":"l&rsquo;essentiel Le dessin anim\u00e9 \u00ab\u00a0Masha et Michka\u00a0\u00bb met en sc\u00e8ne un ours et une petite fille. Cr\u00e9\u00e9 en&hellip;\n","protected":false},"author":2,"featured_media":550881,"comment_status":"","ping_status":"","sticky":false,"template":"","format":"standard","meta":{"footnotes":""},"categories":[1591],"tags":[11,1887,12,1885,1886,132],"class_list":{"0":"post-550880","1":"post","2":"type-post","3":"status-publish","4":"format-standard","5":"has-post-thumbnail","7":"category-russie","8":"tag-actualites","9":"tag-federation-de-russie","10":"tag-news","11":"tag-russia","12":"tag-russian-federation","13":"tag-russie"},"share_on_mastodon":{"url":"","error":""},"_links":{"self":[{"href":"https:\/\/www.europesays.com\/fr\/wp-json\/wp\/v2\/posts\/550880","targetHints":{"allow":["GET"]}}],"collection":[{"href":"https:\/\/www.europesays.com\/fr\/wp-json\/wp\/v2\/posts"}],"about":[{"href":"https:\/\/www.europesays.com\/fr\/wp-json\/wp\/v2\/types\/post"}],"author":[{"embeddable":true,"href":"https:\/\/www.europesays.com\/fr\/wp-json\/wp\/v2\/users\/2"}],"replies":[{"embeddable":true,"href":"https:\/\/www.europesays.com\/fr\/wp-json\/wp\/v2\/comments?post=550880"}],"version-history":[{"count":0,"href":"https:\/\/www.europesays.com\/fr\/wp-json\/wp\/v2\/posts\/550880\/revisions"}],"wp:featuredmedia":[{"embeddable":true,"href":"https:\/\/www.europesays.com\/fr\/wp-json\/wp\/v2\/media\/550881"}],"wp:attachment":[{"href":"https:\/\/www.europesays.com\/fr\/wp-json\/wp\/v2\/media?parent=550880"}],"wp:term":[{"taxonomy":"category","embeddable":true,"href":"https:\/\/www.europesays.com\/fr\/wp-json\/wp\/v2\/categories?post=550880"},{"taxonomy":"post_tag","embeddable":true,"href":"https:\/\/www.europesays.com\/fr\/wp-json\/wp\/v2\/tags?post=550880"}],"curies":[{"name":"wp","href":"https:\/\/api.w.org\/{rel}","templated":true}]}}