{"id":550884,"date":"2025-11-22T08:11:13","date_gmt":"2025-11-22T08:11:13","guid":{"rendered":"https:\/\/www.europesays.com\/fr\/550884\/"},"modified":"2025-11-22T08:11:13","modified_gmt":"2025-11-22T08:11:13","slug":"etats-unis-figure-de-lextreme-droite-marjorie-taylor-greene-demissionne-du-congres-apres-des-tensions-avec-donald-trump","status":"publish","type":"post","link":"https:\/\/www.europesays.com\/fr\/550884\/","title":{"rendered":"\u00c9tats-Unis\u00a0: figure de l\u2019extr\u00eame droite, Marjorie Taylor Greene d\u00e9missionne du Congr\u00e8s apr\u00e8s des tensions avec Donald Trump"},"content":{"rendered":"<p class=\"paragraph text_align_left lp-f-body-02\">Le d\u00e9part fracassant d\u2019une \u00e9g\u00e9rie du mouvement MAGA (Make America Great Again). La parlementaire am\u00e9ricaine Marjorie Taylor Greene, <a href=\"https:\/\/www.leparisien.fr\/international\/etats-unis\/conspirationniste-fidele-trumpiste-qui-est-marjorie-taylor-greene-lelue-republicaine-accusee-de-delit-dinitie-17-04-2025-IPHNG2GDYJG2HI6TBEBXFFFIZE.php\" target=\"_self\" rel=\"noopener\">qui fut un soutien ind\u00e9fectible de Donald Trump<\/a>, a annonc\u00e9 vendredi soir sa d\u00e9mission de la Chambre des repr\u00e9sentants. Un d\u00e9part intervenant apr\u00e8s que le pr\u00e9sident a rompu <a href=\"https:\/\/www.leparisien.fr\/international\/etats-unis\/je-ne-me-tairai-pas-marjorie-taylor-greene-la-pyromane-dont-trump-a-perdu-le-controle-06-09-2025-C422ZTYSY5FSPE6THL2RC2XT3E.php\" target=\"_self\" rel=\"noopener\">avec celle qui a d\u00e9nonc\u00e9 sa gestion du scandale sexuel Epstein.<\/a><\/p>\n<p class=\"paragraph text_align_left lp-f-body-02\">\u00ab Je d\u00e9missionnerai de mes fonctions le 5 janvier 2026 \u00bb, a d\u00e9clar\u00e9 l\u2019\u00e9lue r\u00e9publicaine de G\u00e9orgie (sud) dans <a href=\"https:\/\/x.com\/mtgreenee\/status\/1992035608387039359\" target=\"_self\" rel=\"\">un communiqu\u00e9 sur le r\u00e9seau social X<\/a>, ajoutant que \u00ab d\u00e9fendre les femmes am\u00e9ricaines qui ont \u00e9t\u00e9 viol\u00e9es \u00e0 l\u2019\u00e2ge de 14 ans, victimes de trafic et exploit\u00e9es par des hommes riches et puissants ne devrait pas m\u2019exposer \u00e0 \u00eatre qualifi\u00e9e de tra\u00eetre et \u00eatre menac\u00e9e par le pr\u00e9sident des \u00c9tats-Unis, pour lequel je me suis battue \u00bb.<\/p>\n<p>\u00ab Super nouvelle pour le pays \u00bb, dit Trump<\/p>\n<p class=\"paragraph text_align_left lp-f-body-02\">Dans une vid\u00e9o, elle a \u00e9galement affirm\u00e9 qu\u2019elle avait \u00ab toujours \u00e9t\u00e9 m\u00e9pris\u00e9e \u00e0 Washington \u00bb et qu\u2019elle ne s\u2019\u00e9tait \u00ab jamais int\u00e9gr\u00e9e \u00bb. Marjorie Taylor Greene a enfin pr\u00e9dit que \u00ab les r\u00e9publicains perdraient probablement les \u00e9lections (l\u00e9gislatives) de mi-mandat \u00bb en novembre 2026.<\/p>\n<p class=\"paragraph text_align_left lp-f-body-02\">Dans une premi\u00e8re r\u00e9action au t\u00e9l\u00e9phone avec la t\u00e9l\u00e9vision ABC News, le pr\u00e9sident am\u00e9ricain a estim\u00e9 que cette d\u00e9mission \u00e9tait \u00ab une super nouvelle pour le pays \u00bb et que l\u2019int\u00e9ress\u00e9e \u00ab devrait \u00eatre heureuse \u00bb.<\/p>\n<p class=\"paragraph text_align_left lp-f-body-02\"><a href=\"https:\/\/www.leparisien.fr\/international\/etats-unis\/affaire-jeffrey-epstein-barge-folle-furieuse-donald-trump-rompt-avec-une-figure-de-sa-galaxie-maga-15-11-2025-NHVHVL4VWBBKBLSBTEPGN676SM.php\" target=\"_self\" rel=\"noopener\">En lui retirant son soutien le week-end dernier<\/a>, Donald Trump l\u2019avait trait\u00e9e de \u00ab Marjorie La Tra\u00eetre Greene \u00bb et \u00ab Maggie la Dingue \u00bb. Son tort ? Cette femme d\u2019extr\u00eame droite de 51 ans avait critiqu\u00e9 la mani\u00e8re dont son mentor g\u00e9rait l\u2019affaire Epstein.<\/p>\n<p>Position fluctuante sur le dossier Epstein<\/p>\n<p class=\"paragraph text_align_left lp-f-body-02\">La position du milliardaire r\u00e9publicain, revenu \u00e0 la Maison Blanche il y a moins d\u2019un an,<a href=\"https:\/\/www.leparisien.fr\/international\/etats-unis\/on-na-rien-a-cacher-le-revirement-de-trump-sur-laffaire-epstein-qui-appelle-a-voter-pour-la-publication-des-dossiers-17-11-2025-P2OYMDAZJRE3HLBRYNCJHBJ3VQ.php\" target=\"_self\" rel=\"noopener\"> a beaucoup vari\u00e9 sur ce dossier tentaculaire aux r\u00e9v\u00e9lations potentiellement explosives. <\/a>Et il a sem\u00e9 la division dans son propre camp et au sein de sa base ultra-loyale MAGA.<\/p>\n<p class=\"paragraph text_align_left lp-f-body-02\">Le pr\u00e9sident Trump a toujours d\u00e9menti avoir connaissance du comportement criminel d\u2019Epstein dont il fut proche dans les ann\u00e9es 1990 \u00e0 New York et en Floride, avant de se brouiller avec lui dans les ann\u00e9es 2000 : l\u2019homme d\u2019affaires de 79 ans a affirm\u00e9 que leur dispute remontait \u00e0 des ann\u00e9es avant que les crimes sexuels d\u2019Epstein et de son ancienne comparse et complice Ghislaine Maxwell, qui purge une peine de 20 ans de prison, n\u2019\u00e9clatent au grand jour.<\/p>\n<p class=\"paragraph text_align_left lp-f-body-02\">Apr\u00e8s avoir promis durant sa campagne victorieuse de 2024 des r\u00e9v\u00e9lations fracassantes, Donald Trump a exhort\u00e9 ses partisans \u00e0 tourner la page en qualifiant l\u2019affaire de \u00ab canular \u00bb mont\u00e9 en \u00e9pingle par l\u2019opposition d\u00e9mocrate. Il a r\u00e9affirm\u00e9 n\u2019avoir \u00ab rien \u00e0 voir avec Jeffrey Epstein \u00bb, accus\u00e9 de trafic sexuel de jeunes filles mineures, le qualifiant de \u00ab pervers malade \u00bb.<\/p>\n<p class=\"paragraph text_align_left lp-f-body-02\">Mais selon des courriels publi\u00e9s mi-novembre par des \u00e9lus d\u00e9mocrates de la Chambre, Epstein \u00e9crivait peu avant sa mort <a href=\"https:\/\/www.leparisien.fr\/international\/etats-unis\/que-contiennent-les-dossiers-epstein-dont-leur-publication-vient-detre-approuvee-par-le-congres-americain-19-11-2025-33MT3USXFZFXNCSUKWKACOYMEA.php\" target=\"_self\" rel=\"noopener\">que Donald Trump \u00ab savait \u00e0 propos des filles \u00bb<\/a> et aurait m\u00eame \u00ab pass\u00e9 plusieurs heures \u00bb avec l\u2019une d\u2019elles.<\/p>\n<p class=\"paragraph text_align_left lp-f-body-02\">Dernier retournement de situation en date : Donald Trump <a href=\"https:\/\/www.leparisien.fr\/international\/etats-unis\/je-viens-de-signer-la-loi-trump-valide-la-publication-des-dossiers-epstein-mais-le-flou-demeure-20-11-2025-IRZNBBCP7BGJXBVYF5MQ6LURPI.php\" target=\"_self\" rel=\"noopener\">a promulgu\u00e9 le 20 novembre<\/a> une loi qui contraint son gouvernement \u00e0 rendre publics tous les documents officiels sur cette affaire impliquant un financier de la jet-set new-yorkaise, Jeffrey Epstein, <a href=\"https:\/\/www.leparisien.fr\/faits-divers\/jeffrey-epstein-vie-et-mort-dun-predateur-sexuel-19-08-2022-E2MFIRYDV5EG5ECAHA3LZOAULM.php\" target=\"_self\" rel=\"noopener\">mort en prison \u00e0 l\u2019\u00e9t\u00e9 2019 avant son proc\u00e8s pour crimes sexuels.<\/a><\/p>\n","protected":false},"excerpt":{"rendered":"Le d\u00e9part fracassant d\u2019une \u00e9g\u00e9rie du mouvement MAGA (Make America Great Again). La parlementaire am\u00e9ricaine Marjorie Taylor Greene,&hellip;\n","protected":false},"author":2,"featured_media":550885,"comment_status":"","ping_status":"","sticky":false,"template":"","format":"standard","meta":{"footnotes":""},"categories":[1589],"tags":[11,73,1866,14,12,1864,1865,1863,308],"class_list":{"0":"post-550884","1":"post","2":"type-post","3":"status-publish","4":"format-standard","5":"has-post-thumbnail","7":"category-etats-unis","8":"tag-actualites","9":"tag-etats-unis","10":"tag-etats-unis-damerique","11":"tag-international","12":"tag-news","13":"tag-united-states","14":"tag-united-states-of-america","15":"tag-us","16":"tag-usa"},"share_on_mastodon":{"url":"https:\/\/pubeurope.com\/@fr\/115592343408954186","error":""},"_links":{"self":[{"href":"https:\/\/www.europesays.com\/fr\/wp-json\/wp\/v2\/posts\/550884","targetHints":{"allow":["GET"]}}],"collection":[{"href":"https:\/\/www.europesays.com\/fr\/wp-json\/wp\/v2\/posts"}],"about":[{"href":"https:\/\/www.europesays.com\/fr\/wp-json\/wp\/v2\/types\/post"}],"author":[{"embeddable":true,"href":"https:\/\/www.europesays.com\/fr\/wp-json\/wp\/v2\/users\/2"}],"replies":[{"embeddable":true,"href":"https:\/\/www.europesays.com\/fr\/wp-json\/wp\/v2\/comments?post=550884"}],"version-history":[{"count":0,"href":"https:\/\/www.europesays.com\/fr\/wp-json\/wp\/v2\/posts\/550884\/revisions"}],"wp:featuredmedia":[{"embeddable":true,"href":"https:\/\/www.europesays.com\/fr\/wp-json\/wp\/v2\/media\/550885"}],"wp:attachment":[{"href":"https:\/\/www.europesays.com\/fr\/wp-json\/wp\/v2\/media?parent=550884"}],"wp:term":[{"taxonomy":"category","embeddable":true,"href":"https:\/\/www.europesays.com\/fr\/wp-json\/wp\/v2\/categories?post=550884"},{"taxonomy":"post_tag","embeddable":true,"href":"https:\/\/www.europesays.com\/fr\/wp-json\/wp\/v2\/tags?post=550884"}],"curies":[{"name":"wp","href":"https:\/\/api.w.org\/{rel}","templated":true}]}}