{"id":550888,"date":"2025-11-22T08:13:15","date_gmt":"2025-11-22T08:13:15","guid":{"rendered":"https:\/\/www.europesays.com\/fr\/550888\/"},"modified":"2025-11-22T08:13:15","modified_gmt":"2025-11-22T08:13:15","slug":"allemagne-des-jeunes-claquent-la-porte-au-nez-de-merz-suite-a-ses-propos-sur-les-migrants","status":"publish","type":"post","link":"https:\/\/www.europesays.com\/fr\/550888\/","title":{"rendered":"Allemagne : des jeunes claquent la porte au nez de Merz suite \u00e0 ses propos sur les migrants"},"content":{"rendered":"<p>Le chancelier allemand a sans doute v\u00e9cu de meilleures semaines.<\/p>\n<p>D&rsquo;abord, il s&rsquo;est retrouv\u00e9 dans une situation d\u00e9licate au COP30. Friedrich Merz (CDU) a suscit\u00e9 une indignation g\u00e9n\u00e9rale en faisant une remarque d\u00e9sobligeante sur sa visite au Br\u00e9sil, qualifiant la ville de Bel\u00e9m, organisatrice de la COP30, de \u00ab\u00a0cet endroit\u00a0\u00bb.<\/p>\n<p>Et ensuite une c\u00e9r\u00e9monie cens\u00e9e refl\u00e9ter l&rsquo;engagement de l&rsquo;ex\u00e9cutif allemand en faveur des jeunes s&rsquo;est heurt\u00e9e&#8230; au boycott de ces m\u00eames jeunes.<\/p>\n<p>Mercredi soir, le chancelier Merz a tenu un discours d&rsquo;une vingtaine de minutes lors de la remise du prix \u00ab\u00a0Talisman\u00a0\u00bb de la Fondation allemande pour l&rsquo;int\u00e9gration \u00e0 Berlin. Ce prix honore les sportifs qui s&rsquo;engagent dans le domaine du sport et de la coh\u00e9sion sociale.<\/p>\n<p>Une trentaine de boursiers de la fondation ont voulu envoyer un signal fort par leur absence et ont quitt\u00e9 la salle lorsque Merz est arriv\u00e9 sur sc\u00e8ne. Dans le cadre de leur protestation, ils ont coll\u00e9 sur leurs v\u00eatements des autocollants portant l&rsquo;inscription \u00ab\u00a0Le paysage urbain, c&rsquo;est nous\u00a0\u00bb et ont pos\u00e9 pour une photo de groupe dans l&rsquo;entr\u00e9e pendant l&rsquo;intervention du chancelier. Ce n&rsquo;est qu&rsquo;apr\u00e8s la fin du discours qu&rsquo;ils sont retourn\u00e9s dans la salle.<\/p>\n<p>\u00ab\u00a0L&rsquo;Allemagne est un pays d&rsquo;immigration\u00a0\u00bb<\/p>\n<p>Le contexte est la <a href=\"https:\/\/fr.euronews.com\/2025\/10\/27\/un-probleme-dans-le-paysage-urbain-les-propos-de-merz-sur-limmigration-divisent-sa-coaliti\" rel=\"nofollow noopener\" target=\"_blank\"><strong>d\u00e9claration controvers\u00e9e<\/strong><\/a> de Merz sur le \u00ab\u00a0paysage urbain\u00a0\u00bb en octobre. Il avait alors d\u00e9clar\u00e9 que le gouvernement f\u00e9d\u00e9ral ferait des progr\u00e8s pour corriger les \u00e9checs pass\u00e9s en mati\u00e8re de politique d&rsquo;immigration, \u00ab\u00a0mais nous avons bien s\u00fbr toujours ce probl\u00e8me dans le paysage urbain\u00a0\u00bb (litt\u00e9ralement, \u00ab\u00a0dans l&rsquo;image de la ville\u00a0\u00bb). Et si le ministre f\u00e9d\u00e9ral de l&rsquo;Int\u00e9rieur Alexander Dobrindt (du parti-fr\u00e8re des conservateurs, le bavarois CSU) soutient les rapatriements, plusieurs membres de la coalition, et du public, ont moyennement appr\u00e9ci\u00e9 ces propos.<\/p>\n<p>Lors de son discours pendant la c\u00e9r\u00e9monie de remise du prix \u00ab\u00a0Talisman\u00a0\u00bb, Merz a salu\u00e9 l&rsquo;engagement des personnes pr\u00e9sentes : \u00ab\u00a0Vous \u00eates des mod\u00e8les pour tant de jeunes issus de l&rsquo;immigration\u00a0\u00bb. Ce faisant, Merz a \u00e9galement soulign\u00e9 les pr\u00e9jug\u00e9s auxquels les sportifs et les boursiers sont confront\u00e9s. Merz est le parrain de la Fondation allemande pour l&rsquo;int\u00e9gration.<\/p>\n<p>Il a reconnu que l&rsquo;histoire de l&rsquo;Allemagne aurait \u00e9t\u00e9 moins fructueuse sans l&rsquo;afflux de migrants, soulignant que cet afflux d&rsquo;\u00e9trangers devait \u00eatre r\u00e9glement\u00e9 et g\u00e9r\u00e9, et que c&rsquo;\u00e9tait l\u00e0 le secret d&rsquo;une int\u00e9gration r\u00e9ussie.<\/p>\n<p>Sources additionnelles<strong> \u2022 adaptation : Serge Duch\u00eane<\/strong><\/p>\n","protected":false},"excerpt":{"rendered":"Le chancelier allemand a sans doute v\u00e9cu de meilleures semaines. D&rsquo;abord, il s&rsquo;est retrouv\u00e9 dans une situation d\u00e9licate&hellip;\n","protected":false},"author":2,"featured_media":550889,"comment_status":"","ping_status":"","sticky":false,"template":"","format":"standard","meta":{"footnotes":""},"categories":[1587],"tags":[11,672,1804,1805,1803,1777,674,4710,1801,1061,12,2495,1802],"class_list":{"0":"post-550888","1":"post","2":"type-post","3":"status-publish","4":"format-standard","5":"has-post-thumbnail","7":"category-allemagne","8":"tag-actualites","9":"tag-allemagne","10":"tag-bundesrepublik-deutschland","11":"tag-de","12":"tag-deutschland","13":"tag-eu","14":"tag-europe","15":"tag-friedrich-merz","16":"tag-germany","17":"tag-immigration","18":"tag-news","19":"tag-refugies","20":"tag-republique-federale-dallemagne"},"share_on_mastodon":{"url":"https:\/\/pubeurope.com\/@fr\/115592351195001781","error":""},"_links":{"self":[{"href":"https:\/\/www.europesays.com\/fr\/wp-json\/wp\/v2\/posts\/550888","targetHints":{"allow":["GET"]}}],"collection":[{"href":"https:\/\/www.europesays.com\/fr\/wp-json\/wp\/v2\/posts"}],"about":[{"href":"https:\/\/www.europesays.com\/fr\/wp-json\/wp\/v2\/types\/post"}],"author":[{"embeddable":true,"href":"https:\/\/www.europesays.com\/fr\/wp-json\/wp\/v2\/users\/2"}],"replies":[{"embeddable":true,"href":"https:\/\/www.europesays.com\/fr\/wp-json\/wp\/v2\/comments?post=550888"}],"version-history":[{"count":0,"href":"https:\/\/www.europesays.com\/fr\/wp-json\/wp\/v2\/posts\/550888\/revisions"}],"wp:featuredmedia":[{"embeddable":true,"href":"https:\/\/www.europesays.com\/fr\/wp-json\/wp\/v2\/media\/550889"}],"wp:attachment":[{"href":"https:\/\/www.europesays.com\/fr\/wp-json\/wp\/v2\/media?parent=550888"}],"wp:term":[{"taxonomy":"category","embeddable":true,"href":"https:\/\/www.europesays.com\/fr\/wp-json\/wp\/v2\/categories?post=550888"},{"taxonomy":"post_tag","embeddable":true,"href":"https:\/\/www.europesays.com\/fr\/wp-json\/wp\/v2\/tags?post=550888"}],"curies":[{"name":"wp","href":"https:\/\/api.w.org\/{rel}","templated":true}]}}