{"id":550890,"date":"2025-11-22T08:14:21","date_gmt":"2025-11-22T08:14:21","guid":{"rendered":"https:\/\/www.europesays.com\/fr\/550890\/"},"modified":"2025-11-22T08:14:21","modified_gmt":"2025-11-22T08:14:21","slug":"leurope-taxe-les-petits-colis-des-janvier-2026","status":"publish","type":"post","link":"https:\/\/www.europesays.com\/fr\/550890\/","title":{"rendered":"l&rsquo;Europe taxe les petits colis d\u00e8s janvier 2026"},"content":{"rendered":"<p><strong>Les d\u00e9put\u00e9s fran\u00e7ais ont vot\u00e9 une redevance de deux euros sur les colis de moins de 150 euros en provenance de pays hors UE. Une mesure qui cible directement les plateformes chinoises de fast fashion.<\/strong><\/p>\n<p>L\u2019Assembl\u00e9e nationale fran\u00e7aise a adopt\u00e9 mercredi soir la cr\u00e9ation d\u2019une taxe de deux euros sur les petits colis import\u00e9s hors Union europ\u00e9enne. Le texte a recueilli 208 voix favorables contre 87 voix contre dans le cadre de l\u2019examen du budget 2026. Cette redevance entrera en vigueur le 1er janvier 2026, neuf mois avant la plupart des autres pays europ\u00e9ens. Les chiffres justifient l\u2019urgence de la mesure, explique TV Monaco dans un reportage consacr\u00e9 au sujet. En 2024, 4,6 milliards de colis de moins de 150 euros sont entr\u00e9s en Europe, soit plus de 145 par seconde. Selon la Commission europ\u00e9enne, 91% provenaient de Chine. Ces envois \u00e9chappaient jusqu\u2019ici aux droits de douane et aux contr\u00f4les syst\u00e9matiques. Seuls 0,125% des colis ont \u00e9t\u00e9 v\u00e9rifi\u00e9s l\u2019ann\u00e9e derni\u00e8re par les douanes fran\u00e7aises.<\/p>\n<p class=\"related\"><a href=\"https:\/\/www.monaco-tribune.com\/2025\/11\/pour-renforcer-votre-retraite-a-monaco-cette-astuce-peut-etre-tres-efficace\/\" rel=\"nofollow noopener\" target=\"_blank\">Pour renforcer votre retraite \u00e0 Monaco, cette astuce peut \u00eatre tr\u00e8s efficace<\/a><\/p>\n<p><strong>500 millions pour renforcer les contr\u00f4les<\/strong><\/p>\n<p>La ministre des Comptes publics Am\u00e9lie de Montchalin a d\u00e9fendu une redevance destin\u00e9e \u00e0 financer l\u2019achat de scanners et le recrutement de douaniers. Le dispositif devrait rapporter 500 millions d\u2019euros annuels. Les fonds permettront de d\u00e9tecter les produits dangereux ou non conformes qui circulent via les plateformes comme Shein et Temu. La redevance sera collect\u00e9e via le circuit de la TVA, aliment\u00e9 directement par les plateformes, et non par les consommateurs.<\/p>\n<blockquote class=\"instagram-media\" data-instgrm-permalink=\"https:\/\/www.instagram.com\/reel\/DRSWVr3CQoE\/?utm_source=ig_embed&amp;utm_campaign=loading\" data-instgrm-version=\"14\" style=\" background:#FFF; border:0; border-radius:3px; box-shadow:0 0 1px 0 rgba(0,0,0,0.5),0 1px 10px 0 rgba(0,0,0,0.15); margin: 1px; max-width:540px; min-width:326px; padding:0; width:99.375%; width:-webkit-calc(100% - 2px); width:calc(100% - 2px);\">\n<\/blockquote>\n<p>                <script async src=\"\/\/www.instagram.com\/embed.js\"><\/script><\/p>\n","protected":false},"excerpt":{"rendered":"Les d\u00e9put\u00e9s fran\u00e7ais ont vot\u00e9 une redevance de deux euros sur les colis de moins de 150 euros&hellip;\n","protected":false},"author":2,"featured_media":550891,"comment_status":"","ping_status":"","sticky":false,"template":"","format":"standard","meta":{"footnotes":""},"categories":[1586],"tags":[11,33,1777,674,1011,27,12,25],"class_list":{"0":"post-550890","1":"post","2":"type-post","3":"status-publish","4":"format-standard","5":"has-post-thumbnail","7":"category-europe","8":"tag-actualites","9":"tag-economie","10":"tag-eu","11":"tag-europe","12":"tag-fr","13":"tag-france","14":"tag-news","15":"tag-republique-francaise"},"share_on_mastodon":{"url":"https:\/\/pubeurope.com\/@fr\/115592355133006109","error":""},"_links":{"self":[{"href":"https:\/\/www.europesays.com\/fr\/wp-json\/wp\/v2\/posts\/550890","targetHints":{"allow":["GET"]}}],"collection":[{"href":"https:\/\/www.europesays.com\/fr\/wp-json\/wp\/v2\/posts"}],"about":[{"href":"https:\/\/www.europesays.com\/fr\/wp-json\/wp\/v2\/types\/post"}],"author":[{"embeddable":true,"href":"https:\/\/www.europesays.com\/fr\/wp-json\/wp\/v2\/users\/2"}],"replies":[{"embeddable":true,"href":"https:\/\/www.europesays.com\/fr\/wp-json\/wp\/v2\/comments?post=550890"}],"version-history":[{"count":0,"href":"https:\/\/www.europesays.com\/fr\/wp-json\/wp\/v2\/posts\/550890\/revisions"}],"wp:featuredmedia":[{"embeddable":true,"href":"https:\/\/www.europesays.com\/fr\/wp-json\/wp\/v2\/media\/550891"}],"wp:attachment":[{"href":"https:\/\/www.europesays.com\/fr\/wp-json\/wp\/v2\/media?parent=550890"}],"wp:term":[{"taxonomy":"category","embeddable":true,"href":"https:\/\/www.europesays.com\/fr\/wp-json\/wp\/v2\/categories?post=550890"},{"taxonomy":"post_tag","embeddable":true,"href":"https:\/\/www.europesays.com\/fr\/wp-json\/wp\/v2\/tags?post=550890"}],"curies":[{"name":"wp","href":"https:\/\/api.w.org\/{rel}","templated":true}]}}