{"id":550898,"date":"2025-11-22T08:18:14","date_gmt":"2025-11-22T08:18:14","guid":{"rendered":"https:\/\/www.europesays.com\/fr\/550898\/"},"modified":"2025-11-22T08:18:14","modified_gmt":"2025-11-22T08:18:14","slug":"infographies-pourquoi-3-000-euros-brut-de-salaire-ca-donne-2-806-euros-net-en-espagne-2-724-euros-en-italie-et-2-370-euros-en-france","status":"publish","type":"post","link":"https:\/\/www.europesays.com\/fr\/550898\/","title":{"rendered":"INFOGRAPHIES. Pourquoi 3.000 euros brut de salaire \u00e7a donne 2.806 euros net en Espagne, 2.724 euros en Italie&#8230; et 2.370 euros en France"},"content":{"rendered":"<p>Le Medef a lanc\u00e9 il y a quelques jours un simulateur afin d&rsquo;alerter sur le poids des cotisations sociales sur les salaires en France par rapport \u00e0 nos voisins. Si l&rsquo;Hexagone se distingue par des cotisations patronales plus \u00e9lev\u00e9es, il ne remporte pas la couronne du pays qui taxe le plus le travail une fois tous les pr\u00e9l\u00e8vements pris en compte.<\/p>\n<p>Ce devait \u00eatre l&rsquo;occasion pour les patrons de se rassembler et d&rsquo;exprimer leur m\u00e9contentement. Organis\u00e9 par le Medef pour d\u00e9noncer l&rsquo;alourdissement de la fiscalit\u00e9 sur les entreprises dans le budget 2026, \u00ab\u00a0l&rsquo;\u00e9norme meeting\u00a0\u00bb <a href=\"https:\/\/www.bfmtv.com\/economie\/entreprises\/un-grand-meeting-pour-montrer-qu-ils-ne-sont-pas-des-actionnaires-assoiffes-de-dividendes-la-grande-manifestation-des-patrons-aura-lieu-le-13-octobre_AD-202509240637.html\" title=\"Un &quot;\u00e9norme&quot; meeting pour montrer qu&#039;ils ne sont pas des &quot;actionnaires assoiff\u00e9s de dividendes&quot;: la grande manifestation des patrons aura lieu le 13 octobre\" class=\"internal_link\" rel=\"nofollow noopener\" target=\"_blank\">promis par l&rsquo;organisation patronale le 13 octobre dernier<\/a> a finalement \u00e9t\u00e9 report\u00e9 afin de \u00ab\u00a0contribuer \u00e0 l&rsquo;apaisement du pays\u00a0\u00bb, dans un contexte de crise politique in\u00e9dite.<\/p>\n<p>Mais la col\u00e8re des grands patrons qui d\u00e9noncent r\u00e9guli\u00e8rement le poids des taxes et autres cotisations sur leur activit\u00e9 reste intacte. En t\u00e9moigne le comparateur lanc\u00e9 il y a quelques jours par le Medef pour rendre compte de l&rsquo;ampleur du co\u00fbt du travail support\u00e9 par les entreprises tricolores par rapport \u00e0 leurs homologues europ\u00e9ennes.<\/p>\n<p>Un co\u00fbt du travail plus \u00e9lev\u00e9 en France&#8230;<\/p>\n<p>\u00c0 travers cet outil publi\u00e9 sur <a href=\"https:\/\/www.medef.com\/actualites\/connaissez-vous-le-cout-de-votre-salaire-en-france\" target=\"_blank\" class=\"external_link\" rel=\"nofollow noopener\">son site<\/a>, l&rsquo;organisation dit vouloir \u00ab\u00a0illustrer une r\u00e9alit\u00e9 structurelle: le co\u00fbt du travail en France demeure significativement sup\u00e9rieur \u00e0 celui observ\u00e9 en Allemagne, en Italie et en Espagne\u00a0\u00bb.<\/p>\n<p>Le Medef met ainsi en avant le cas d&rsquo;un salari\u00e9 pay\u00e9 3.000 euros brut dans les quatre grands pays de l&rsquo;UE. En France, il touchera 2.370 euros net (comme en Allemagne), mais 2.724 euros en Italie et m\u00eame 2.806 euros en Espagne. L&rsquo;\u00e9cart, ce sont les cotisations salariales.<\/p>\n<p>Mais l&rsquo;\u00e9cart le plus flagrant avec nos voisins concerne le \u00ab\u00a0super-brut\u00a0\u00bb, le salaire avec les cotisations salariales et patronales. Toujours pour ce \u00ab\u00a03.000 euros brut\u00a0\u00bb, le patron paiera 3.675 euros en Allemagne, 3.930 euros en Italie, 3.962 euros en Espagne et 4.071 euros en France. Un \u00e9cart de pr\u00e8s de 11% de co\u00fbt du travail entre la France et le plus comp\u00e9titif de ses voisins.<\/p>\n<p>Autre exemple, pour verser un salaire net de 2.190 euros qui correspond <a href=\"https:\/\/www.bfmtv.com\/economie\/economie-social\/france\/comparateur-de-salaires-gagnez-vous-plus-ou-moins-que-les-autres-salaries-du-prive_AV-202510230480.html\" title=\"Comparateur de salaires: gagnez-vous plus ou moins que les autres salari\u00e9s du priv\u00e9?\" class=\"internal_link\" rel=\"nofollow noopener\" target=\"_blank\">au salaire m\u00e9dian dans le priv\u00e9<\/a>, une entreprise fran\u00e7aise doit d\u00e9bourser 3.619 euros (\u00ab\u00a0super-brut\u00a0\u00bb) selon la \u00ab\u00a0calculette\u00a0\u00bb du Medef. Une fois les cotisations patronales d\u00e9duites (881 euros), le salaire brut s&rsquo;\u00e9l\u00e8ve \u00e0 2.738 euros auquel il faut ensuite retrancher les cotisations salariales (548 euros) pour obtenir le net.<\/p>\n<p>Avec un salaire brut identique, un salari\u00e9 allemand percevrait l\u00e9g\u00e8rement moins qu&rsquo;un salari\u00e9 fran\u00e7ais (2.163 euros net). Le net serait en revanche significativement sup\u00e9rieur en Italie (2.486 euros) et en Espagne (2.561 euros). Dans tous les cas, le co\u00fbt total pour l&rsquo;entreprise serait moins \u00e9lev\u00e9 chez nos voisins: 3.354 euros en Allemagne (-7,3%), 3.587 euros en Italie (-0,9%) et 3.616 euros en Espagne (-0,1%).<\/p>\n<p>Et les \u00e9carts se creusent \u00e0 mesure que l&rsquo;on grimpe dans l&rsquo;\u00e9chelle des salaires. Prenons un cadre, qui per\u00e7oit un salaire brut de 4.000 euros par mois, l&rsquo;entreprise fran\u00e7aise doit ainsi payer 5.668 euros, contre 4.900 euros en Allemagne (-13,5%), 5.240 euros en Italie (-7,6%) et 5.283 euros en Espagne (-6,8%).<\/p>\n<p>&#8230;sauf sur les bas salaires<\/p>\n<p>Un constat qui fait dire au Medef qu'\u00a0\u00bbavec des pr\u00e9l\u00e8vements sociaux \u00e9quivalents \u00e0 ceux de ses voisins, la France afficherait des co\u00fbts salariaux plus faibles pour les employeurs et des salaires nets plus \u00e9lev\u00e9s pour les salari\u00e9s\u00a0\u00bb.<\/p>\n<p>Le co\u00fbt du travail sur les bas salaires est en revanche nettement sup\u00e9rieur chez nos voisins. Pour un salaire brut de 1.802 euros correspondant au Smic, une entreprise tricolore d\u00e9boursera 1.877 euros, contre 2.207 euros en Allemagne (+17,8%), 2.361 euros en Italie (+25,8%) et 2.380 euros en Espagne (+26,8%).<\/p>\n<blockquote class=\"embed embed_quote\"><p>\u00ab\u00a0Cela est li\u00e9 au fait qu&rsquo;il y a beaucoup <a href=\"https:\/\/www.bfmtv.com\/economie\/economie-social\/3-milliards-d-euros-en-2026-le-ministre-du-travail-annonce-une-nouvelle-reduction-des-allegements-de-cotisations-sociales_AD-202510210884.html\" title=\"3 milliards d&#039;euros en 2026: le ministre du Travail annonce une nouvelle r\u00e9duction des all\u00e8gements de cotisations sociales\" class=\"internal_link\" rel=\"nofollow noopener\" target=\"_blank\">d&rsquo;all\u00e8gements de cotisations<\/a> sur les bas salaires\u00a0\u00bb, rappelle Fran\u00e7ois Ecalle, pr\u00e9sident de Fipeco.<\/p><\/blockquote>\n<p>C&rsquo;est notamment le cas depuis la suppression du CICE en 2019, transform\u00e9 en baisse de cotisations pour soutenir la comp\u00e9titivit\u00e9 des entreprises.<\/p>\n<p>Des cotisations sociales rapport\u00e9es au PIB plus \u00e9lev\u00e9es en Allemagne<\/p>\n<p>Au-del\u00e0 du fait que cet outil ne rend compte que des cotisations sur les salaires du secteur priv\u00e9, une autre de ses limites est qu&rsquo;il \u00ab\u00a0ne peut pr\u00e9ciser les prestations auxquelles les cotisations ouvrent droit\u00a0\u00bb, pr\u00e9vient le Medef.<\/p>\n<p>Or, \u00ab\u00a0beaucoup de d\u00e9penses sociales sont mutualis\u00e9es en France, l\u00e0 o\u00f9 elles sont assum\u00e9es \u00e0 titre individuel dans d&rsquo;autres pays, ce qui explique leur niveau plus faible\u00a0\u00bb, reconna\u00eet l&rsquo;organisation patronale. L&rsquo;Hexagone se caract\u00e9rise en effet par une couverture sociale plus vaste, quand une partie plus importante des d\u00e9penses de sant\u00e9 ou encore de retraite sont prises en charge \u00e0 titre priv\u00e9 chez certains de nos voisins.<\/p>\n<p>R\u00e9sultat, les cotisations sociales repr\u00e9sentaient 14,7% du PIB en France en 2024 (428 milliards d&rsquo;euros), contre 13,1% en moyenne au sein de l&rsquo;Union europ\u00e9enne, d&rsquo;apr\u00e8s Eurostat. Cet \u00e9cart vient principalement \u00ab\u00a0des cotisations patronales plus \u00e9lev\u00e9es en France\u00a0\u00bb, observe Fran\u00e7ois Ecalle, qui rappelle que les cotisations sociales sont pay\u00e9es aux deux tiers par les employeurs dans l&rsquo;Hexagone, contre 57% en zone euro et 43% outre-Rhin.<\/p>\n<p>Pour autant, si la France \u00e9tait encore en t\u00eate en 2018, c&rsquo;est bien en Allemagne, o\u00f9 les cotisations salariales cette fois sont plus \u00e9lev\u00e9es, que les cotisations totales p\u00e8sent le plus lourd dans le PIB en Europe (16,4% du PIB). Mais \u00ab\u00a0on serait hors concours s&rsquo;il n&rsquo;y avait pas tous ces all\u00e8gements\u00a0\u00bb sur les bas salaires, temp\u00e8re encore Fran\u00e7ois Ecalle. En 2023, le manque \u00e0 gagner des all\u00e8gements totaux de cotisations pour les comptes sociaux \u00e9tait estim\u00e9 \u00e0 80 milliards d&rsquo;euros.<\/p>\n<p>Tous pr\u00e9l\u00e8vements confondus, la France n&rsquo;est pas le pays qui taxe le plus le travail<\/p>\n<p>Les cotisations sociales ne repr\u00e9sentent d&rsquo;ailleurs pas l&rsquo;int\u00e9gralit\u00e9 des pr\u00e9l\u00e8vements qui p\u00e8sent sur le travail. Le niveau de salaire qui va dans la poche du salari\u00e9 d\u00e9pend par exemple aussi du niveau de l&rsquo;imp\u00f4t sur le revenu ou d&rsquo;autres taxes comme la CSG en France. En tenant compte que tous ces pr\u00e9l\u00e8vements, la taxation du travail dans l&rsquo;Hexagone repr\u00e9sentait 22,7% du PIB tricolore en 2023, soit 1,4 point de moins qu&rsquo;en 2016, selon les chiffres de la Commission europ\u00e9enne <a href=\"https:\/\/www.fipeco.fr\/fiche\/Les-pr%C3%A9l%C3%A8vements-sur-le-travail#:~:text=S&#039;agissant%20des%20salaires%2C%20le,pour%20vingt%20fois%20celui%2Dci.\" target=\"_blank\" class=\"external_link\" rel=\"nofollow noopener\">relay\u00e9s par le site Fipeco<\/a>.<\/p>\n<p>\u00ab\u00a0On est dans le peloton de t\u00eate mais on n\u2019est pas ceux qui taxent le plus\u00a0\u00bb si l&rsquo;on retient cet indicateur, r\u00e9sume Fran\u00e7ois Ecalle. La France est en effet pass\u00e9e de la deuxi\u00e8me place en 2016 \u00e0 la quatri\u00e8me place en 2023 des pays europ\u00e9ens taxant le plus le travail, derri\u00e8re le Danemark (23,7% du PIB), la Su\u00e8de (23,6%) et l&rsquo;Autriche (23,6%). Elle est revanche devant l&rsquo;Allemagne (22%) et au-dessus de la moyenne europ\u00e9enne (20%).<\/p>\n<p>Notre pays se distingue encore malgr\u00e9 tout par \u00ab\u00a0le poids des pr\u00e9l\u00e8vements dont les employeurs sont redevables (11,9% du PIB) malgr\u00e9 les all\u00e8gements de cotisations patronales qui ont remplac\u00e9 le CICE: [la France] est rest\u00e9e au premier rang, comme en 2016, loin devant l\u2019Allemagne (6,8%) et les moyennes de la zone euro (8,2%) et de l\u2019Union europ\u00e9enne (7,9%)\u00a0\u00bb, indiquait Fran\u00e7ois Ecalle dans une note publi\u00e9e sur Fipeco.<\/p>\n<p>Une autre mani\u00e8re d&rsquo;appr\u00e9hender la taxation du travail est de regarder le \u00ab\u00a0taux implicite de taxation du travail\u00a0\u00bb qui n&rsquo;est autre que le rapport entre les pr\u00e9l\u00e8vements sur le travail et l&rsquo;ensemble des revenus du travail. Celui-ci s&rsquo;\u00e9levait selon la Commission europ\u00e9enne \u00e0 39,3% du \u00ab\u00a0super-brut\u00a0\u00bb en France en 2023, soit plus que l&rsquo;Allemagne (36,2%) et que la moyenne de la zone euro (37,5%) mais moins qu&rsquo;en Italie (44%) ou en Belgique (40%).<\/p>\n<p>L&rsquo;OCDE observe de son c\u00f4t\u00e9 le \u00ab\u00a0coin socio-fiscal\u00a0\u00bb pour une cat\u00e9gorie de m\u00e9nages donn\u00e9e, c&rsquo;est-\u00e0-dire les pr\u00e9l\u00e8vements sociaux et fiscaux qui p\u00e8sent sur la r\u00e9mun\u00e9ration en d\u00e9duisant les prestations familiales. Pour un c\u00e9libataire sans enfant percevant un salaire moyen, le taux de pr\u00e9l\u00e8vement global (cotisations patronales, salariales, imp\u00f4ts&#8230;) \u00e9tait ainsi le plus \u00e9lev\u00e9 en Belgique (52,6%), devant l&rsquo;Allemagne (47,9%) et la France (47,2%).<\/p>\n<p>Les pr\u00e9l\u00e8vements des couples percevant un salaire moyen avec deux enfants \u00e9taient n\u00e9anmoins plus \u00e9lev\u00e9s en France que chez ses voisins (39.1%, contre 36.9% en Belgique, 36,1% en Espagne, 33.3 en Allemagne&#8230;).<\/p>\n","protected":false},"excerpt":{"rendered":"Le Medef a lanc\u00e9 il y a quelques jours un simulateur afin d&rsquo;alerter sur le poids des cotisations&hellip;\n","protected":false},"author":2,"featured_media":550899,"comment_status":"","ping_status":"","sticky":false,"template":"","format":"standard","meta":{"footnotes":""},"categories":[4],"tags":[11,1011,27,12,25],"class_list":{"0":"post-550898","1":"post","2":"type-post","3":"status-publish","4":"format-standard","5":"has-post-thumbnail","7":"category-france","8":"tag-actualites","9":"tag-fr","10":"tag-france","11":"tag-news","12":"tag-republique-francaise"},"share_on_mastodon":{"url":"https:\/\/pubeurope.com\/@fr\/115592371216692597","error":""},"_links":{"self":[{"href":"https:\/\/www.europesays.com\/fr\/wp-json\/wp\/v2\/posts\/550898","targetHints":{"allow":["GET"]}}],"collection":[{"href":"https:\/\/www.europesays.com\/fr\/wp-json\/wp\/v2\/posts"}],"about":[{"href":"https:\/\/www.europesays.com\/fr\/wp-json\/wp\/v2\/types\/post"}],"author":[{"embeddable":true,"href":"https:\/\/www.europesays.com\/fr\/wp-json\/wp\/v2\/users\/2"}],"replies":[{"embeddable":true,"href":"https:\/\/www.europesays.com\/fr\/wp-json\/wp\/v2\/comments?post=550898"}],"version-history":[{"count":0,"href":"https:\/\/www.europesays.com\/fr\/wp-json\/wp\/v2\/posts\/550898\/revisions"}],"wp:featuredmedia":[{"embeddable":true,"href":"https:\/\/www.europesays.com\/fr\/wp-json\/wp\/v2\/media\/550899"}],"wp:attachment":[{"href":"https:\/\/www.europesays.com\/fr\/wp-json\/wp\/v2\/media?parent=550898"}],"wp:term":[{"taxonomy":"category","embeddable":true,"href":"https:\/\/www.europesays.com\/fr\/wp-json\/wp\/v2\/categories?post=550898"},{"taxonomy":"post_tag","embeddable":true,"href":"https:\/\/www.europesays.com\/fr\/wp-json\/wp\/v2\/tags?post=550898"}],"curies":[{"name":"wp","href":"https:\/\/api.w.org\/{rel}","templated":true}]}}