{"id":550901,"date":"2025-11-22T08:21:19","date_gmt":"2025-11-22T08:21:19","guid":{"rendered":"https:\/\/www.europesays.com\/fr\/550901\/"},"modified":"2025-11-22T08:21:19","modified_gmt":"2025-11-22T08:21:19","slug":"mort-apres-trois-verres-de-pastis","status":"publish","type":"post","link":"https:\/\/www.europesays.com\/fr\/550901\/","title":{"rendered":"\u00ab\u00a0Mort\u00a0\u00bb apr\u00e8s trois verres de pastis"},"content":{"rendered":"<p><strong>Le choc entre la France et<br \/>\nl\u2019Australie aura une saveur particuli\u00e8re pour Matt Giteau, ancienne<br \/>\ngloire du rugby australien et du RC Toulon, o\u00f9 il a fait honneur \u00e0<br \/>\nla culture locale.<\/strong><\/p>\n<p>Si les Bleus n\u2019ont pas brill\u00e9 depuis le d\u00e9but des tests de<br \/>\nnovembre, l\u2019Australie a, elle, touch\u00e9 le fond, encha\u00eenant trois<br \/>\nd\u00e9faites en trois rencontres, respectivement face \u00e0 l\u2019Angleterre,<br \/>\nl\u2019Italie et l\u2019Irlande. Les Wallabies tenteront de redresser la<br \/>\nbarre au Stade de France mais de l\u2019aveu de Matt Giteau, ancien demi<br \/>\nd\u2019ouverture de l\u2019Australie, la t\u00e2che s\u2019annonce rude.<\/p>\n<p>\u00ab\u00a0La France est une \u00e9quipe incroyable, surtout \u00e0 la<br \/>\nmaison, a-t-il r\u00e9cemment confi\u00e9 dans les colonnes de L\u2019Equipe.<br \/>\nC\u2019est toujours diff\u00e9rent quand tu joues ici, au Stade de France, la<br \/>\nfoule, le bruit\u2026 J\u2019adore cet environnement. L\u2019hymne\u00a0a<br \/>\ncappella, repris par tout le stade, plong\u00e9 dans l\u2019obscurit\u00e9\u2026 Vous<br \/>\navez le sens du spectacle\u00a0! Et c\u2019est une bonne exp\u00e9rience \u00e0<br \/>\nprendre pour les jeunes Australiens, qui auront une autre forme de<br \/>\npression \u00e0 g\u00e9rer dans deux ans.\u00a0\u00bb<\/p>\n<p>\u00ab\u00a0La plupart des joueurs de l\u2019\u00e9quipe de France font<br \/>\npartie des meilleurs du monde \u00e0 leur poste. Ntamack est un vrai<br \/>\ncr\u00e9ateur de jeu, a-t-il poursuivi. Dans les grands<br \/>\nmoments, certains s\u2019\u00e9teignent. Lui, il s\u2019allume. C\u2019est un joueur<br \/>\nd\u00e9cisif, comme peut l\u2019\u00eatre aussi Ramos. Lui, il me fait penser \u00e0<br \/>\nFederer dans sa mani\u00e8re de jouer son jeu en totale relaxation. Il<br \/>\nest fluide dans ses mouvements, ne panique jamais. On a presque<br \/>\nl\u2019impression qu\u2019il s\u2019en fout. Mais \u00e9videmment, ce n\u2019est qu\u2019une<br \/>\nimpression visuelle.\u00a0\u00bb<\/p>\n<p>Le sale coup de Fr\u00e9d\u00e9ric Michalak<\/p>\n<p>Matt Giteau conna\u00eet tr\u00e8s bien la France. Il a en effet pass\u00e9 six<br \/>\nsaisons au RC Toulon. Avec \u00e0 la cl\u00e9 trois titres de champion<br \/>\nd\u2019Europe (2013, 2014, 2015) et un sacre en Top 14. L\u2019ancien<br \/>\ninternational australien a \u00e9galement eu le temps de d\u00e9couvrir les<br \/>\ncoutumes locales, bien aid\u00e9 par ses co\u00e9quipiers au premier rang<br \/>\ndesquels Fr\u00e9d\u00e9ric Michalak. Quelques jours seulement apr\u00e8s son<br \/>\narriv\u00e9e dans l\u2019Hexagone, le natif de Sydney en a ainsi \u00e9t\u00e9 quitte<br \/>\npour d\u00e9couvrir le pastis par les soins de l\u2019ancien Toulousain.<\/p>\n<p>\u00ab\u00a0Fred m\u2019a servi cette boisson. Il ma dit, tu vas voir,<br \/>\nc\u2019est bon. Au bout de 3 verres, j\u2019\u00e9tais mort. C\u2019\u00e9tait horrible. Je<br \/>\nn\u2019aime pas \u00e7a. Je n\u2019en ai plus jamais<br \/>\nrebu\u00a0\u00bb,\u00a0avait-il racont\u00e9 lors d\u2019un live sur la<br \/>\ncha\u00eene Twitch du Rugby Club Toulonnais. Et le pastis n\u2019est pas la<br \/>\nseule boisson fran\u00e7aise avec laquelle l\u2019ancien Wallaby a du mal. En<br \/>\nt\u00e9moignent ses propos sur le vin.\u00a0\u00ab\u00a0En France, je<br \/>\ntrouve le vin bizarre, surtout quand il est trop rouge. Pour moi,<br \/>\nc\u2019est d\u00e9gueulasse\u00a0\u00bb, avait-il encha\u00een\u00e9.<\/p>\n<p>Pour autant, l\u2019ancien ouvreur garde de (tr\u00e8s) bons souvenirs de<br \/>\nson passage dans l\u2019Hexagone. \u00ab\u00a0je dois tellement au RCT et<br \/>\nau rugby fran\u00e7ais parce que j\u2019ai retrouv\u00e9 mon amour pour le jeu<br \/>\nl\u00e0-bas. J\u2019ai gagn\u00e9 tellement de titres \u00e0 Toulon, deux de mes trois<br \/>\nenfants sont n\u00e9s l\u00e0-bas\u2026, avait-il expliqu\u00e9 aupr\u00e8s du Midi<br \/>\nOlympique. Cela m\u2019a \u00e9galement permis d\u2019atteindre les 100 s\u00e9lections<br \/>\navec l\u2019Australie parce que je faisais partie d\u2019une \u00e9quipe<br \/>\nmerveilleuse. \u00bb<\/p>\n","protected":false},"excerpt":{"rendered":"Le choc entre la France et l\u2019Australie aura une saveur particuli\u00e8re pour Matt Giteau, ancienne gloire du rugby&hellip;\n","protected":false},"author":2,"featured_media":550902,"comment_status":"","ping_status":"","sticky":false,"template":"","format":"standard","meta":{"footnotes":""},"categories":[1416],"tags":[1011,27,479,1468,60],"class_list":{"0":"post-550901","1":"post","2":"type-post","3":"status-publish","4":"format-standard","5":"has-post-thumbnail","7":"category-rugby","8":"tag-fr","9":"tag-france","10":"tag-rugby","11":"tag-rugby-football","12":"tag-sports"},"share_on_mastodon":{"url":"https:\/\/pubeurope.com\/@fr\/115592382700241543","error":""},"_links":{"self":[{"href":"https:\/\/www.europesays.com\/fr\/wp-json\/wp\/v2\/posts\/550901","targetHints":{"allow":["GET"]}}],"collection":[{"href":"https:\/\/www.europesays.com\/fr\/wp-json\/wp\/v2\/posts"}],"about":[{"href":"https:\/\/www.europesays.com\/fr\/wp-json\/wp\/v2\/types\/post"}],"author":[{"embeddable":true,"href":"https:\/\/www.europesays.com\/fr\/wp-json\/wp\/v2\/users\/2"}],"replies":[{"embeddable":true,"href":"https:\/\/www.europesays.com\/fr\/wp-json\/wp\/v2\/comments?post=550901"}],"version-history":[{"count":0,"href":"https:\/\/www.europesays.com\/fr\/wp-json\/wp\/v2\/posts\/550901\/revisions"}],"wp:featuredmedia":[{"embeddable":true,"href":"https:\/\/www.europesays.com\/fr\/wp-json\/wp\/v2\/media\/550902"}],"wp:attachment":[{"href":"https:\/\/www.europesays.com\/fr\/wp-json\/wp\/v2\/media?parent=550901"}],"wp:term":[{"taxonomy":"category","embeddable":true,"href":"https:\/\/www.europesays.com\/fr\/wp-json\/wp\/v2\/categories?post=550901"},{"taxonomy":"post_tag","embeddable":true,"href":"https:\/\/www.europesays.com\/fr\/wp-json\/wp\/v2\/tags?post=550901"}],"curies":[{"name":"wp","href":"https:\/\/api.w.org\/{rel}","templated":true}]}}