{"id":550903,"date":"2025-11-22T08:22:15","date_gmt":"2025-11-22T08:22:15","guid":{"rendered":"https:\/\/www.europesays.com\/fr\/550903\/"},"modified":"2025-11-22T08:22:15","modified_gmt":"2025-11-22T08:22:15","slug":"combien-chaque-joueur-belge-va-t-il-toucher-apres-la-demi-finale-en-coupe-davis","status":"publish","type":"post","link":"https:\/\/www.europesays.com\/fr\/550903\/","title":{"rendered":"Combien chaque joueur belge va-t-il toucher apr\u00e8s la demi-finale en Coupe Davis ?"},"content":{"rendered":"<p class=\"ap-StoryElement ap-StoryElement--mb ap-StoryText\">Tombeurs des Fran\u00e7ais mardi soir, les Belges avaient vu grimper leur cagnotte \u00e0 750 000 $ (environ 651 000 \u20ac). L&rsquo;\u00e9quivalent de 130 200 \u20ac par t\u00eate. Elle en restera donc l\u00e0. Pour Joran Vliegen et Sander Gill\u00e9, qui ont gagn\u00e9 respectivement 248 000 \u20ac et 200 000 \u20ac cette saison, ce n&rsquo;est \u00e9videmment pas n\u00e9gligeable.<\/p>\n<p><a href=\"https:\/\/www.dhnet.be\/sports\/tennis\/2025\/11\/21\/coupe-davis-la-belgique-peut-elle-se-transcender-contre-litalie-suivez-notre-direct-a-16h00-EWOXFR5HQBANPFI2KURYSUSWDQ\/\" target=\"_self\" class=\"ap-StoryInterstitialLink ap-StoryElement ap-StoryElement--mb\" rel=\"noopener\">Coupe Davis : Zizou Bergs battu par Cobolli au terme d&rsquo;un match fou, la Belgique \u00e9choue aux portes de la finale<\/a><\/p>\n<p class=\"ap-StoryElement ap-StoryElement--mb ap-StoryText\">De son c\u00f4t\u00e9, l&rsquo;Italie, finaliste, est assur\u00e9e de toucher 1,5 million $ (1 300 000 \u20ac). La somme promise au vainqueur \u00e9tant, elle, de 2 millions $ (1 735 000 \u20ac). Soit 260 000 \u20ac et 347 000 \u20ac par joueur. Bien loin de ce qu&#8217;empoche le vainqueur de Roland-Garros et ses 2 550 000 \u20ac.<\/p>\n<p class=\"ap-StoryElement ap-StoryElement--mb ap-StoryText\">En quart de finale du Masters 1000 de Shanghai il y a quelques semaines, Zizou Bergs avait gonfl\u00e9 son compte en banque de 189 075 $, soit 164 000 \u20ac. C&rsquo;est donc plus que pour sa participation \u00e0 la Coupe Davis. Apr\u00e8s, est-ce bien \u00e7a le plus important ? Absolument pas. Les joueurs de la d\u00e9l\u00e9gation belge l&rsquo;ont prouv\u00e9 tout au long de la semaine. S&rsquo;ils \u00e9taient \u00e0 Bologne, au lieu de s&rsquo;envoler pour des vacances bien m\u00e9rit\u00e9es, c&rsquo;\u00e9tait bien pour mouiller le maillot.<\/p>\n<p><a href=\"https:\/\/www.dhnet.be\/sports\/tennis\/2025\/11\/21\/raphael-collignon-apres-sa-defaite-en-coupe-davis-je-suis-tres-triste-mais-je-vais-retenir-le-positif-pour-revenir-plus-fort-UVF2WH62EJHXNPG4Q7BXIRRY4Y\/\" target=\"_self\" class=\"ap-StoryInterstitialLink ap-StoryElement ap-StoryElement--mb\" rel=\"noopener\">Rapha\u00ebl Collignon apr\u00e8s sa d\u00e9faite en Coupe Davis : \u00ab\u00a0Je suis tr\u00e8s triste, mais je vais retenir le positif pour revenir plus fort\u00a0\u00bb<\/a><\/p>\n<p class=\"ap-StoryElement ap-StoryElement--mb ap-StoryText\">Des dotations \u00e9taient \u00e9galement pr\u00e9vues pour les f\u00e9d\u00e9rations, mais elles ne sont pas d\u00e9voil\u00e9es publiquement par la F\u00e9d\u00e9ration internationale de tennis.<\/p>\n","protected":false},"excerpt":{"rendered":"Tombeurs des Fran\u00e7ais mardi soir, les Belges avaient vu grimper leur cagnotte \u00e0 750 000 $ (environ 651&hellip;\n","protected":false},"author":2,"featured_media":550904,"comment_status":"","ping_status":"","sticky":false,"template":"","format":"standard","meta":{"footnotes":""},"categories":[1415],"tags":[1011,27,4171,60,1467],"class_list":{"0":"post-550903","1":"post","2":"type-post","3":"status-publish","4":"format-standard","5":"has-post-thumbnail","7":"category-tennis","8":"tag-fr","9":"tag-france","10":"tag-roland-garros","11":"tag-sports","12":"tag-tennis"},"share_on_mastodon":{"url":"https:\/\/pubeurope.com\/@fr\/115592386544165517","error":""},"_links":{"self":[{"href":"https:\/\/www.europesays.com\/fr\/wp-json\/wp\/v2\/posts\/550903","targetHints":{"allow":["GET"]}}],"collection":[{"href":"https:\/\/www.europesays.com\/fr\/wp-json\/wp\/v2\/posts"}],"about":[{"href":"https:\/\/www.europesays.com\/fr\/wp-json\/wp\/v2\/types\/post"}],"author":[{"embeddable":true,"href":"https:\/\/www.europesays.com\/fr\/wp-json\/wp\/v2\/users\/2"}],"replies":[{"embeddable":true,"href":"https:\/\/www.europesays.com\/fr\/wp-json\/wp\/v2\/comments?post=550903"}],"version-history":[{"count":0,"href":"https:\/\/www.europesays.com\/fr\/wp-json\/wp\/v2\/posts\/550903\/revisions"}],"wp:featuredmedia":[{"embeddable":true,"href":"https:\/\/www.europesays.com\/fr\/wp-json\/wp\/v2\/media\/550904"}],"wp:attachment":[{"href":"https:\/\/www.europesays.com\/fr\/wp-json\/wp\/v2\/media?parent=550903"}],"wp:term":[{"taxonomy":"category","embeddable":true,"href":"https:\/\/www.europesays.com\/fr\/wp-json\/wp\/v2\/categories?post=550903"},{"taxonomy":"post_tag","embeddable":true,"href":"https:\/\/www.europesays.com\/fr\/wp-json\/wp\/v2\/tags?post=550903"}],"curies":[{"name":"wp","href":"https:\/\/api.w.org\/{rel}","templated":true}]}}