{"id":550905,"date":"2025-11-22T08:26:19","date_gmt":"2025-11-22T08:26:19","guid":{"rendered":"https:\/\/www.europesays.com\/fr\/550905\/"},"modified":"2025-11-22T08:26:19","modified_gmt":"2025-11-22T08:26:19","slug":"thomas-voeckler-la-folle-histoire","status":"publish","type":"post","link":"https:\/\/www.europesays.com\/fr\/550905\/","title":{"rendered":"Thomas Voeckler, la folle histoire"},"content":{"rendered":"<p><strong>Alors que l&rsquo;avenir de l&rsquo;\u00e9quipe<br \/>\nTotalEnergies est menac\u00e9, Thomas Voeckler a \u00e9crit l&rsquo;une des belles<br \/>\npages de l&rsquo;histoire de la formation vend\u00e9enne sur le Tour de France<br \/>\n2011.<\/strong><\/p>\n<p>TotalEnergies a confirm\u00e9 vendredi Jean-Ren\u00e9 Bernaudeau \u00e0 la t\u00eate<br \/>\nde son \u00e9quipe en 2026, mettant fin \u00e0 certaines rumeurs. Mais il<br \/>\nn\u2019emp\u00eache, la fin de l\u2019histoire approche pour \u00ab\u00a0JR\u00a0\u00bb et<br \/>\nla formation vend\u00e9enne, qui devra trouver un nouveau sponsor d\u2019ici<br \/>\nun an pour continuer.<\/p>\n<p>Bonjour, Bouygues T\u00e9l\u00e9come, Europcar\u2026 Sous diff\u00e9rents noms,<br \/>\nl\u2019\u00e9quipe de Bernaudeau anime le Tour de France depuis 26 ans. Elle<br \/>\ny collecte r\u00e9guli\u00e8rement des victoires d\u2019\u00e9tape, 11 au total, la<br \/>\nderni\u00e8re pour Anthony Turgis en 2024. Une fois, et quelle fois, les<br \/>\nbaroudeurs vend\u00e9ens ont cru pouvoir rafler le gros lot. C\u2019\u00e9tait<br \/>\navec Thomas Voeckler en 2011.<\/p>\n<p>Apr\u00e8s une premi\u00e8re aventure en jaune en 2004, pour son premier<br \/>\ntour, Voeckler s\u2019\u00e9tait de nouveau empar\u00e9 de la pr\u00e9cieux tunique<br \/>\napr\u00e8s une \u00e9chapp\u00e9e calcul\u00e9e \u00e0 Saint-Flour. Il avait alors un peu<br \/>\nplus de deux minutes d\u2019avance sur les favoris de cette ann\u00e9e, Cadel<br \/>\nEvants et les fr\u00e8res Schleck. Un matelas assez maigre, mais<br \/>\nsuffisant pour lui donner quelques id\u00e9es. \u00ab\u00a0Apr\u00e8s l\u2019\u00e9tape,<br \/>\nje me souviens tr\u00e8s bien que je m\u2019\u00e9tais dit, bon ce n\u2019est pas pour<br \/>\nune journ\u00e9e, ce n\u2019est pas pour un int\u00e9rim ; je vais le garder plus<br \/>\nlongtemps, mais surtout, vu ma condition physique et l\u2019avance,<br \/>\nc\u2019est ma chance de r\u00e9aliser un bon classement g\u00e9n\u00e9ral sur le Tour<br \/>\nde France\u00a0\u00bb, racontait-il cet \u00e9t\u00e9 <a href=\"https:\/\/www.ouest-france.fr\/tour-de-france\/temoignage-voeckler-jy-ai-cru-apres-coup-mais-pendant-le-tour-jy-ai-jamais-vraiment-cru-bd815184-5288-11f0-9865-cae506d28d23\" target=\"_blank\" rel=\"noopener\"><br \/>\ndans les colonnes de Ouest-France.<\/a><\/p>\n<\/p>\n<p>Dans les Pyr\u00e9n\u00e9es, Voeckler d\u00e9fend son maillot \u00e0 Luz-Ardiden,<br \/>\n\u00e9paul\u00e9 par un Pierre Rolland \u00e9patant, et fait mieux que r\u00e9sister au<br \/>\nPlateau de Beille. \u00ab\u00a0Je connaissais la mont\u00e9e<br \/>\nparfaitement, je savais tr\u00e8s bien que je garderais le maillot. J\u2019ai<br \/>\nm\u00eame attaqu\u00e9 \u00e0 un moment, je me suis vraiment senti le patron. Les<br \/>\ngars m\u2019attaquaient, je r\u00e9agissais tout de suite, je laissais partir<br \/>\nceux qui n\u2019\u00e9taient pas dangereux et qui avaient gagn\u00e9 l\u2019\u00e9tape. Je<br \/>\nles ai m\u00eame contr\u00e9s \u00e0 un moment pour leur casser le moral, pas<br \/>\ntellement pour aller prendre de l\u2019avance.\u00a0\u00bb<\/p>\n<p>Voeckler, l\u2019erreur qui co\u00fbte cher<\/p>\n<p>La folle aventure se poursuit, le r\u00eave prend forme. La France se<br \/>\nmet \u00e0 y croire pour son chouchou. Le principal int\u00e9ress\u00e9, lui, vit<br \/>\nau jour le jour. \u00ab\u00a0\u00c7a ne m\u2019a pas donn\u00e9 suffisamment de<br \/>\nconfiance pour me dire que je pouvais gagner le Tour. J\u2019y ai cru<br \/>\napr\u00e8s coup en fin de compte, mais pendant le Tour, j\u2019y ai jamais<br \/>\nvraiment cru\u00a0\u00bb, assure-t-il.<\/p>\n<p>Thomas Voeckler s\u2019offre un 10e jour en jaune apr\u00e8s l\u2019\u00e9tape de<br \/>\nSerre-Chevalier, et la chevauch\u00e9e victorieuse d\u2019Andy Schleck. Mais<br \/>\ntout bascule lors de la 19e \u00e9tape, \u00e0 la veille du chrono annonc\u00e9<br \/>\nd\u00e9cisif. Schleck d\u00e8s le d\u00e9but de l\u2019\u00e9tape, sur les pentes du<br \/>\nT\u00e9l\u00e9graphe, en compagnie d\u2019Alberto Contador. Voeckler tente de<br \/>\nsuivre, mais s\u2019\u00e9puise, alors que derri\u00e8re Cadel Evans est aid\u00e9 par<br \/>\nses co\u00e9quipiers. Il perd le maillot lors de l\u2019arriv\u00e9e \u00e0 l\u2019Alpe<br \/>\nd\u2019Huez, o\u00f9 Pierre Rolland s\u2019impose.<\/p>\n<p>Pour Winamax, en d\u00e9but d\u2019ann\u00e9e, Voeckler avait \u00e9galement rejou\u00e9<br \/>\ncette folle \u00e9pop\u00e9e. \u00ab\u00a0Si on fonctionne avec des \u00ab si \u00bb,<br \/>\nj\u2019aurais pu gagner ce Tour de France 2011, juge-t-il. Si je n\u2019avais<br \/>\npas d\u00e9pens\u00e9 de l\u2019\u00e9nergie inutilement vers l\u2019Alpe d\u2019Huez par<br \/>\nexemple. Si j\u2019avais eu du meilleur mat\u00e9riel, et surtout si j\u2019avais<br \/>\ncouru toutes mes \u00e9tapes avec la m\u00eame intensit\u00e9.\u00a0\u00bb Avec<br \/>\ndes si\u2026<\/p>\n","protected":false},"excerpt":{"rendered":"Alors que l&rsquo;avenir de l&rsquo;\u00e9quipe TotalEnergies est menac\u00e9, Thomas Voeckler a \u00e9crit l&rsquo;une des belles pages de l&rsquo;histoire&hellip;\n","protected":false},"author":2,"featured_media":550906,"comment_status":"","ping_status":"","sticky":false,"template":"","format":"standard","meta":{"footnotes":""},"categories":[1411],"tags":[1154,207,1011,27,60],"class_list":{"0":"post-550905","1":"post","2":"type-post","3":"status-publish","4":"format-standard","5":"has-post-thumbnail","7":"category-cyclisme","8":"tag-cycling","9":"tag-cyclisme","10":"tag-fr","11":"tag-france","12":"tag-sports"},"share_on_mastodon":{"url":"https:\/\/pubeurope.com\/@fr\/115592402355168083","error":""},"_links":{"self":[{"href":"https:\/\/www.europesays.com\/fr\/wp-json\/wp\/v2\/posts\/550905","targetHints":{"allow":["GET"]}}],"collection":[{"href":"https:\/\/www.europesays.com\/fr\/wp-json\/wp\/v2\/posts"}],"about":[{"href":"https:\/\/www.europesays.com\/fr\/wp-json\/wp\/v2\/types\/post"}],"author":[{"embeddable":true,"href":"https:\/\/www.europesays.com\/fr\/wp-json\/wp\/v2\/users\/2"}],"replies":[{"embeddable":true,"href":"https:\/\/www.europesays.com\/fr\/wp-json\/wp\/v2\/comments?post=550905"}],"version-history":[{"count":0,"href":"https:\/\/www.europesays.com\/fr\/wp-json\/wp\/v2\/posts\/550905\/revisions"}],"wp:featuredmedia":[{"embeddable":true,"href":"https:\/\/www.europesays.com\/fr\/wp-json\/wp\/v2\/media\/550906"}],"wp:attachment":[{"href":"https:\/\/www.europesays.com\/fr\/wp-json\/wp\/v2\/media?parent=550905"}],"wp:term":[{"taxonomy":"category","embeddable":true,"href":"https:\/\/www.europesays.com\/fr\/wp-json\/wp\/v2\/categories?post=550905"},{"taxonomy":"post_tag","embeddable":true,"href":"https:\/\/www.europesays.com\/fr\/wp-json\/wp\/v2\/tags?post=550905"}],"curies":[{"name":"wp","href":"https:\/\/api.w.org\/{rel}","templated":true}]}}