{"id":550907,"date":"2025-11-22T08:27:15","date_gmt":"2025-11-22T08:27:15","guid":{"rendered":"https:\/\/www.europesays.com\/fr\/550907\/"},"modified":"2025-11-22T08:27:15","modified_gmt":"2025-11-22T08:27:15","slug":"on-fait-tellement-derreurs-haise-desabuse-apres-la-claque","status":"publish","type":"post","link":"https:\/\/www.europesays.com\/fr\/550907\/","title":{"rendered":"\u00ab\u00a0On fait tellement d&rsquo;erreurs\u00a0\u00bb &#8230; Haise d\u00e9sabus\u00e9 apr\u00e8s la claque"},"content":{"rendered":"<p>C\u2019\u00e9tait le retour de la <a href=\"https:\/\/www.onzemondial.com\/ligue-1\" rel=\"nofollow noopener\" target=\"_blank\">Ligue 1<\/a> ce soir apr\u00e8s la fin des \u00e9liminatoires pour la <a href=\"https:\/\/www.onzemondial.com\/selections\/coupe-du-monde.html\" rel=\"nofollow noopener\" target=\"_blank\">Coupe du Monde<\/a> 2026 avec un affrontement bouillant entre l\u2019OGC Nice et l\u2019<a href=\"https:\/\/www.onzemondial.com\/france\/om.html\" rel=\"nofollow noopener\" target=\"_blank\">Olympique de Marseille<\/a>. Au coup de sifflet final, Franck Haise, l\u2019entraineur des Aiglons et pass\u00e9 au micro des journalistes. Et forc\u00e9ment, c&rsquo;\u00e9tait la soupe \u00e0 la grimace apr\u00e8s la lourde claque subie \u00e0 domicile (5-1).<\/p>\n<p>\u00ab\u00a0Le score est lourd. On a fait beaucoup d&rsquo;erreurs. On a fait pourtant notre meilleure mi-temps de la saison en premi\u00e8re dans ce qu&rsquo;on avait pr\u00e9vu de faire. Pour qu&rsquo;elle soit excellente, il ne faut pas donner de buts et il faut \u00eatre efficaces par rapport aux r\u00e9cup\u00e9rations. Il faut avoir plus de choses dans la finition. On doit marquer le premier but en seconde p\u00e9riode\u00a0\u00bb a-t-il d\u00e9plor\u00e9 au micro de Ligue 1+ et dans des propos rapport\u00e9s par RMC Sport.<\/p>\n<p>Haise d\u00e9pit\u00e9 par toutes les erreurs&#8230;<\/p>\n<p>Il a ensuite poursuivi : \u00ab\u00a0Il faut que \u00e7a finisse au fond. On a tellement donn\u00e9. On veut faire des petits ponts, des remises qui n&rsquo;arrivent pas. On a donn\u00e9 beaucoup de buts. Je loue les bonnes intentions, mais ce n&rsquo;est pas suffisant. Les occasions manqu\u00e9es ? \u00c7a n&rsquo;aurait pas chang\u00e9 la d\u00e9faite. \u00c7a aurait chang\u00e9 la physionomie. On peut marquer en premi\u00e8re p\u00e9riode, on doit marquer en seconde.\u00a0\u00bb<\/p>\n<p>Malgr\u00e9 tout, il ne veut pas \u00eatre totalement d\u00e9faitiste : \u00ab\u00a0Au lieu de marquer, on fait des erreurs \u00e9normissimes pour donner le 3e et le 4e. Je n&rsquo;ai pas toujours \u00e9t\u00e9 positif ces derniers temps. J&rsquo;ai parl\u00e9 de nos manques. Les joueurs font des efforts mais on donne tellement de choses, on fait tellement d&rsquo;erreurs&#8230; Il faut garder ces intentions et mieux utiliser nos munitions, \u00eatre plus justes dans les 25 derniers m\u00e8tres.\u00a0\u00bb<\/p>\n<p>Enfin, il a conclu : \u00ab\u00a0Quand on fait autant de cadeaux \u00e0 une \u00e9quipe comme l&rsquo;OM, je suis pas s\u00fbr qu&rsquo;on aurait gagn\u00e9 beaucoup de matchs. Il faut continuer sur cette voie dans les intentions mais corriger beaucoup de choses. On va jouer \u00e0 Porto et ce ne sera pas un cadeau.\u00a0\u00bb<\/p>\n<blockquote class=\"twitter-tweet\">\n<p dir=\"ltr\" lang=\"fr\">\ud83c\udf99\ufe0f Franck Haise analyse la gifle subie par son \u00e9quipe ce soir :<\/p>\n<p>\u00ab On a donn\u00e9 beaucoup de buts ce soir. \u00bb <a href=\"https:\/\/t.co\/tkaa6IZEtQ\" rel=\"nofollow\">pic.twitter.com\/tkaa6IZEtQ<\/a><\/p>\n<p>\u2014 L1+ (@ligue1plus) <a href=\"https:\/\/twitter.com\/ligue1plus\/status\/1991993876844839120?ref_src=twsrc%5Etfw\" rel=\"nofollow noopener\" target=\"_blank\">November 21, 2025<\/a><\/p>\n<\/blockquote>\n<p>   Partagez cette info avec vos amis et vos proches en cliquant ici<br \/> Pour r\u00e9sumer<\/p>\n<p>Franck Haise s&rsquo;est exprim\u00e9 apr\u00e8s la rencontre du soir entre Nice et l&rsquo;Olympique de Marseille. L&rsquo;entraineur des Aiglons \u00e9tait forc\u00e9ment d\u00e9sabus\u00e9 apr\u00e8s la grosse claque re\u00e7ue par son \u00e9quipe \u00e0 domicile face aux Olympiens (1-5).<\/p>\n<p>R\u00e9dacteur<\/p>\n<p><img decoding=\"async\" width=\"76\" height=\"76\" loading=\"lazy\" src=\"https:\/\/www.europesays.com\/fr\/wp-content\/uploads\/2025\/04\/avatar-onze.webp.webp\" alt=\"J\u00e9r\u00e9my lhostis\"\/><script async src=\"https:\/\/platform.twitter.com\/widgets.js\" charset=\"utf-8\"><\/script><\/p>\n","protected":false},"excerpt":{"rendered":"C\u2019\u00e9tait le retour de la Ligue 1 ce soir apr\u00e8s la fin des \u00e9liminatoires pour la Coupe du&hellip;\n","protected":false},"author":2,"featured_media":550908,"comment_status":"","ping_status":"","sticky":false,"template":"","format":"standard","meta":{"footnotes":""},"categories":[1410],"tags":[63,1011,27,66,149,60],"class_list":{"0":"post-550907","1":"post","2":"type-post","3":"status-publish","4":"format-standard","5":"has-post-thumbnail","7":"category-football","8":"tag-football","9":"tag-fr","10":"tag-france","11":"tag-ligue-1","12":"tag-om","13":"tag-sports"},"share_on_mastodon":{"url":"https:\/\/pubeurope.com\/@fr\/115592406929623956","error":""},"_links":{"self":[{"href":"https:\/\/www.europesays.com\/fr\/wp-json\/wp\/v2\/posts\/550907","targetHints":{"allow":["GET"]}}],"collection":[{"href":"https:\/\/www.europesays.com\/fr\/wp-json\/wp\/v2\/posts"}],"about":[{"href":"https:\/\/www.europesays.com\/fr\/wp-json\/wp\/v2\/types\/post"}],"author":[{"embeddable":true,"href":"https:\/\/www.europesays.com\/fr\/wp-json\/wp\/v2\/users\/2"}],"replies":[{"embeddable":true,"href":"https:\/\/www.europesays.com\/fr\/wp-json\/wp\/v2\/comments?post=550907"}],"version-history":[{"count":0,"href":"https:\/\/www.europesays.com\/fr\/wp-json\/wp\/v2\/posts\/550907\/revisions"}],"wp:featuredmedia":[{"embeddable":true,"href":"https:\/\/www.europesays.com\/fr\/wp-json\/wp\/v2\/media\/550908"}],"wp:attachment":[{"href":"https:\/\/www.europesays.com\/fr\/wp-json\/wp\/v2\/media?parent=550907"}],"wp:term":[{"taxonomy":"category","embeddable":true,"href":"https:\/\/www.europesays.com\/fr\/wp-json\/wp\/v2\/categories?post=550907"},{"taxonomy":"post_tag","embeddable":true,"href":"https:\/\/www.europesays.com\/fr\/wp-json\/wp\/v2\/tags?post=550907"}],"curies":[{"name":"wp","href":"https:\/\/api.w.org\/{rel}","templated":true}]}}