{"id":550909,"date":"2025-11-22T08:28:13","date_gmt":"2025-11-22T08:28:13","guid":{"rendered":"https:\/\/www.europesays.com\/fr\/550909\/"},"modified":"2025-11-22T08:28:13","modified_gmt":"2025-11-22T08:28:13","slug":"alex-cazales-dj-et-animateur-est-decede-tu-resteras-a-jamais-dans-nos-coeurs-linfo-re","status":"publish","type":"post","link":"https:\/\/www.europesays.com\/fr\/550909\/","title":{"rendered":"Alex Cazales, DJ et animateur est d\u00e9c\u00e9d\u00e9 : \u00ab Tu resteras \u00e0 jamais dans nos c\u0153urs \u00bb &#8211; LINFO.re"},"content":{"rendered":"<p>Alex Cazales, DJ et animateurs \u00e0 Kr\u00e9ol FM est d\u00e9c\u00e9d\u00e9 cette semaine. Le d\u00e9c\u00e8s du jeune homme a suscit\u00e9 de nombreuses r\u00e9actions, plusieurs hommages lui sont rendus sur les r\u00e9seaux sociaux.<\/p>\n<p>Le monde de l\u2019animation et des DJ \u00e0 La R\u00e9union est en deuil. Alex Cazal\u00e8s est d\u00e9c\u00e9d\u00e9 au cours de la semaine. Ses obs\u00e8ques ont eu lieu ce jeudi 20 novembre \u00e0 15h30 \u00e0 l\u2019\u00e9glise de Plateau Caillou \u00e0 Saint-Paul. L\u2019inhumation s\u2019est tenue au cimeti\u00e8re de Vill\u00e8le. De nombreuses personnes \u00e9taient pr\u00e9sentes pour lui dire un dernier au revoir.<\/p>\n<p>Thierry Araye, lui rend hommage sur Facebook.\u00a0\u00bbTu ne m\u2019as pas laiss\u00e9 le temps de te dire au revoir et de te remercier pour tout ce que tu as fait pour Kr\u00e9ol FM.\u00a0M\u00eame pendant le Covid, tu as pris le risque de venir animer pour faire plaisir aux nombreux auditeurs qui \u00e9taient confin\u00e9s. Ce soir, j\u2019ai beaucoup de peine, je perds un ami, un animateur et un DJ passionn\u00e9.Tu resteras \u00e0 jamais dans nos c\u0153urs\u00a0\u00bb.<\/p>\n","protected":false},"excerpt":{"rendered":"Alex Cazales, DJ et animateurs \u00e0 Kr\u00e9ol FM est d\u00e9c\u00e9d\u00e9 cette semaine. Le d\u00e9c\u00e8s du jeune homme a&hellip;\n","protected":false},"author":2,"featured_media":550910,"comment_status":"","ping_status":"","sticky":false,"template":"","format":"standard","meta":{"footnotes":""},"categories":[1359],"tags":[47,58,59,118,1011,27,6335,1922,7224,973,104],"class_list":{"0":"post-550909","1":"post","2":"type-post","3":"status-publish","4":"format-standard","5":"has-post-thumbnail","7":"category-people","8":"tag-actualite","9":"tag-divertissement","10":"tag-entertainment","11":"tag-faits-divers","12":"tag-fr","13":"tag-france","14":"tag-home-page","15":"tag-info","16":"tag-newsletter-soir","17":"tag-people","18":"tag-societe"},"share_on_mastodon":{"url":"https:\/\/pubeurope.com\/@fr\/115592410197882959","error":""},"_links":{"self":[{"href":"https:\/\/www.europesays.com\/fr\/wp-json\/wp\/v2\/posts\/550909","targetHints":{"allow":["GET"]}}],"collection":[{"href":"https:\/\/www.europesays.com\/fr\/wp-json\/wp\/v2\/posts"}],"about":[{"href":"https:\/\/www.europesays.com\/fr\/wp-json\/wp\/v2\/types\/post"}],"author":[{"embeddable":true,"href":"https:\/\/www.europesays.com\/fr\/wp-json\/wp\/v2\/users\/2"}],"replies":[{"embeddable":true,"href":"https:\/\/www.europesays.com\/fr\/wp-json\/wp\/v2\/comments?post=550909"}],"version-history":[{"count":0,"href":"https:\/\/www.europesays.com\/fr\/wp-json\/wp\/v2\/posts\/550909\/revisions"}],"wp:featuredmedia":[{"embeddable":true,"href":"https:\/\/www.europesays.com\/fr\/wp-json\/wp\/v2\/media\/550910"}],"wp:attachment":[{"href":"https:\/\/www.europesays.com\/fr\/wp-json\/wp\/v2\/media?parent=550909"}],"wp:term":[{"taxonomy":"category","embeddable":true,"href":"https:\/\/www.europesays.com\/fr\/wp-json\/wp\/v2\/categories?post=550909"},{"taxonomy":"post_tag","embeddable":true,"href":"https:\/\/www.europesays.com\/fr\/wp-json\/wp\/v2\/tags?post=550909"}],"curies":[{"name":"wp","href":"https:\/\/api.w.org\/{rel}","templated":true}]}}