{"id":550911,"date":"2025-11-22T08:29:17","date_gmt":"2025-11-22T08:29:17","guid":{"rendered":"https:\/\/www.europesays.com\/fr\/550911\/"},"modified":"2025-11-22T08:29:17","modified_gmt":"2025-11-22T08:29:17","slug":"a-pas-feutres-par-philippe-trias","status":"publish","type":"post","link":"https:\/\/www.europesays.com\/fr\/550911\/","title":{"rendered":"\u201c\u00c0 pas feutr\u00e9s\u201d, par Philippe Trias"},"content":{"rendered":"<p>Aujourd\u2019hui, je vous propose une image sous la forme d\u2019une carte postale, illustrant la rigueur hivernale qui s\u2019est install\u00e9e sur le massif du Jura ces derniers jours. Sous un \u00e9pais manteau blanc, les paysages du d\u00e9partement ont retrouv\u00e9 la couleur des saisons froides et, \u00e0 coup s\u00fbr, ravissent les amoureux de sports d\u2019hiver. Cette photo illustre la s\u00e9r\u00e9nit\u00e9 de l\u2019hiver en montagne, fig\u00e9e par le froid sous une \u00e9paisse couche de neige vierge. Cela rend l\u2019atmosph\u00e8re silencieuse, seulement perturb\u00e9e par les empreintes d\u2019un visiteur, rompant ainsi avec le caract\u00e8re immacul\u00e9 de <a href=\"https:\/\/www.leprogres.fr\/insolite\/2025\/11\/15\/l-oeil-de-notre-photographe-l-amour-est-dans-le-pre-par-philippe-trias\" target=\"_blank\" rel=\"noopener\">l\u2019image<\/a>.<\/p>\n<p>Avec l\u2019approche de l\u2019hiver, il est temps de ralentir le rythme, de prendre soin de soi, et pourquoi pas de partager, entre amis, une bonne raclette.<\/p>\n<p class=\"note\">Photo r\u00e9alis\u00e9e avec un Nikon et une focale de 200\u00a0mm, une vitesse d\u2019obturation de 1\/600 s \u00e0 f\/11 et une sensibilit\u00e9 de 1\u00a0000 ISO<\/p>\n","protected":false},"excerpt":{"rendered":"Aujourd\u2019hui, je vous propose une image sous la forme d\u2019une carte postale, illustrant la rigueur hivernale qui s\u2019est&hellip;\n","protected":false},"author":2,"featured_media":550912,"comment_status":"","ping_status":"","sticky":false,"template":"","format":"standard","meta":{"footnotes":""},"categories":[1358],"tags":[1348,1384,1385,1687,1386,58,2274,59,1011,27,1826],"class_list":{"0":"post-550911","1":"post","2":"type-post","3":"status-publish","4":"format-standard","5":"has-post-thumbnail","7":"category-arts-et-design","8":"tag-arts","9":"tag-arts-and-design","10":"tag-arts-et-design","11":"tag-culture-loisirs","12":"tag-design","13":"tag-divertissement","14":"tag-edition-jura-sud","15":"tag-entertainment","16":"tag-fr","17":"tag-france","18":"tag-jura"},"share_on_mastodon":{"url":"https:\/\/pubeurope.com\/@fr\/115592414065013784","error":""},"_links":{"self":[{"href":"https:\/\/www.europesays.com\/fr\/wp-json\/wp\/v2\/posts\/550911","targetHints":{"allow":["GET"]}}],"collection":[{"href":"https:\/\/www.europesays.com\/fr\/wp-json\/wp\/v2\/posts"}],"about":[{"href":"https:\/\/www.europesays.com\/fr\/wp-json\/wp\/v2\/types\/post"}],"author":[{"embeddable":true,"href":"https:\/\/www.europesays.com\/fr\/wp-json\/wp\/v2\/users\/2"}],"replies":[{"embeddable":true,"href":"https:\/\/www.europesays.com\/fr\/wp-json\/wp\/v2\/comments?post=550911"}],"version-history":[{"count":0,"href":"https:\/\/www.europesays.com\/fr\/wp-json\/wp\/v2\/posts\/550911\/revisions"}],"wp:featuredmedia":[{"embeddable":true,"href":"https:\/\/www.europesays.com\/fr\/wp-json\/wp\/v2\/media\/550912"}],"wp:attachment":[{"href":"https:\/\/www.europesays.com\/fr\/wp-json\/wp\/v2\/media?parent=550911"}],"wp:term":[{"taxonomy":"category","embeddable":true,"href":"https:\/\/www.europesays.com\/fr\/wp-json\/wp\/v2\/categories?post=550911"},{"taxonomy":"post_tag","embeddable":true,"href":"https:\/\/www.europesays.com\/fr\/wp-json\/wp\/v2\/tags?post=550911"}],"curies":[{"name":"wp","href":"https:\/\/api.w.org\/{rel}","templated":true}]}}