{"id":550913,"date":"2025-11-22T08:31:17","date_gmt":"2025-11-22T08:31:17","guid":{"rendered":"https:\/\/www.europesays.com\/fr\/550913\/"},"modified":"2025-11-22T08:31:17","modified_gmt":"2025-11-22T08:31:17","slug":"en-direct-neige-verglas-8-departements-en-vigilance-orange-a-partir-de-20h","status":"publish","type":"post","link":"https:\/\/www.europesays.com\/fr\/550913\/","title":{"rendered":"EN DIRECT &#8211; Neige-verglas : 8 d\u00e9partements en vigilance orange \u00e0 partir de 20h"},"content":{"rendered":"<ul class=\"jsx-862013697 ArticleChapo__List\">\n<li class=\"jsx-862013697 ArticleChapo__List_Item flex\">Ce samedi, M\u00e9t\u00e9o-France place 8 d\u00e9partements d&rsquo;\u00cele-de-France en vigilance orange \u00ab\u00a0neige-verglas\u00a0\u00bb \u00e0 partir de 20h.<\/li>\n<li class=\"jsx-862013697 ArticleChapo__List_Item flex\">De tr\u00e8s nombreux d\u00e9partements sont par ailleurs en vigilance jaune pour le m\u00eame motif, d&rsquo;autres pour \u00ab\u00a0Grand Froid\u00a0\u00bb ou \u00ab\u00a0avalanches\u00a0\u00bb.<\/li>\n<li class=\"jsx-862013697 ArticleChapo__List_Item flex\">Suivez les derni\u00e8res informations.<\/li>\n<\/ul>\n<p>Les \u00e9l\u00e9ments marquants07:46<\/p>\n<p>M\u00e9t\u00e9o-France place 8 d\u00e9partements d&rsquo;\u00cele-de-France en vigilance orange \u00e0 partir de 20h et jusqu&rsquo;\u00e0 dimanche matin \u00e0 8h.\u00a0<\/p>\n<p>Il s&rsquo;agit de : <strong>Paris <\/strong>(75), la <strong>Seine-et-Marne <\/strong>(77), les <strong>Yvelines <\/strong>(78), l&rsquo;<strong>Essonne <\/strong>(91), les <strong>Hauts-de-Seine <\/strong>(92), la <strong>Seine-Saint-Denis <\/strong>(93), le <strong>Val-de-Marne <\/strong>(94), le <strong>Val-d&rsquo;Oise <\/strong>(95).<\/p>\n<p>Par ailleurs, 73 d\u00e9partements sont en vigilance jaune : 29 pour \u00ab\u00a0Grand Froid\u00a0\u00bb, 1 pour \u00ab\u00a0orages\u00a0\u00bb, 6 sont pour \u00ab\u00a0avalanches\u00a0\u00bb et 53 pour \u00ab\u00a0neige-verglas\u00a0\u00bb.<\/p>\n<blockquote data-testid=\"EmbedTwitter\" id=\"tweet-1992096248535409029-:Red8skcmj9v79m:\" class=\"jsx-aeff1a1c40f54d7a twitter-tweet flex justify-center items-center\"><p>Pour samedi 22 novembre 2025 : \ud83d\udfe0 8 d\u00e9partements en Vigilance orange Pour dimanche 23 novembre 2025 : \ud83d\udfe0 8 d\u00e9partements en Vigilance orange Restez prudents et inform\u00e9s : https:\/\/t.co\/JGz4rTUvHP pic.twitter.com\/Qvl6wMO7kO \u2014 VigiM\u00e9t\u00e9oFrance (@VigiMeteoFrance)  November 22, 2025<\/p><\/blockquote>\n<p>Minute par minuteLE FROID D\u00c9J\u00c0 BIEN PR\u00c9SENT \u00c0 PARIS07:52<\/p>\n<p>Alors que 8 d\u00e9partements d&rsquo;\u00cele-de-France sont en vigilance orange ce soir \u00e0 partir de 20h, le froid est d\u00e9j\u00e0 tr\u00e8s pr\u00e9sent. Ce qu&rsquo;explique la journaliste Fanny Zimbler sur le pont de Grenelle, \u00e0 Paris. Elle indique que vers 7h30, le sol est \u00ab\u00a0d\u00e9j\u00e0 verglac\u00e9\u00a0\u00bb \u00e0 l&rsquo;endroit o\u00f9 elle se trouve.<\/p>\n<p>Neige-verglas : Fanny Zimbler fait le point \u00e0 ParisSource : TF1 Info<\/p>\n<p><img decoding=\"async\" src=\"https:\/\/www.europesays.com\/fr\/wp-content\/uploads\/2025\/11\/neige-verglas-fanny-zimbler-fait-le-point-a-paris-690c40-0@1x.jpeg\" alt=\"Neige-verglas : Fanny Zimbler fait le point \u00e0 Paris\" loading=\"lazy\" importance=\"low\" fetchpriority=\"low\" class=\"\"\/><img decoding=\"async\" src=\"https:\/\/www.tf1info.fr\/images\/icons\/player-logo-play.svg\" alt=\"Logo lecture\" class=\"jsx-d0de44c05fe3042c PlayerLazyload__Play\"\/>07:46<\/p>\n<p>M\u00e9t\u00e9o-France place 8 d\u00e9partements d&rsquo;\u00cele-de-France en vigilance orange \u00e0 partir de 20h et jusqu&rsquo;\u00e0 dimanche matin \u00e0 8h.\u00a0<\/p>\n<p>Il s&rsquo;agit de : <strong>Paris <\/strong>(75), la <strong>Seine-et-Marne <\/strong>(77), les <strong>Yvelines <\/strong>(78), l&rsquo;<strong>Essonne <\/strong>(91), les <strong>Hauts-de-Seine <\/strong>(92), la <strong>Seine-Saint-Denis <\/strong>(93), le <strong>Val-de-Marne <\/strong>(94), le <strong>Val-d&rsquo;Oise <\/strong>(95).<\/p>\n<p>Par ailleurs, 73 d\u00e9partements sont en vigilance jaune : 29 pour \u00ab\u00a0Grand Froid\u00a0\u00bb, 1 pour \u00ab\u00a0orages\u00a0\u00bb, 6 sont pour \u00ab\u00a0avalanches\u00a0\u00bb et 53 pour \u00ab\u00a0neige-verglas\u00a0\u00bb.<\/p>\n<blockquote data-testid=\"EmbedTwitter\" id=\"tweet-1992096248535409029-:Rsq9lkkcmj9v79m:\" class=\"jsx-aeff1a1c40f54d7a twitter-tweet flex justify-center items-center\"><p>Pour samedi 22 novembre 2025 : \ud83d\udfe0 8 d\u00e9partements en Vigilance orange Pour dimanche 23 novembre 2025 : \ud83d\udfe0 8 d\u00e9partements en Vigilance orange Restez prudents et inform\u00e9s : https:\/\/t.co\/JGz4rTUvHP pic.twitter.com\/Qvl6wMO7kO \u2014 VigiM\u00e9t\u00e9oFrance (@VigiMeteoFrance)  November 22, 2025<\/p><\/blockquote>\n<p>BONJOUR \u00c0 TOUS07:45<\/p>\n<p>Bonjour \u00e0 toutes et \u00e0 tous, et bienvenue dans ce direct du samedi 22 novembre 2025 consacr\u00e9 \u00e0 l&rsquo;alerte m\u00e9t\u00e9o.<\/p>\n<p data-module=\"article-paragraph\" class=\"jsx-3046738180 Paragraph Paragraph__End\">Ce samedi 22 novembre, M\u00e9t\u00e9o-France place 8 d\u00e9partements d&rsquo;\u00cele-de-France en vigilance orange \u00e0 partir de 20h et jusqu&rsquo;\u00e0 dimanche matin \u00e0 8h. Il s&rsquo;agit de : <strong>Paris <\/strong>(75), la <strong>Seine-et-Marne <\/strong>(77),les <strong>Yvelines (78), l&rsquo;Essonne (91), les Hauts-de-Seine (92), la Seine-Saint-Denis (93), le Val-de-Marne (94), le Val-d&rsquo;Oise (95).<\/strong><\/p>\n<blockquote data-testid=\"EmbedTwitter\" id=\"tweet-1992096248535409029-:R4pcmj9v79m:\" class=\"jsx-aeff1a1c40f54d7a twitter-tweet flex justify-center items-center\"><p>Pour samedi 22 novembre 2025 : \ud83d\udfe0 8 d\u00e9partements en Vigilance orange Pour dimanche 23 novembre 2025 : \ud83d\udfe0 8 d\u00e9partements en Vigilance orange Restez prudents et inform\u00e9s : https:\/\/t.co\/JGz4rTUvHP pic.twitter.com\/Qvl6wMO7kO \u2014 VigiM\u00e9t\u00e9oFrance (@VigiMeteoFrance)  November 22, 2025<\/p><\/blockquote>\n<p data-module=\"article-paragraph\" class=\"jsx-3046738180 Paragraph\">Par ailleurs, 73 d\u00e9partements sont en vigilance jaune : 29 pour \u00ab\u00a0Grand Froid\u00a0\u00bb, 1 pour \u00ab\u00a0orages\u00a0\u00bb, 6 sont pour \u00ab\u00a0avalanches\u00a0\u00bb et 53 pour \u00ab\u00a0neige-verglas\u00a0\u00bb.<\/p>\n<p data-module=\"article-paragraph\" class=\"jsx-3046738180 Paragraph Paragraph__End\">Dans son bulletin de 6h, M\u00e9t\u00e9o-France souligne qu'\u00a0\u00bbune masse d&rsquo;air tr\u00e8s froid concerne le pays depuis plusieurs jours. Une perturbation pluvieuse rentre par la Bretagne en fin de nuit de vendredi \u00e0 samedi et va progresser lentement vers l&rsquo;est. En fin d&rsquo;apr\u00e8s-midi soir\u00e9e, elle abordera une large bande centrale du pays ; au contact de l&rsquo;air plus froid, les pr\u00e9cipitations se feront sous forme de neige ou localement de pluies vergla\u00e7antes.\u00a0\u00bb<\/p>\n<p>La r\u00e9daction de TF1info<\/p>\n<p><script async src=\"https:\/\/platform.twitter.com\/widgets.js\" charset=\"utf-8\"><\/script><\/p>\n","protected":false},"excerpt":{"rendered":"Ce samedi, M\u00e9t\u00e9o-France place 8 d\u00e9partements d&rsquo;\u00cele-de-France en vigilance orange \u00ab\u00a0neige-verglas\u00a0\u00bb \u00e0 partir de 20h. De tr\u00e8s nombreux&hellip;\n","protected":false},"author":2,"featured_media":550914,"comment_status":"","ping_status":"","sticky":false,"template":"","format":"standard","meta":{"footnotes":""},"categories":[1356],"tags":[1111,11,1921,58,59,1011,27,1922,11008,2119,252,1364,133,11009],"class_list":{"0":"post-550913","1":"post","2":"type-post","3":"status-publish","4":"format-standard","5":"has-post-thumbnail","7":"category-television","8":"tag-actu","9":"tag-actualites","10":"tag-article-video","11":"tag-divertissement","12":"tag-entertainment","13":"tag-fr","14":"tag-france","15":"tag-info","16":"tag-phenomenes-meteo","17":"tag-previsions-meteo","18":"tag-television","19":"tag-tv","20":"tag-video","21":"tag-video-meteo-et-intemperies"},"share_on_mastodon":{"url":"https:\/\/pubeurope.com\/@fr\/115592422802444244","error":""},"_links":{"self":[{"href":"https:\/\/www.europesays.com\/fr\/wp-json\/wp\/v2\/posts\/550913","targetHints":{"allow":["GET"]}}],"collection":[{"href":"https:\/\/www.europesays.com\/fr\/wp-json\/wp\/v2\/posts"}],"about":[{"href":"https:\/\/www.europesays.com\/fr\/wp-json\/wp\/v2\/types\/post"}],"author":[{"embeddable":true,"href":"https:\/\/www.europesays.com\/fr\/wp-json\/wp\/v2\/users\/2"}],"replies":[{"embeddable":true,"href":"https:\/\/www.europesays.com\/fr\/wp-json\/wp\/v2\/comments?post=550913"}],"version-history":[{"count":0,"href":"https:\/\/www.europesays.com\/fr\/wp-json\/wp\/v2\/posts\/550913\/revisions"}],"wp:featuredmedia":[{"embeddable":true,"href":"https:\/\/www.europesays.com\/fr\/wp-json\/wp\/v2\/media\/550914"}],"wp:attachment":[{"href":"https:\/\/www.europesays.com\/fr\/wp-json\/wp\/v2\/media?parent=550913"}],"wp:term":[{"taxonomy":"category","embeddable":true,"href":"https:\/\/www.europesays.com\/fr\/wp-json\/wp\/v2\/categories?post=550913"},{"taxonomy":"post_tag","embeddable":true,"href":"https:\/\/www.europesays.com\/fr\/wp-json\/wp\/v2\/tags?post=550913"}],"curies":[{"name":"wp","href":"https:\/\/api.w.org\/{rel}","templated":true}]}}