{"id":550916,"date":"2025-11-22T08:33:45","date_gmt":"2025-11-22T08:33:45","guid":{"rendered":"https:\/\/www.europesays.com\/fr\/550916\/"},"modified":"2025-11-22T08:33:45","modified_gmt":"2025-11-22T08:33:45","slug":"un-demarrage-correct-mais-pas-non-plus-de-braquage-au-box-office-francais","status":"publish","type":"post","link":"https:\/\/www.europesays.com\/fr\/550916\/","title":{"rendered":"un d\u00e9marrage correct, mais pas non plus de braquage au box-office fran\u00e7ais"},"content":{"rendered":"<p><strong><a href=\"https:\/\/www.ecranlarge.com\/films\/1450859-insaisissables-3\" data-type=\"films\" data-id=\"692989\" rel=\"nofollow noopener\" target=\"_blank\">Insaisissables 3<\/a> est arriv\u00e9 dans les salles fran\u00e7aises, et m\u00eame s\u2019il s\u2019en tire bien par rapport aux autres sorties, la magie s\u2019estompe clairement.<\/strong><\/p>\n<p>Personne n\u2019avait demand\u00e9 un troisi\u00e8me film <strong>Insaisissables<\/strong>, mais le voil\u00e0 \u00e0 l\u2019affiche, toujours avec <a href=\"https:\/\/www.ecranlarge.com\/personnalite\/736591-dave-franco\" data-type=\"people\" data-id=\"378486\" rel=\"nofollow noopener\" target=\"_blank\">Dave Franco<\/a>, <a href=\"https:\/\/www.ecranlarge.com\/personnalite\/657305-isla-fisher\" data-type=\"people\" data-id=\"309020\" rel=\"nofollow noopener\" target=\"_blank\">Isla Fisher<\/a>, <a href=\"https:\/\/www.ecranlarge.com\/personnalite\/657026-woody-harrelson\" data-type=\"people\" data-id=\"14430\" rel=\"nofollow noopener\" target=\"_blank\">Woody Harrelson<\/a> et <a href=\"https:\/\/www.ecranlarge.com\/personnalite\/669076-jesse-eisenberg\" data-type=\"people\" data-id=\"2536\" rel=\"nofollow noopener\" target=\"_blank\">Jesse Eisenberg<\/a> dans la peau des Quatre Cavaliers, mais cette fois avec Ruben Fleischer \u00e0 la r\u00e9alisation. Pire encore : la bande s\u2019est agrandie avec <a href=\"https:\/\/www.ecranlarge.com\/personnalite\/984173-justice-smith\" rel=\"nofollow noopener\" target=\"_blank\">Justice Smith<\/a>,\u00a0<a href=\"https:\/\/www.ecranlarge.com\/personnalite\/1495608-dominic-sessa\" rel=\"nofollow noopener\" target=\"_blank\">Dominic Sessa<\/a>\u00a0et\u00a0<a href=\"https:\/\/www.ecranlarge.com\/personnalite\/1014950-ariana-greenblatt\" rel=\"nofollow noopener\" target=\"_blank\">Ariana Greenblatt<\/a> qui forment la nouvelle g\u00e9n\u00e9ration de magiciens-cambrioleurs, histoire de relancer la franchise et d\u2019avoir une nouvelle garde pour \u00e9ventuellement remplacer l\u2019ancienne. Un quatri\u00e8me film est d\u2019ailleurs d\u00e9j\u00e0 dans les tuyaux, donc la strat\u00e9gie semble plut\u00f4t claire\u2026<\/p>\n<p>                    <img decoding=\"async\" alt=\"\" class=\"wp-image-518375\" style=\"object-fit:cover;width:25px;height:25px\" src=\"https:\/\/www.ecranlarge.com\/content\/uploads\/2023\/09\/arrow-right-circle.svg\"\/><\/p>\n<p>Au-del\u00e0 des consid\u00e9rations critiques, c\u2019est bien l\u2019argent qui dicte tout \u00e0 Hollywood. Mais si <strong>Insaisissables 3<\/strong> a fait un d\u00e9marrage national \u00e0 21 millions de dollars, dans la lign\u00e9e des deux pr\u00e9c\u00e9dents films, son lancement en France est nettement moins encourageant.<\/p>\n<p><a href=\"https:\/\/www.ecranlarge.com\/content\/uploads\/2025\/10\/iyxfaluso4nuokshf2tjecjnqvz.webp\" rel=\"nofollow noopener\" target=\"_blank\"><img loading=\"lazy\" decoding=\"async\" alt=\"Woody Harrelson dans Insaisissables 3\" class=\"wp-image-1348078\" src=\"https:\/\/www.europesays.com\/fr\/wp-content\/uploads\/2025\/10\/iyxfaluso4nuokshf2tjecjnqvz-1260x709.webp.webp\" width=\"1260\" height=\"709\"  \/><\/a>Ils braquent des banques, mais pas le box-officeENTR\u00c9ES INSAISISSABLES<\/p>\n<p>Pour sa premi\u00e8re semaine d\u2019exploitation, <strong>Insaisissables 3<\/strong> <strong>a fait plus de 461\u00a0000 entr\u00e9es, dont plus de 108 000\u00a0le premier jour.<\/strong> De quoi le propulser directement \u00e0 la premi\u00e8re place du classement fran\u00e7ais hebdomadaire, devant la com\u00e9die fran\u00e7aise <strong>T\u2019as pas chang\u00e9<\/strong> de J\u00e9r\u00f4me Commandeur, qui \u00e9tait un concurrent assez s\u00e9rieux puisqu\u2019il a battu Disney et son <strong>Predator : Badlands<\/strong> la semaine pr\u00e9c\u00e9dente.<\/p>\n<p>                    <img decoding=\"async\" alt=\"\" class=\"wp-image-518375\" style=\"object-fit:cover;width:25px;height:25px\" src=\"https:\/\/www.ecranlarge.com\/content\/uploads\/2023\/09\/arrow-right-circle.svg\"\/><\/p>\n<p>M\u00eame si le score de ce troisi\u00e8me opus est loin d\u2019\u00eatre catastrophique, la franchise hollywoodienne fait toutefois face \u00e0<strong> une \u00e9norme baisse de r\u00e9gime<\/strong>. Le premier volet de 2013 mis en sc\u00e8ne par Louis Leterrier avait en effet attir\u00e9 pr\u00e8s de 961 000 personnes en une semaine, soit plus du double de spectateurs, alors m\u00eame que le film avait une centaine de copies en moins (environ 500) par rapport aux deux autres.<\/p>\n<p><a href=\"https:\/\/www.ecranlarge.com\/content\/uploads\/2025\/10\/tvdx5r5d4lrnkd2pavlhx2sfnt6.webp\" rel=\"nofollow noopener\" target=\"_blank\"><img loading=\"lazy\" decoding=\"async\" alt=\"Insaisissables 3\" class=\"wp-image-1348080\" src=\"https:\/\/www.europesays.com\/fr\/wp-content\/uploads\/2025\/10\/tvdx5r5d4lrnkd2pavlhx2sfnt6-1260x709.webp.webp\" width=\"1260\" height=\"709\"  \/><\/a>Perspective d\u00e9form\u00e9e<\/p>\n<p>Quant au deuxi\u00e8me long-m\u00e9trage de Jon Chu sorti en 2016, il \u00e9tait \u00e0 plus de 910\u2009000 entr\u00e9es \u00e0 son lancement. Les deux films de la saga totalisent respectivement trois et deux millions d\u2019entr\u00e9es, des sommes qu\u2019<strong>Insaisissables 3<\/strong> risque d\u2019avoir du mal \u00e0 atteindre, surtout avec la concurrence qui arrive d\u2019ici la fin de l\u2019ann\u00e9e : <strong>Zootopie 2<\/strong>,<strong> La femme de M\u00e9nage<\/strong> tir\u00e9 du bestseller \u00e9ponyme, <strong>Bob l\u2019\u00c9ponge<\/strong><strong> <\/strong>(oui) et surtout <strong>Avatar 3<\/strong>.<\/p>\n<p>Peut-\u00eatre que <strong>Running Man<\/strong>, la nouvelle adaptation du roman de Stephen King r\u00e9alis\u00e9e par Edgar Wright et sortie ce 19 novembre, p\u00e8sera dans la balance. Toutefois, le film port\u00e9 par Glen Powell a fait un d\u00e9marrage inqui\u00e9tant \u00e0 16 millions de dollars, donc peut-\u00eatre qu\u2019il ne cannibalisera pas <strong>Insaisissables 3<\/strong>, qui a encore une chance d\u2019atteindre le million d\u2019entr\u00e9es en France.<\/p>\n","protected":false},"excerpt":{"rendered":"Insaisissables 3 est arriv\u00e9 dans les salles fran\u00e7aises, et m\u00eame s\u2019il s\u2019en tire bien par rapport aux autres&hellip;\n","protected":false},"author":2,"featured_media":550917,"comment_status":"","ping_status":"","sticky":false,"template":"","format":"standard","meta":{"footnotes":""},"categories":[1354],"tags":[58,59,1346,1011,27,1360],"class_list":{"0":"post-550916","1":"post","2":"type-post","3":"status-publish","4":"format-standard","5":"has-post-thumbnail","7":"category-films","8":"tag-divertissement","9":"tag-entertainment","10":"tag-films","11":"tag-fr","12":"tag-france","13":"tag-movies"},"share_on_mastodon":{"url":"https:\/\/pubeurope.com\/@fr\/115592431265450965","error":""},"_links":{"self":[{"href":"https:\/\/www.europesays.com\/fr\/wp-json\/wp\/v2\/posts\/550916","targetHints":{"allow":["GET"]}}],"collection":[{"href":"https:\/\/www.europesays.com\/fr\/wp-json\/wp\/v2\/posts"}],"about":[{"href":"https:\/\/www.europesays.com\/fr\/wp-json\/wp\/v2\/types\/post"}],"author":[{"embeddable":true,"href":"https:\/\/www.europesays.com\/fr\/wp-json\/wp\/v2\/users\/2"}],"replies":[{"embeddable":true,"href":"https:\/\/www.europesays.com\/fr\/wp-json\/wp\/v2\/comments?post=550916"}],"version-history":[{"count":0,"href":"https:\/\/www.europesays.com\/fr\/wp-json\/wp\/v2\/posts\/550916\/revisions"}],"wp:featuredmedia":[{"embeddable":true,"href":"https:\/\/www.europesays.com\/fr\/wp-json\/wp\/v2\/media\/550917"}],"wp:attachment":[{"href":"https:\/\/www.europesays.com\/fr\/wp-json\/wp\/v2\/media?parent=550916"}],"wp:term":[{"taxonomy":"category","embeddable":true,"href":"https:\/\/www.europesays.com\/fr\/wp-json\/wp\/v2\/categories?post=550916"},{"taxonomy":"post_tag","embeddable":true,"href":"https:\/\/www.europesays.com\/fr\/wp-json\/wp\/v2\/tags?post=550916"}],"curies":[{"name":"wp","href":"https:\/\/api.w.org\/{rel}","templated":true}]}}