{"id":550922,"date":"2025-11-22T08:36:14","date_gmt":"2025-11-22T08:36:14","guid":{"rendered":"https:\/\/www.europesays.com\/fr\/550922\/"},"modified":"2025-11-22T08:36:14","modified_gmt":"2025-11-22T08:36:14","slug":"star-academy-2025-quel-eleve-a-ete-elimine-ce-21-novembre","status":"publish","type":"post","link":"https:\/\/www.europesays.com\/fr\/550922\/","title":{"rendered":"Star Academy 2025 : quel \u00e9l\u00e8ve a \u00e9t\u00e9 \u00e9limin\u00e9 ce 21 novembre ?"},"content":{"rendered":"<p>EN BREF<\/p>\n<ul class=\"bloc_resume_post_list\">\n<li>Le 18 octobre 2025, Nikos Aliagas a lanc\u00e9 la saison 13 de<br \/>\nla Star Academy avec 17 \u00e9l\u00e8ves, dont quatre ont d\u00e9j\u00e0 quitt\u00e9 le<br \/>\nch\u00e2teau de Dammarie-les-Lys.<\/li>\n<li>Le 21 novembre, lors du cinqui\u00e8me prime, L\u00e9ane, Th\u00e9o et<br \/>\nVictor ont \u00e9t\u00e9 soumis au vote du public pour d\u00e9fendre leur<br \/>\nplace.<\/li>\n<li>Victor a \u00e9t\u00e9 sauv\u00e9 par le public, Th\u00e9o par ses camarades,<br \/>\nlaissant L\u00e9ane quitter l\u00a0\u00bbaventure apr\u00e8s une interpr\u00e9tation de<br \/>\nMichael Jackson.<\/li>\n<\/ul>\n<p class=\"p1\">Les semaines filent \u00e0 une vitesse folle. <a href=\"https:\/\/www.telestar.fr\/tele_realite\/star-academy-cet-enorme-manque-de-respect-des-eleves-a-mis-ladji-doucoure-tres-en-colere-1746170\" target=\"_blank\" rel=\"noopener\"><br \/>\nLe 18 octobre dernier, Nikos Aliagas donnait le coup d&rsquo;envoi de la<br \/>\nsaison 13 de la Star Academy.<\/a> Quatre des dix-sept \u00e9l\u00e8ves de<br \/>\ncette nouvelle \u00e9dition ont d\u00e9j\u00e0 quitt\u00e9 le ch\u00e2teau de<br \/>\nDammarie-les-Lys. <strong>Mehdi a \u00e9t\u00e9 le premier<\/strong> \u00e0<br \/>\nterminer pr\u00e9matur\u00e9ment l&rsquo;aventure. <strong>Lenny et Noah lui ont<br \/>\nembo\u00eet\u00e9 le pas.<\/strong><\/p>\n<p class=\"p1\">Vendredi dernier, <strong>Ema a pris la d\u00e9cisions<br \/>\nd&rsquo;interrompre sa participation<\/strong> au t\u00e9l\u00e9-crochet avant m\u00eame<br \/>\nle verdict de ses camarades. Les treize candidats encore en lice<br \/>\nesp\u00e8rent remporter la mise et succ\u00e9der \u00e0 la gagnante de la<br \/>\npr\u00e9c\u00e9dente saison, Marine. La victoire tant convoit\u00e9e leur promet<br \/>\nd&rsquo;entamer une carri\u00e8re dans l&rsquo;industrie musicale avec un album \u00e0 la<br \/>\ncl\u00e9.<\/p>\n<p>Star Academy 2025 : qui \u00e9tait sur la sellette ce 21<br \/>\nnovembre ?<\/p>\n<p class=\"p1\">Ce vendredi 21 novembre 2025, TF1 diffusait<br \/>\n<strong>le cinqui\u00e8me prime de la Star Academy<\/strong>. Trois<br \/>\nAcad\u00e9miciens ont \u00e9t\u00e9 soumis au vote du public. <a href=\"https:\/\/www.telestar.fr\/tele_realite\/star-academy-leane-et-theo-en-couple-ema-sortie-elle-balance-la-verite-et-choque-les-telespectateurs-1745768\" target=\"_blank\" rel=\"noopener\"><br \/>\nL\u00e9ane et Th\u00e9o<\/a> \u00e9taient une deuxi\u00e8me fois <strong>sur la sellette<br \/>\naux c\u00f4t\u00e9s de Victor<\/strong>. Chacun d&rsquo;eux a d\u00e9fendu sa place. Seul<br \/>\nun candidat n&rsquo;a pas convaincu le public.<\/p>\n<p class=\"p1\">L\u00e9ane a interpr\u00e9t\u00e9 un tube de Michael Jackson,<br \/>\nHeal The World. Th\u00e9o P a fait frissonner les<br \/>\nt\u00e9l\u00e9spectateurs avec Petite Marie\u00a0de Francis Cabrel.<br \/>\nVictor a fait des \u00e9tincelles en chantant\u00a0Mourir sur<br \/>\nsc\u00e8ne de Dalida. L&rsquo;heure est ensuite venue de d\u00e9partager les<br \/>\ntrois \u00e9l\u00e8ves. Une t\u00e2che \u00f4 combien difficile pour qui d\u00e9tient le<br \/>\npouvoir des urnes.<\/p>\n<p>Star Academy 2025 : quel \u00e9l\u00e8ve a<br \/>\nquitt\u00e9 l&rsquo;aventure ce 21 novembre ?<\/p>\n<p class=\"p1\">A l&rsquo;issue du scrutin, <a href=\"https:\/\/www.telestar.fr\/actu_tv\/je-fais-genre-je-suis-a-laise-mais-comment-nikos-aliagas-se-sent-vraiment-sur-le-plateau-de-star-academy-1745123\" target=\"_blank\" rel=\"noopener\"><br \/>\nNikos Aliagas<\/a> a indiqu\u00e9 que <strong>le public avait sauv\u00e9 la<br \/>\nmise \u00e0 Victor<\/strong>. Les Acad\u00e9miciens ont ensuite d\u00e9cid\u00e9 de<br \/>\nconserver Th\u00e9o \u00e0 leurs c\u00f4t\u00e9s. C&rsquo;est donc <strong>L\u00e9ane qui a \u00e9t\u00e9<br \/>\n\u00e9limin\u00e9e \u00e0 l&rsquo;issue du prime<\/strong> diffus\u00e9 hier soir sur TF1.<br \/>\nL&rsquo;aventure s&rsquo;est arr\u00eat\u00e9e d\u00e9finitivement pour la jeune<br \/>\nMontpelli\u00e9raine.<\/p>\n<p class=\"p1\">Une autre \u00e9l\u00e8ve a profit\u00e9 de <strong>l&rsquo;immunit\u00e9<br \/>\naccord\u00e9e par le corps professoral<\/strong>\u00a0du t\u00e9l\u00e9-crochet.<br \/>\nLors de la battle du top 3, <strong>Sarah a fait forte<br \/>\nimpression<\/strong> en livrant une interpr\u00e9tation enfi\u00e9vr\u00e9e d&rsquo;un<br \/>\nc\u00e9l\u00e8bre titre de l&rsquo;oeuvre de Serge Lama, Je suis malade,<br \/>\nface \u00e0 Ambre, qui avait jet\u00e9 son d\u00e9volu sur\u00a0Je te<br \/>\npromets\u00a0de\u00a0Johnny Hallyday, et Jeanne, qui a chant\u00e9<br \/>\nJ&rsquo;envoie valser de Zazie. Les prochaines semaines<br \/>\ns&rsquo;annoncent palpitante dans l&rsquo;enceinte du ch\u00e2teau de<br \/>\nDammarie-les-Lys !<\/p>\n","protected":false},"excerpt":{"rendered":"EN BREF Le 18 octobre 2025, Nikos Aliagas a lanc\u00e9 la saison 13 de la Star Academy avec&hellip;\n","protected":false},"author":2,"featured_media":550923,"comment_status":"","ping_status":"","sticky":false,"template":"","format":"standard","meta":{"footnotes":""},"categories":[8],"tags":[548,58,59,1011,27,5095],"class_list":{"0":"post-550922","1":"post","2":"type-post","3":"status-publish","4":"format-standard","5":"has-post-thumbnail","7":"category-divertissement","8":"tag-article-simple","9":"tag-divertissement","10":"tag-entertainment","11":"tag-fr","12":"tag-france","13":"tag-star-academy"},"share_on_mastodon":{"url":"https:\/\/pubeurope.com\/@fr\/115592441867530334","error":""},"_links":{"self":[{"href":"https:\/\/www.europesays.com\/fr\/wp-json\/wp\/v2\/posts\/550922","targetHints":{"allow":["GET"]}}],"collection":[{"href":"https:\/\/www.europesays.com\/fr\/wp-json\/wp\/v2\/posts"}],"about":[{"href":"https:\/\/www.europesays.com\/fr\/wp-json\/wp\/v2\/types\/post"}],"author":[{"embeddable":true,"href":"https:\/\/www.europesays.com\/fr\/wp-json\/wp\/v2\/users\/2"}],"replies":[{"embeddable":true,"href":"https:\/\/www.europesays.com\/fr\/wp-json\/wp\/v2\/comments?post=550922"}],"version-history":[{"count":0,"href":"https:\/\/www.europesays.com\/fr\/wp-json\/wp\/v2\/posts\/550922\/revisions"}],"wp:featuredmedia":[{"embeddable":true,"href":"https:\/\/www.europesays.com\/fr\/wp-json\/wp\/v2\/media\/550923"}],"wp:attachment":[{"href":"https:\/\/www.europesays.com\/fr\/wp-json\/wp\/v2\/media?parent=550922"}],"wp:term":[{"taxonomy":"category","embeddable":true,"href":"https:\/\/www.europesays.com\/fr\/wp-json\/wp\/v2\/categories?post=550922"},{"taxonomy":"post_tag","embeddable":true,"href":"https:\/\/www.europesays.com\/fr\/wp-json\/wp\/v2\/tags?post=550922"}],"curies":[{"name":"wp","href":"https:\/\/api.w.org\/{rel}","templated":true}]}}