{"id":550928,"date":"2025-11-22T08:39:11","date_gmt":"2025-11-22T08:39:11","guid":{"rendered":"https:\/\/www.europesays.com\/fr\/550928\/"},"modified":"2025-11-22T08:39:11","modified_gmt":"2025-11-22T08:39:11","slug":"la-cour-supreme-debloque-le-redecoupage-electoral-du-texas-favorable-aux-republicains","status":"publish","type":"post","link":"https:\/\/www.europesays.com\/fr\/550928\/","title":{"rendered":"la Cour supr\u00eame d\u00e9bloque le red\u00e9coupage \u00e9lectoral du Texas, favorable aux r\u00e9publicains"},"content":{"rendered":"<p>\n    La Cour supr\u00eame am\u00e9ricaine a suspendu vendredi le blocage du red\u00e9coupage de la carte \u00e9lectorale du Texas, revenant sur un jugement rendu par un tribunal f\u00e9d\u00e9ral qui emp\u00eachait les r\u00e9publicains de modifier la carte \u00e9lectorale \u00e0 leur avantage.<\/p>\n<p class=\"fig-paragraph\">La Cour supr\u00eame des \u00c9tats-Unis a suspendu vendredi le blocage du red\u00e9coupage \u00e9lectoral au Texas, donnant un coup de pouce aux r\u00e9publicains dans leur tentative de gagner des si\u00e8ges au Congr\u00e8s \u00e0 Washington lors des l\u00e9gislatives de mi-mandat de 2026.<\/p>\n<p class=\"fig-paragraph\">L&rsquo;\u00c9tat du Texas a demand\u00e9 \u00e0 la plus haute juridiction am\u00e9ricaine, \u00e0 majorit\u00e9 conservatrice, de lui permettre d&rsquo;utiliser une nouvelle carte \u00e9lectorale, d\u00e9clenchant quelques heures plus tard le gel d&rsquo;une d\u00e9cision prise mardi par un tribunal f\u00e9d\u00e9ral, afin de donner aux juges le temps d&rsquo;examiner l&rsquo;affaire.<\/p>\n<p>                                    <a class=\"fig-a11y-skip a11y-hidden\" href=\"#fig-a11y-skip-main-inarticle\"><br \/>\n        Passer la publicit\u00e9<br \/>\n    <\/a><\/p>\n<p class=\"fig-paragraph\">Connue sous le nom de \u00absuspension administrative\u00bb, l&rsquo;ordonnance a \u00e9t\u00e9 accord\u00e9e par le juge Samuel Alito, qui a demand\u00e9 aux opposants de d\u00e9poser une r\u00e9ponse \u00e0 la requ\u00eate du Texas avant lundi apr\u00e8s-midi.<\/p>\n<p class=\"fig-paragraph\">Un tribunal f\u00e9d\u00e9ral avait rejet\u00e9 le 18 novembre la nouvelle carte \u00e9lectorale du Texas, estimant qu&rsquo;elle constituait un cas de \u00abgerrymandering\u00bb racial, consistant \u00e0 d\u00e9placer les fronti\u00e8res des circonscriptions au gr\u00e9 des int\u00e9r\u00eats du parti dirigeant dans chaque \u00c9tat.<\/p>\n<p class=\"fig-body-link\">\n            \u00c0 lire aussi<br \/>\n        <a class=\"fig-body-link__link\" href=\"http:\/\/www.lefigaro.fr\/flash-eco\/paralysie-budgetaire-la-cour-supreme-americaine-etend-le-gel-du-versement-d-aides-alimentaires-20251112\" data-fig-type=\"NewsFlash\" data-gtm-custom-categorie=\"navigation\" data-gtm-custom-action=\"crossclick\" data-gtm-custom-label=\"Contextuel\" data-gtm-event=\"customEventSPE\" data-fig-domain=\"LEFIGARO\" rel=\"nofollow noopener\" target=\"_blank\"><\/p>\n<p>        Paralysie budg\u00e9taire\u00a0: la Cour supr\u00eame am\u00e9ricaine \u00e9tend le gel du versement d&rsquo;aides alimentaires<br \/>\n    <\/a>\n<\/p>\n<p class=\"fig-paragraph\">Le pr\u00e9sident Donald Trump a demand\u00e9 ces derniers mois \u00e0 plusieurs \u00c9tats r\u00e9publicains de red\u00e9finir leurs circonscriptions \u00e9lectorales pour asseoir la fine marge de leur parti \u00e0 la Chambre des repr\u00e9sentants du Congr\u00e8s \u00e0 Washington (219 si\u00e8ges contre 214 pour les d\u00e9mocrates).<\/p>\n<p class=\"fig-paragraph\">La pr\u00e9cipitation \u00e0 red\u00e9couper les circonscriptions \u00e9lectorales afin de s&rsquo;assurer de nouveaux si\u00e8ges de parlementaires refl\u00e8te la bataille intense que se livrent d\u00e9mocrates et r\u00e9publicains \u00e0 travers le pays.<\/p>\n<p class=\"fig-paragraph\">Les d\u00e9mocrates ont fait approuver en novembre par r\u00e9f\u00e9rendum un texte destin\u00e9 \u00e0 leur donner cinq si\u00e8ges suppl\u00e9mentaires pour la Californie (ouest), \u00c9tat le plus peupl\u00e9 du pays, qu&rsquo;ils dominent largement.<\/p>\n<p>                                    <a class=\"fig-a11y-skip a11y-hidden\" href=\"#fig-a11y-skip-main-inarticle_mtf\"><br \/>\n        Passer la publicit\u00e9<br \/>\n    <\/a><\/p>\n<p class=\"fig-paragraph\">Des efforts de red\u00e9coupage \u00e9lectoral sont en cours ou \u00e0 l&rsquo;\u00e9tude dans d&rsquo;autres \u00c9tats.<\/p>\n<p class=\"fig-paragraph\">La nouvelle carte du Texas a \u00e9t\u00e9 contest\u00e9e par des \u00e9lecteurs noirs et hispaniques de cet immense \u00c9tat du sud dirig\u00e9 par les r\u00e9publicains.<\/p>\n<p class=\"fig-paragraph\">Dans sa d\u00e9cision, un tribunal local avait ordonn\u00e9 au Texas d&rsquo;utiliser la carte de 2021 pour les \u00e9lections l\u00e9gislatives de mi-mandat de novembre 2026.<\/p>\n","protected":false},"excerpt":{"rendered":"La Cour supr\u00eame am\u00e9ricaine a suspendu vendredi le blocage du red\u00e9coupage de la carte \u00e9lectorale du Texas, revenant&hellip;\n","protected":false},"author":2,"featured_media":550929,"comment_status":"","ping_status":"","sticky":false,"template":"","format":"standard","meta":{"footnotes":""},"categories":[5],"tags":[11,1011,27,14,12,3926,28],"class_list":{"0":"post-550928","1":"post","2":"type-post","3":"status-publish","4":"format-standard","5":"has-post-thumbnail","7":"category-international","8":"tag-actualites","9":"tag-fr","10":"tag-france","11":"tag-international","12":"tag-news","13":"tag-texas","14":"tag-world"},"share_on_mastodon":{"url":"https:\/\/pubeurope.com\/@fr\/115592453467973873","error":""},"_links":{"self":[{"href":"https:\/\/www.europesays.com\/fr\/wp-json\/wp\/v2\/posts\/550928","targetHints":{"allow":["GET"]}}],"collection":[{"href":"https:\/\/www.europesays.com\/fr\/wp-json\/wp\/v2\/posts"}],"about":[{"href":"https:\/\/www.europesays.com\/fr\/wp-json\/wp\/v2\/types\/post"}],"author":[{"embeddable":true,"href":"https:\/\/www.europesays.com\/fr\/wp-json\/wp\/v2\/users\/2"}],"replies":[{"embeddable":true,"href":"https:\/\/www.europesays.com\/fr\/wp-json\/wp\/v2\/comments?post=550928"}],"version-history":[{"count":0,"href":"https:\/\/www.europesays.com\/fr\/wp-json\/wp\/v2\/posts\/550928\/revisions"}],"wp:featuredmedia":[{"embeddable":true,"href":"https:\/\/www.europesays.com\/fr\/wp-json\/wp\/v2\/media\/550929"}],"wp:attachment":[{"href":"https:\/\/www.europesays.com\/fr\/wp-json\/wp\/v2\/media?parent=550928"}],"wp:term":[{"taxonomy":"category","embeddable":true,"href":"https:\/\/www.europesays.com\/fr\/wp-json\/wp\/v2\/categories?post=550928"},{"taxonomy":"post_tag","embeddable":true,"href":"https:\/\/www.europesays.com\/fr\/wp-json\/wp\/v2\/tags?post=550928"}],"curies":[{"name":"wp","href":"https:\/\/api.w.org\/{rel}","templated":true}]}}