{"id":550934,"date":"2025-11-22T08:46:18","date_gmt":"2025-11-22T08:46:18","guid":{"rendered":"https:\/\/www.europesays.com\/fr\/550934\/"},"modified":"2025-11-22T08:46:18","modified_gmt":"2025-11-22T08:46:18","slug":"ligue-b-martigues-devra-faire-face-au-defi-physique-de-nancy","status":"publish","type":"post","link":"https:\/\/www.europesays.com\/fr\/550934\/","title":{"rendered":"Ligue B : Martigues devra faire face au d\u00e9fi physique de Nancy"},"content":{"rendered":"<p>Les volleyeurs mart\u00e9gaux restent sur une belle s\u00e9rie de quatre victoires cons\u00e9cutives, dont une en coupe de France \u00e0 Rennes. <a href=\"https:\/\/www.laprovence.com\/article\/sports\/67491089901505\/volley-ligue-b-martigues-en-demonstration-contre-reims-pour-lancer-sa-saison-de-la-meilleure-des-facons\" target=\"_blank\" rel=\"noopener\">Ils ont parfaitement lanc\u00e9 leur saison<\/a> et viennent de battre Royan au bout du suspense \u00e0 Julien-Olive et re\u00e7oivent Nancy, un adversaire de poids.<\/p>\n<p>Avec d\u00e9j\u00e0 la n\u00e9cessit\u00e9 de prendre trois points pr\u00e9cieux face \u00e0 une formation lorraine qui a battu Cambrai il y a deux semaines. \u00ab\u00a0C\u2019est une \u00e9quipe physique, sans doute la plus physique du championnat, annonce Ricardo Martinez, donc un nouveau d\u00e9fi pour nous, une semaine apr\u00e8s notre difficile succ\u00e8s sur Royan, un sacr\u00e9 client. Mais battre cet adversaire dans la difficult\u00e9 nous a fait du bien malgr\u00e9 nos 10 fautes dans le premier set et la pression exerc\u00e9e par eux au service. Le suppl\u00e9ment d\u2019\u00e2me dont le groupe a fait preuve a permis d\u2019arracher la victoire.\u00a0\u00bb<\/p>\n<p>Ce soir, Nancy est un vis-\u00e0-vis qui dispose d\u2019autres atouts que Royan mais n\u2019en reste pas moins un rival tout aussi solide comme le note l\u2019exp\u00e9riment\u00e9 libero mart\u00e9gal, <a href=\"https:\/\/www.laprovence.com\/article\/sports\/1739129210200915\/volley-ligue-b-quart-de-finale-malgre-une-premiere-defaite-pour-emmanuel-ragondet-tout-reste-ouvert\" target=\"_blank\" rel=\"noopener\">Emmanuel Ragondet\u00a0<\/a>: \u00ab\u00a0C\u2019est une \u00e9quipe un peu \u00e0 l\u2019inverse de la n\u00f4tre qui est tr\u00e8s technique. Il faudra r\u00e9pondre au d\u00e9fi physique qu\u2019ils vont nous proposer et s\u2019armer de patience. C\u2019est ce que nous avons fait contre Royan et sur notre parquet, il faut avoir confiance en la valeur et en la qualit\u00e9 de notre groupe\u00a0\u00bb.<\/p>\n<p>Un groupe au sein duquel K\u00e9vin Fran\u00e7ois effectue son retour, apr\u00e8s avoir repris l\u2019entra\u00eenement depuis quelques jours. Il entrera peut-\u00eatre en jeu.<\/p>\n<p>Martigues VB &#8211; Grand Nancy VB. 19\u00a0heures, gymnase Julien-Olive.<\/p>\n","protected":false},"excerpt":{"rendered":"Les volleyeurs mart\u00e9gaux restent sur une belle s\u00e9rie de quatre victoires cons\u00e9cutives, dont une en coupe de France&hellip;\n","protected":false},"author":2,"featured_media":550935,"comment_status":"","ping_status":"","sticky":false,"template":"","format":"standard","meta":{"footnotes":""},"categories":[9635],"tags":[17,1111,11,66827,4559,1777,674,2823,4560,1011,27,775,3022,12045,1702,12,25,60,1470],"class_list":{"0":"post-550934","1":"post","2":"type-post","3":"status-publish","4":"format-standard","5":"has-post-thumbnail","7":"category-nancy","8":"tag-17","9":"tag-actu","10":"tag-actualites","11":"tag-b","12":"tag-devra","13":"tag-eu","14":"tag-europe","15":"tag-face","16":"tag-faire","17":"tag-fr","18":"tag-france","19":"tag-grand-est","20":"tag-ligue","21":"tag-martigues","22":"tag-nancy","23":"tag-news","24":"tag-republique-francaise","25":"tag-sports","26":"tag-volley"},"share_on_mastodon":{"url":"https:\/\/pubeurope.com\/@fr\/115592480964626785","error":""},"_links":{"self":[{"href":"https:\/\/www.europesays.com\/fr\/wp-json\/wp\/v2\/posts\/550934","targetHints":{"allow":["GET"]}}],"collection":[{"href":"https:\/\/www.europesays.com\/fr\/wp-json\/wp\/v2\/posts"}],"about":[{"href":"https:\/\/www.europesays.com\/fr\/wp-json\/wp\/v2\/types\/post"}],"author":[{"embeddable":true,"href":"https:\/\/www.europesays.com\/fr\/wp-json\/wp\/v2\/users\/2"}],"replies":[{"embeddable":true,"href":"https:\/\/www.europesays.com\/fr\/wp-json\/wp\/v2\/comments?post=550934"}],"version-history":[{"count":0,"href":"https:\/\/www.europesays.com\/fr\/wp-json\/wp\/v2\/posts\/550934\/revisions"}],"wp:featuredmedia":[{"embeddable":true,"href":"https:\/\/www.europesays.com\/fr\/wp-json\/wp\/v2\/media\/550935"}],"wp:attachment":[{"href":"https:\/\/www.europesays.com\/fr\/wp-json\/wp\/v2\/media?parent=550934"}],"wp:term":[{"taxonomy":"category","embeddable":true,"href":"https:\/\/www.europesays.com\/fr\/wp-json\/wp\/v2\/categories?post=550934"},{"taxonomy":"post_tag","embeddable":true,"href":"https:\/\/www.europesays.com\/fr\/wp-json\/wp\/v2\/tags?post=550934"}],"curies":[{"name":"wp","href":"https:\/\/api.w.org\/{rel}","templated":true}]}}