{"id":550938,"date":"2025-11-22T08:48:12","date_gmt":"2025-11-22T08:48:12","guid":{"rendered":"https:\/\/www.europesays.com\/fr\/550938\/"},"modified":"2025-11-22T08:48:12","modified_gmt":"2025-11-22T08:48:12","slug":"quand-krimo-met-les-gaz-a-istres","status":"publish","type":"post","link":"https:\/\/www.europesays.com\/fr\/550938\/","title":{"rendered":"Quand \u00ab\u00a0Krimo\u00a0\u00bb met les gaz \u00e0 Istres"},"content":{"rendered":"<p>Capable de jouer dans un couloir, \u00e0 l&rsquo;aise dans une d\u00e9fense centrale \u00e0 trois, Abdelkrim Khechmar fait partie des incontournables dans l&rsquo;\u00e9quipe propos\u00e9e par <a href=\"https:\/\/www.laprovence.com\/article\/sports\/3348838072431114\/football-national-2-zaki-noubir-de-vivaux-sauvagere-a-istres-itineraire-dun-passionne\" target=\"_blank\" rel=\"noopener\">Zaki Noubir.<\/a> Le Marseillais et sa patte gauche font d&rsquo;ailleurs partie des joueurs les plus utilis\u00e9s par l&rsquo;entra\u00eeneur foss\u00e9en aux c\u00f4t\u00e9s de Landry Nkulu et Esteban Marre. Tout sauf une surprise pour un joueur qui a d\u00e9j\u00e0 fait les beaux jours de Marignane, une \u00e9quipe avec laquelle il a connu les joies de l&rsquo;accession. Tout sauf une surprise \u00e9galement au regard de ses qualit\u00e9s d\u00e9montr\u00e9es \u00e0 Istres \u00ab\u00a0Je me sens tr\u00e8s bien, comme \u00e0 la maison\u00a0\u00bb, confie le d\u00e9fenseur istr\u00e9en. Cela aide, forc\u00e9ment.<\/p>\n<p>Arriv\u00e9 la saison derni\u00e8re de Toulon, un club o\u00f9 il a \u00ab\u00a0pass\u00e9 une saison magnifique\u00a0\u00bb et qu&rsquo;il va retrouver dans un stade Parsemain venteux, \u00ab\u00a0Krimo\u00a0\u00bb met d\u00e9sormais les gaz \u00e0 Istres. \u00ab\u00a0Je me sens bien dans cette \u00e9quipe, elle est ouvri\u00e8re, on travaille beaucoup. Nous avons aussi un coach qui fait beaucoup confiance aux joueurs\u00a0\u00bb, souligne-t-il.<\/p>\n<p>Fouzari\u00a0: \u00ab\u00a0Un vrai joueur de devoir\u00a0\u00bb<\/p>\n<p>Parmi les hommes qui connaissent bien Khechmar, il y a incontestablement Farid Fouzari qui l&rsquo;a fait venir dans les Pyr\u00e9n\u00e9es-Orientales la saison d&rsquo;apr\u00e8s l&rsquo;exploit face \u00e0 l&rsquo;OM en coupe de France. \u00ab\u00a0J&rsquo;ai eu Krimo \u00e0 l&rsquo;Athl\u00e9tico Marseille avant de le faire venir \u00e0 Canet, deux ans apr\u00e8s. Cela m&rsquo;est apparu \u00e9vident lorsque je cherchais un joueur pour mon couloir gauche, confie l&rsquo;ancien entra\u00eeneur du FCM. Malheureusement, il n&rsquo;a pas pu exprimer tout son potentiel \u00e0 cause de p\u00e9pins, mais il a su rebondir \u00e0 Marignane. Il aurait pu conna\u00eetre une autre trajectoire m\u00eame si, \u00e0 26\u00a0ans, tout reste possible. C&rsquo;est un excellent lat\u00e9ral gauche qui a largement le niveau N2 voire au-dessus. C&rsquo;est un joueur \u00e0 l&rsquo;\u00e9coute, avec une mentalit\u00e9 irr\u00e9prochable. Un gar\u00e7on pr\u00e9cieux et un vrai joueur de devoir\u00a0\u00bb, ne tarit pas d&rsquo;\u00e9loges son ancien technicien.<\/p>\n<p>Un joueur simple qui savoure chaque moment pass\u00e9 sur le terrain. \u00ab\u00a0Vous savez, du moment que j&rsquo;ai la confiance d&rsquo;un coach, que je joue, cela me suffit pour \u00eatre heureux et donner le meilleur de moi-m\u00eame\u00a0\u00bb, ajoute le d\u00e9fenseur qui peut aussi puiser <a href=\"https:\/\/www.laprovence.com\/article\/sports\/20552420215267\/football-coupe-de-france-istres-passe-par-un-trou-de-souris-a-allinges\" target=\"_blank\" rel=\"noopener\">dans cette aventure en coupe de France<\/a>, de la confiance. \u00ab\u00a0C&rsquo;est id\u00e9al pour l&rsquo;\u00e9quipe, cela nous permet d&rsquo;encha\u00eener\u00a0\u00bb et de d\u00e9montrer qu&rsquo;Istres et \u00ab\u00a0Krimo\u00a0\u00bb m\u00e9ritent leur r\u00e9ussite actuelle.<\/p>\n<p>Sadani\u00a0 : \u00ab\u00a0Istres est une \u00e9quipe bien b\u00e2tie\u00a0\u00bb<\/p>\n<p>Si cette 6e place, \u00e0 cinq points du leader, peut convenir ais\u00e9ment au bonheur du Istres FC en fin de saison, ce n&rsquo;est pas le cas pour Mohamed Sadani et le Sporting Toulon qui ne cachent pas leur d\u00e9sir d&rsquo;accession m\u00eame si la concurrence est rude \u00e0 l&rsquo;image du leader Rumilly, d\u00e9j\u00e0 \u00e0 six longueurs du Sporting.\u00a0\u00ab\u00a0Une poule de N2 qui n&rsquo;a rien \u00e0 faire avec celle des ann\u00e9es pr\u00e9c\u00e9dentes\u00a0\u00bb, reconna\u00eet d&rsquo;ailleurs sans ambage, Sadani.<\/p>\n<p>Un entra\u00eeneur, bien connu dans le \u00ab\u00a013\u00a0\u00bb pour avoir fait les beaux jours de l&rsquo;ES Pennoise, du FC C\u00f4te Bleue, Marignane ou Aubagne qu&rsquo;il a fait monter \u00e0 l&rsquo;\u00e9tage sup\u00e9rieur. Une destin\u00e9e qu&rsquo;il r\u00eaverait de reproduire dans le Var.<\/p>\n<p>\u00ab\u00a0On sait que ce match \u00e0 Istres sera important. On esp\u00e8re juste que le vent ne sera pas de la partie, c&rsquo;est toujours un probl\u00e8me dans ce stade\u00a0\u00bb, glisse Sadani qui a retrouv\u00e9 la saison derni\u00e8re un club qu&rsquo;il avait dirig\u00e9 pendant trois saisons (2013-2016). Un entra\u00eeneur qui reste m\u00e9fiant avant de d\u00e9fier Istres. \u00ab\u00a0C&rsquo;est une bonne \u00e9quipe, avec un bon staff, qui r\u00e9alise un excellent d\u00e9but de saison. Elle est capable de battre tout le monde, c&rsquo;est une \u00e9quipe bien b\u00e2tie.\u00a0\u00bb<\/p>\n<p>Des Proven\u00e7aux, toujours en course en coupe de France, qui doivent d\u00e9sormais retrouver le sourire \u00e0 Parsemain. Pour ce faire, Zaki Noubir devrait pouvoir retrouver Foued Kadir dans le groupe. Adama Gueye a \u00e9galement purg\u00e9 sa suspension apr\u00e8s ses sept matches inflig\u00e9s lors de l&rsquo;expulsion face \u00e0 Andr\u00e9zieux.<\/p>\n","protected":false},"excerpt":{"rendered":"Capable de jouer dans un couloir, \u00e0 l&rsquo;aise dans une d\u00e9fense centrale \u00e0 trois, Abdelkrim Khechmar fait partie&hellip;\n","protected":false},"author":2,"featured_media":550939,"comment_status":"","ping_status":"","sticky":false,"template":"","format":"standard","meta":{"footnotes":""},"categories":[9619],"tags":[17,1111,11,1777,674,63,1011,27,66828,24991,3238,12,882,396,25,8360,60,2310],"class_list":{"0":"post-550938","1":"post","2":"type-post","3":"status-publish","4":"format-standard","5":"has-post-thumbnail","7":"category-toulon","8":"tag-17","9":"tag-actu","10":"tag-actualites","11":"tag-eu","12":"tag-europe","13":"tag-football","14":"tag-fr","15":"tag-france","16":"tag-krimo","17":"tag-lancien","18":"tag-national","19":"tag-news","20":"tag-provence-alpes-cote-dazur","21":"tag-quand","22":"tag-republique-francaise","23":"tag-sporting","24":"tag-sports","25":"tag-toulon"},"share_on_mastodon":{"url":"https:\/\/pubeurope.com\/@fr\/115592488810906998","error":""},"_links":{"self":[{"href":"https:\/\/www.europesays.com\/fr\/wp-json\/wp\/v2\/posts\/550938","targetHints":{"allow":["GET"]}}],"collection":[{"href":"https:\/\/www.europesays.com\/fr\/wp-json\/wp\/v2\/posts"}],"about":[{"href":"https:\/\/www.europesays.com\/fr\/wp-json\/wp\/v2\/types\/post"}],"author":[{"embeddable":true,"href":"https:\/\/www.europesays.com\/fr\/wp-json\/wp\/v2\/users\/2"}],"replies":[{"embeddable":true,"href":"https:\/\/www.europesays.com\/fr\/wp-json\/wp\/v2\/comments?post=550938"}],"version-history":[{"count":0,"href":"https:\/\/www.europesays.com\/fr\/wp-json\/wp\/v2\/posts\/550938\/revisions"}],"wp:featuredmedia":[{"embeddable":true,"href":"https:\/\/www.europesays.com\/fr\/wp-json\/wp\/v2\/media\/550939"}],"wp:attachment":[{"href":"https:\/\/www.europesays.com\/fr\/wp-json\/wp\/v2\/media?parent=550938"}],"wp:term":[{"taxonomy":"category","embeddable":true,"href":"https:\/\/www.europesays.com\/fr\/wp-json\/wp\/v2\/categories?post=550938"},{"taxonomy":"post_tag","embeddable":true,"href":"https:\/\/www.europesays.com\/fr\/wp-json\/wp\/v2\/tags?post=550938"}],"curies":[{"name":"wp","href":"https:\/\/api.w.org\/{rel}","templated":true}]}}