{"id":550945,"date":"2025-11-22T08:54:21","date_gmt":"2025-11-22T08:54:21","guid":{"rendered":"https:\/\/www.europesays.com\/fr\/550945\/"},"modified":"2025-11-22T08:54:21","modified_gmt":"2025-11-22T08:54:21","slug":"classement-national-des-interclubs-2025-le-grenoble-alp38-dans-le-top-10-francais","status":"publish","type":"post","link":"https:\/\/www.europesays.com\/fr\/550945\/","title":{"rendered":"Classement National des Interclubs 2025 : le Grenoble ALP&rsquo;38 dans le top 10 fran\u00e7ais"},"content":{"rendered":"<p>Communiqu\u00e9 du Grenoble Alp 38<\/p>\n<p>Durant ce mois de novembre, aux 4 coins de France, se sont affront\u00e9es pas moins de\u00a0<b>2430 \u00e9quipes<\/b>, et au classement national des interclubs\u00a0 le Grenoble ALP\u201938, Echirolles, Meylan, GUC Natation rentre dans le\u00a0<b>top 10 chez les dames et les messieurs<\/b>.<\/p>\n<p>Toujours en progression, les dames gravissent une marche suppl\u00e9mentaire par rapport \u00e0 l\u2019an pass\u00e9, obtenant\u00a0<b>la seconde place de ce classement\u00a0<\/b>derri\u00e8re Canet 66 Natation. Spectaculaire mont\u00e9e en puissance des messieurs qui passent\u00a0<b>de la 21\u00e8me \u00e0 la 6\u00e8me place\u00a0<\/b>nationale.<\/p>\n<p><b>Faits remarquables :<\/b><\/p>\n<ul>\n<li><b>seules 3 autres structures<\/b>, Amiens, Montpellier et Toulouse, peuvent se targuer d\u2019avoir les 2 \u00e9quipes premi\u00e8res dans le top 10 fran\u00e7ais.<\/li>\n<li>au classement cumul\u00e9 dames et messieurs, le club Grenoblois\u00a0<b>prend la premi\u00e8re place\u00a0<\/b>(32600 pts), d\u2019un tout petit point devant les Dauphins du TOEC\u00a0(32599 pts)\u00a0du talentueux\u00a0<b>L\u00e9on Marchand\u00a0<\/b>(!)<\/li>\n<li>La r\u00e9serve n\u2019est pas en reste : les \u00e9quipes 2 se classant 59\u00e8me et 52\u00e8me. Au total, le club grenoblois a pr\u00e9sent\u00e9 13 \u00e9quipes\u00a0<b>interg\u00e9n\u00e9rationnelles allant de 11 \u00e0 72 ans<\/b>.<\/li>\n<\/ul>\n<p>Cet exercice des interclubs \u2013 10 \u00e9preuves individuelles et 3 relais \u2013 permet \u00e0 chaque club de montrer\u00a0la compl\u00e9tude et l\u2019homog\u00e9n\u00e9it\u00e9\u00a0de ses effectifs dans toutes les disciplines. Ainsi, avec ces\u00a0<b>r\u00e9sultats et la jeunesse des effectifs<\/b>\u00a0-19 ans de moyenne d\u2019\u00e2ge -, laissent \u00e0 penser que les \u00e9quipes grenobloises\u00a0<b>resteront abonn\u00e9es \u00e0 la Nationale 1<\/b>\u00a0durant quelques ann\u00e9es.<\/p>\n<p>Pour l\u2019ensemble de ces athl\u00e8tes, la suite des festivit\u00e9s se mat\u00e9rialise par les diff\u00e9rents championnats d\u00e9partementaux, r\u00e9gionaux et nationaux d\u2019hiver pour cl\u00f4turer cette ann\u00e9e civile.<\/p>\n<blockquote>\n<\/blockquote>\n<p><b>Composition des \u00e9quipes :<\/b><\/p>\n<p><b>\u00a0<\/b><\/p>\n<p><b>Equipe 1 dames, vainqueur des Interclubs AURA 2025,\u00a0<\/b><b>2\u00e8me du classement national<\/b><\/p>\n<ul>\n<li>Anastasia Urbaniak (2000), Anna Daubanes Ramus (2007), Julia Demet (2006), Lola Le Contellec (2007), Maeline Bessard (2008), Maelle Large (2006), Manon Domingeon (2005), Na\u00efs Regnier (2010), Solene Jothy (2008), Valentine Leclercq (2005)<\/li>\n<\/ul>\n<p><b>Equipe 1 messieurs,<\/b><b>\u00a0vainqueur des Interclubs AURA 2025,\u00a0<\/b><b>6\u00e8me du classement national<\/b><\/p>\n<ul>\n<li>Adam Margirier (2006), Angel Exposito (2006), Evan Galle-Michon (2006), Lorenzo Foltran (2006), Louis Godefroid (2001), Mohamed-Yassine Ben Abbes (2005), Quentin Rouan (2008), Samy Boutouil (2000), Sergue\u00ef Comte (2000) Yassine Mzoughi Mohamed (2009)<\/li>\n<li><a href=\"https:\/\/i2.wp.com\/metro-sports.fr\/wp-content\/uploads\/2025\/11\/image.png?ssl=1\" rel=\"nofollow noopener\" target=\"_blank\"><img loading=\"lazy\" decoding=\"async\" class=\"aligncenter size-full wp-image-212973\" src=\"https:\/\/www.europesays.com\/fr\/wp-content\/uploads\/2025\/11\/1763801661_345_image.png\" alt=\"\" width=\"1666\" height=\"1094\"   data-recalc-dims=\"1\"\/><\/a><\/li>\n<\/ul>\n<p>\n\tArticles similaires<\/p>\n","protected":false},"excerpt":{"rendered":"Communiqu\u00e9 du Grenoble Alp 38 Durant ce mois de novembre, aux 4 coins de France, se sont affront\u00e9es&hellip;\n","protected":false},"author":2,"featured_media":550946,"comment_status":"","ping_status":"","sticky":false,"template":"","format":"standard","meta":{"footnotes":""},"categories":[9566],"tags":[1111,11,2430,1777,674,1011,27,2731,12,25],"class_list":{"0":"post-550945","1":"post","2":"type-post","3":"status-publish","4":"format-standard","5":"has-post-thumbnail","7":"category-grenoble","8":"tag-actu","9":"tag-actualites","10":"tag-auvergne-rhone-alpes","11":"tag-eu","12":"tag-europe","13":"tag-fr","14":"tag-france","15":"tag-grenoble","16":"tag-news","17":"tag-republique-francaise"},"share_on_mastodon":{"url":"https:\/\/pubeurope.com\/@fr\/115592513342529233","error":""},"_links":{"self":[{"href":"https:\/\/www.europesays.com\/fr\/wp-json\/wp\/v2\/posts\/550945","targetHints":{"allow":["GET"]}}],"collection":[{"href":"https:\/\/www.europesays.com\/fr\/wp-json\/wp\/v2\/posts"}],"about":[{"href":"https:\/\/www.europesays.com\/fr\/wp-json\/wp\/v2\/types\/post"}],"author":[{"embeddable":true,"href":"https:\/\/www.europesays.com\/fr\/wp-json\/wp\/v2\/users\/2"}],"replies":[{"embeddable":true,"href":"https:\/\/www.europesays.com\/fr\/wp-json\/wp\/v2\/comments?post=550945"}],"version-history":[{"count":0,"href":"https:\/\/www.europesays.com\/fr\/wp-json\/wp\/v2\/posts\/550945\/revisions"}],"wp:featuredmedia":[{"embeddable":true,"href":"https:\/\/www.europesays.com\/fr\/wp-json\/wp\/v2\/media\/550946"}],"wp:attachment":[{"href":"https:\/\/www.europesays.com\/fr\/wp-json\/wp\/v2\/media?parent=550945"}],"wp:term":[{"taxonomy":"category","embeddable":true,"href":"https:\/\/www.europesays.com\/fr\/wp-json\/wp\/v2\/categories?post=550945"},{"taxonomy":"post_tag","embeddable":true,"href":"https:\/\/www.europesays.com\/fr\/wp-json\/wp\/v2\/tags?post=550945"}],"curies":[{"name":"wp","href":"https:\/\/api.w.org\/{rel}","templated":true}]}}