{"id":550949,"date":"2025-11-22T08:56:40","date_gmt":"2025-11-22T08:56:40","guid":{"rendered":"https:\/\/www.europesays.com\/fr\/550949\/"},"modified":"2025-11-22T08:56:40","modified_gmt":"2025-11-22T08:56:40","slug":"la-situation-est-catastrophique-a-la-prison-qui-a-perdu-son-directeur","status":"publish","type":"post","link":"https:\/\/www.europesays.com\/fr\/550949\/","title":{"rendered":"\u00ab\u00a0La situation est catastrophique\u00a0\u00bb \u00e0 la prison, qui a perdu son directeur"},"content":{"rendered":"<p>Il esp\u00e9rait sans doute faire taire les critiques. Ce vendredi, G\u00e9rald Darmamin s\u2019est pourtant attir\u00e9 les foudres de plusieurs syndicats professionnels quand il a annonc\u00e9 <a href=\"https:\/\/www.20minutes.fr\/justice\/4187025-20251121-rennes-directeur-prison-vire-apres-evasion-rocambolesque-detenu-planetarium\" class=\"c-link c-link--is-underlined\" target=\"_blank\" rel=\"noopener\">avoir \u00e9cart\u00e9 le directeur de la prison de Rennes<\/a>. Le ministre de la Justice estime que le responsable de l\u2019\u00e9tablissement p\u00e9nitentiaire a commis \u00ab\u00a0une faute\u00a0\u00bb en laissant des d\u00e9tenus aller \u00e0 une sortie au plan\u00e9tarium de Rennes le 14\u00a0novembre.<\/p>\n<p>Un d\u00e9tenu de 37 ans, condamn\u00e9 depuis d\u00e9cembre\u00a02024 pour des faits de vol, <a href=\"https:\/\/www.20minutes.fr\/faits_divers\/4186205-20251117-rennes-detenu-fait-belle-lors-sortie-planetarium\" class=\"c-link c-link--is-underlined\" target=\"_blank\" rel=\"noopener\">s\u2019\u00e9tait alors \u00e9vad\u00e9 sans violence<\/a>. Il est toujours en cavale depuis. Ce vendredi, le ministre a \u00e9t\u00e9 interrog\u00e9 <a href=\"https:\/\/www.20minutes.fr\/societe\/4187167-20251121-zero-portable-prison-darmanin-veut-lutter-contre-telephones-shit-detention\" class=\"c-link c-link--is-underlined\" target=\"_blank\" rel=\"noopener\">\u00e0 l\u2019occasion d\u2019un d\u00e9placement \u00e0 la prison de la Sant\u00e9<\/a>, \u00e0 Paris, et estim\u00e9 que le directeur \u00ab\u00a0ne peut pas rester en responsabilit\u00e9\u00a0\u00bb, apr\u00e8s cette \u00e9vasion. \u00ab\u00a0Je dois \u00e0 la soci\u00e9t\u00e9 des comptes, les victimes et la soci\u00e9t\u00e9 ne comprennent pas quand des personnes s\u2019\u00e9vadent lors de sorties\u00a0\u00bb, a justifi\u00e9 le garde des Sceaux.<\/p>\n<\/p>\n<p>\u00ab\u00a0C\u2019est un limogeage, il faut le dire. Mais pour quelle raison\u00a0? Parce qu\u2019il y a eu une \u00e9vasion\u00a0? L\u2019\u00e9vasion, c\u2019est un risque qui existe. Cette d\u00e9cision, c\u2019est un effet d\u2019annonce de la part d\u2019un ministre qui veut \u00e9chapper \u00e0 ses responsabilit\u00e9s\u00a0\u00bb, estime Me Juliette Beigelman, coresponsable locale du Syndicat des avocats de France. Le SAF rappelle au passage que c\u2019est pas le directeur seul qui autorise les sorties. \u00ab\u00a0C\u2019est une d\u00e9cision \u00e9clair\u00e9e, concert\u00e9e, prise avec le juge d\u2019application des peines. Pas un choix fait dans un coin.\u00a0\u00bb<\/p>\n<p>Des agressions violentes et des morts<\/p>\n<p>L\u2019avocate au barreau de Rennes est r\u00e9guli\u00e8rement confront\u00e9e aux probl\u00e9matiques du centre de d\u00e9tention ouvert en\u00a02010. \u00ab\u00a0La r\u00e9alit\u00e9, c\u2019est que la situation est catastrophique \u00e0 Rennes-Vezin\u00a0! Cette ann\u00e9e, <a href=\"https:\/\/www.20minutes.fr\/faits_divers\/faits-divers-rennes\/4185331-20251113-rennes-detenu-28-ans-meurt-incendie-cellule\" class=\"c-link c-link--is-underlined\" target=\"_blank\" rel=\"noopener\">on en est presque \u00e0 dix morts<\/a>. Il y a une surpopulation carc\u00e9rale av\u00e9r\u00e9e \u00e0 plus de 150\u00a0% avec des d\u00e9tenus qui sont trois par cellule. Et \u00e7a, c\u2019est de la responsabilit\u00e9 du ministre de la Justice.\u00a0\u00bb<\/p>\n<p>Depuis plusieurs mois, les syndicats d\u2019agents p\u00e9nitentiaires multiplient les alertes <a href=\"https:\/\/www.20minutes.fr\/faits_divers\/faits-divers-rennes\/4159301-20250619-passe-prison-rennes-homme-sauvagement-tue-codetenu\" class=\"c-link c-link--is-underlined\" target=\"_blank\" rel=\"noopener\">\u00e9voquant des \u00e9pisodes de violences de plus en plus fr\u00e9quents<\/a>. \u00ab\u00a0Cette \u00e9vasion, c\u2019est un pr\u00e9texte, une tentative pour cacher tout le reste\u00a0\u00bb, d\u00e9nonce l\u2019avocate, jointe par 20 Minutes.<\/p>\n<p><img decoding=\"async\" alt=\"Le ministre de la Justice G\u00e9rald Darmanin a pr\u00e9sent\u00e9 un plan \u00ab Z\u00e9ro portable en prison \u00bb\" class=\"c-img\" loading=\"lazy\" fetchpriority=\"auto\" width=\"718\"  src=\"https:\/\/img.20mn.fr\/YrdzPGAfRdCBkwHwoiT53Sk\/718x0\" \/>Le ministre de la Justice G\u00e9rald Darmanin a pr\u00e9sent\u00e9 un plan \u00ab Z\u00e9ro portable en prison \u00bb\u2002-\u00a0Jeanne Accorsini\/Sipa<\/p>\n<p>Son syndicat n\u2019est pas le seul \u00e0 s\u2019offusquer de cette mesure disciplinaire. Dans un communiqu\u00e9, le Syndicat national des directeurs p\u00e9nitentiaires (SNDP-CFDT) a fait part \u00ab\u00a0de son indignation et de son incompr\u00e9hension\u00a0\u00bb apr\u00e8s cette d\u00e9cision. \u00ab\u00a0Cette mutation d\u2019office n\u2019est qu\u2019une mani\u00e8re de d\u00e9signer un coupable, jet\u00e9 en p\u00e2ture \u00e0 l\u2019opinion, afin que l\u2019administration se d\u00e9solidarise de cette affaire qu\u2019elle consid\u00e8re g\u00eanante\u00a0\u00bb, estime le syndicat. Selon lui, \u00ab\u00a0aucune proc\u00e9dure disciplinaire\u00a0\u00bb n\u2019a \u00e9t\u00e9 mise en \u0153uvre pour permettre au directeur de s\u2019expliquer.<\/p>\n","protected":false},"excerpt":{"rendered":"Il esp\u00e9rait sans doute faire taire les critiques. Ce vendredi, G\u00e9rald Darmamin s\u2019est pourtant attir\u00e9 les foudres de&hellip;\n","protected":false},"author":2,"featured_media":550950,"comment_status":"","ping_status":"","sticky":false,"template":"","format":"standard","meta":{"footnotes":""},"categories":[2821],"tags":[1111,47,11,829,9625,17316,1777,674,3727,1011,27,432,848,4145,12,806,807,584,25,104,9232],"class_list":{"0":"post-550949","1":"post","2":"type-post","3":"status-publish","4":"format-standard","5":"has-post-thumbnail","7":"category-rennes","8":"tag-actu","9":"tag-actualite","10":"tag-actualites","11":"tag-bretagne","12":"tag-detenu","13":"tag-detenus","14":"tag-eu","15":"tag-europe","16":"tag-evasion","17":"tag-fr","18":"tag-france","19":"tag-gerald-darmanin","20":"tag-ille-et-vilaine","21":"tag-ministre-de-la-justice","22":"tag-news","23":"tag-prison","24":"tag-prisonniers","25":"tag-rennes","26":"tag-republique-francaise","27":"tag-societe","28":"tag-surpopulation-carcerale"},"share_on_mastodon":{"url":"https:\/\/pubeurope.com\/@fr\/115592521089459366","error":""},"_links":{"self":[{"href":"https:\/\/www.europesays.com\/fr\/wp-json\/wp\/v2\/posts\/550949","targetHints":{"allow":["GET"]}}],"collection":[{"href":"https:\/\/www.europesays.com\/fr\/wp-json\/wp\/v2\/posts"}],"about":[{"href":"https:\/\/www.europesays.com\/fr\/wp-json\/wp\/v2\/types\/post"}],"author":[{"embeddable":true,"href":"https:\/\/www.europesays.com\/fr\/wp-json\/wp\/v2\/users\/2"}],"replies":[{"embeddable":true,"href":"https:\/\/www.europesays.com\/fr\/wp-json\/wp\/v2\/comments?post=550949"}],"version-history":[{"count":0,"href":"https:\/\/www.europesays.com\/fr\/wp-json\/wp\/v2\/posts\/550949\/revisions"}],"wp:featuredmedia":[{"embeddable":true,"href":"https:\/\/www.europesays.com\/fr\/wp-json\/wp\/v2\/media\/550950"}],"wp:attachment":[{"href":"https:\/\/www.europesays.com\/fr\/wp-json\/wp\/v2\/media?parent=550949"}],"wp:term":[{"taxonomy":"category","embeddable":true,"href":"https:\/\/www.europesays.com\/fr\/wp-json\/wp\/v2\/categories?post=550949"},{"taxonomy":"post_tag","embeddable":true,"href":"https:\/\/www.europesays.com\/fr\/wp-json\/wp\/v2\/tags?post=550949"}],"curies":[{"name":"wp","href":"https:\/\/api.w.org\/{rel}","templated":true}]}}