{"id":550955,"date":"2025-11-22T09:00:35","date_gmt":"2025-11-22T09:00:35","guid":{"rendered":"https:\/\/www.europesays.com\/fr\/550955\/"},"modified":"2025-11-22T09:00:35","modified_gmt":"2025-11-22T09:00:35","slug":"le-patron-a-placarde-nos-bulletins-de-paie","status":"publish","type":"post","link":"https:\/\/www.europesays.com\/fr\/550955\/","title":{"rendered":"\u00ab\u00a0Le patron a placard\u00e9 nos bulletins de paie\u00a0!\u00a0\u00bb"},"content":{"rendered":"<p class=\"fs-5 \">\u00ab\u00a0Tout est parti d\u2019un probl\u00e8me de couverture maladie\u2026\u2005\u00a0\u00bb Andr\u00e9 Corral fronce les sourcils, le regard noy\u00e9 dans ses archives. En 1975, l\u2019ancien linotypiste faisait ses premi\u00e8res armes \u00e0 Nice-Matin. Il est l\u2019un des derniers t\u00e9moins de la premi\u00e8re \u00ab\u00a0gr\u00e8ve totale\u00a0\u00bb au sein du journal.<\/p>\n<p class=\"fs-5 \">\u00ab\u00a0Jusqu\u2019\u00e0 cette \u00e9poque, les choses se passaient sans heurt avec le patron, Michel Bavastro. Le syndicat du Livre CGT g\u00e9rait en autonomie la composition et l\u2019impression du quotidien, explique-t-il. Les ouvriers \u00e9taient indispensables, irrempla\u00e7ables, et ils le savaient. Ils n\u2019avaient pas besoin de hausser la voix pour se faire entendre.\u2005\u00a0\u00bb<\/p>\n<p>            <img src=\"https:\/\/www.europesays.com\/fr\/wp-content\/uploads\/2025\/09\/placeholder-article-nm.jpg\"   loading=\"lazy\" decoding=\"async\" alt=\"\" class=\"img-fluid position-absolute w-100 object-fit-cover rounded-2\" width=\"600\" height=\"400\"\/><\/p>\n<p class=\"fs-5 \">Mais \u00e0 la charni\u00e8re des ann\u00e9es soixante-dix, les cartes sont rebattues. On murmure d\u00e9j\u00e0 que l\u2019informatique, dans un avenir proche, permettra de r\u00e9duire les \u00e9tapes techniques entre la r\u00e9daction des articles et leur publication dans les kiosques. \u00ab\u00a0Tout le monde \u00e9tait tendu, confirme Corral. La CGT voulait montrer qu\u2019elle ne c\u00e9derait rien pour la d\u00e9fense des salari\u00e9s. Bavastro entendait \u00e9galement envoyer un signal de fermet\u00e9. C\u2019est dans ce contexte que les choses sont parties en vrille\u2026\u2005\u00a0\u00bb<\/p>\n<p>                                                                                50.000 affiches reproduisant les bulletins de salaire anonymis\u00e9s<\/p>\n<p class=\"fs-5 \">Le samedi 13 septembre 1975, Nice-Matin ne para\u00eet pas. Le bras de fer qui s\u2019engage va durer dix jours. La chambre syndicale typographique ni\u00e7oise diffuse, le 15 septembre, un tract justifiant la gr\u00e8ve par \u00ab\u00a0la conjoncture \u00e9conomique\u00a0\u00bb et le mutisme du p.-d.g. sur \u00ab\u00a0la situation d\u2019employ\u00e9s frapp\u00e9s par la maladie\u00a0\u00bb. Michel Bavastro r\u00e9plique en faisant placarder en ville 50.000 affiches reproduisant les bulletins de salaire anonymis\u00e9s des ouvriers du Livre.<\/p>\n<p class=\"fs-5 \">Ces chiffres sid\u00e8rent la population. Le revenu mensuel minimum des imprimeurs \u2013 4.695\u2005francs(1), plus de trois fois et demie le Smic fix\u00e9 \u00e0 1.308,67 francs \u2013 les fait passer pour des nantis. \u00ab\u00a0\u00c7a n\u2019a pas franchement apais\u00e9 les choses\u00a0\u00bb, euph\u00e9mise Andr\u00e9 Corral.<\/p>\n<p>            <img src=\"https:\/\/www.europesays.com\/fr\/wp-content\/uploads\/2025\/11\/b0fd063_upload-from-url-1-bcpztbiovf5g-image-sylvain-tassi-le-30-janvier-2025-photo-lionel-paoli-6-q.jpeg\"   loading=\"lazy\" decoding=\"async\" alt=\"&quot;A 92 ans, j\u2019ai perdu beaucoup de choses, mais pas l\u2019envie de t\u00e9moigner\u2005! Il faut que les jeunes sachent que rien n\u2019a jamais \u00e9t\u00e9 facile&quot;, estime l\u2019ancien syndicaliste. \" class=\"img-fluid position-absolute w-100 object-fit-cover rounded-2\" width=\"600\" height=\"400\"\/><\/p>\n<p class=\"fs-5 \">Le 18 septembre, alors que les discussions sont au point mort, la CGT d\u00e9nonce \u00ab\u00a0l\u2019intransigeance de la direction\u00a0\u00bb, tout en assumant les sommes rendues publiques\u00a0: \u00ab\u00a0Nous n\u2019avons rien \u00e0 cacher. Notre situation est le r\u00e9sultat des luttes incessantes men\u00e9es dans l\u2019entreprise.\u2005\u00a0\u00bb<\/p>\n<p class=\"fs-5 \">Michel Bavastro, sans ciller, annonce dans la foul\u00e9e que Radio-Monte-Carlo et T\u00e9l\u00e9-Monte-Carlo diffuseront chaque soir une \u00e9mission d\u2019information de treize minutes pr\u00e9sent\u00e9e par des journalistes de Nice-Matin. \u00ab\u00a0Nous n\u2019entendons pas c\u00e9der chaque fois que l\u2019on nous met le couteau sous la gorge\u00a0\u00bb, grince celui que l\u2019on surnomme d\u00e9j\u00e0 le \u00ab\u00a0Cobra\u00a0\u00bb.<\/p>\n<p>                                                                                L\u2019\u00e9conomie azur\u00e9enne au ralenti<\/p>\n<p class=\"fs-5 \">Dans les Alpes-Maritimes, l\u2019absence du quotidien commence \u00e0 affecter l\u2019\u00e9conomie. \u00ab\u00a0Les agents immobiliers sont [&#8230;] tr\u00e8s touch\u00e9s par la non-parution de Nice-Matin, note Le Monde dans son \u00e9dition du 23 septembre. Les marchands de voitures d\u2019occasion, qui r\u00e9alisent 80\u2005% de leurs ventes gr\u00e2ce aux annonces publi\u00e9es dans [le quotidien], sont coup\u00e9s de la client\u00e8le. La gr\u00e8ve a \u00e9galement commenc\u00e9 \u00e0 affecter les cin\u00e9mas lors de leurs changements de programme.\u2005\u00a0\u00bb<\/p>\n<p class=\"fs-5 \">Jusqu\u2019au pr\u00e9sident de la Chambre de commerce et d\u2019industrie de Nice et des Alpes-Maritimes, Jean-Jacques Robert, qui s\u2019alarme\u00a0: ce conflit \u00ab\u00a0est [&#8230;] pr\u00e9judiciable aux int\u00e9r\u00eats de la r\u00e9gion\u00a0\u00bb.<\/p>\n<p class=\"fs-5 \">Le mardi 23 septembre, enfin, le journal repara\u00eet avec une pagination r\u00e9duite. \u00ab\u00a0Les camarades ont accept\u00e9 de reprendre le travail sans avoir obtenu satisfaction, mais avec la promesse que leurs revendications seraient entendues dans un second temps, d\u00e9taille Andr\u00e9 Corral. Michel Bavastro a tenu parole.\u2005\u00a0\u00bb<\/p>\n<p class=\"fs-5 \">Les deux parties ont pu ainsi, selon la formule consacr\u00e9e, mettre un terme \u00e0 la gr\u00e8ve sans \u00ab\u00a0perdre la face.\u2005\u00a0\u00bb<\/p>\n<p>                                                                                \u00ab\u00a0Logiquement, \u00e7a s\u2019est enflamm\u00e9\u00a0\u00bb<\/p>\n<p class=\"fs-5 \">Un nouveau conflit \u00e9clate quatre ans plus tard. Il est directement li\u00e9 au d\u00e9ploiement de l\u2019informatique au nouveau si\u00e8ge du journal, route de Grenoble. \u00ab\u00a0Le chef de l\u2019atelier voulait nous imposer un num\u00e9ro personnel d\u2019identification pour acc\u00e9der \u00e0 nos machines, se souvient Philippe Gustinelli, embauch\u00e9 \u00e0 la linotype en d\u00e9cembre 1976. Aujourd\u2019hui, c\u2019est un geste banal. Mais \u00e0 l\u2019\u00e9poque, \u00e7a a \u00e9t\u00e9 per\u00e7u comme une volont\u00e9 de contr\u00f4ler notre travail. On a refus\u00e9 tout net\u00a0!\u2005\u00a0\u00bb<\/p>\n<p class=\"fs-5 \">D\u00e8s le mois de mars 1979, des arr\u00eats de travail perturbent la production. Gilbert Toesca, secr\u00e9taire de l\u2019Union d\u00e9partemental CGT, s\u2019emporte contre \u00ab\u00a0un v\u00e9ritable moyen de fichage, une agression contre l\u2019homme et contre la dignit\u00e9 des travailleurs\u00a0\u00bb. Michel Bavastro r\u00e9pond, une fois encore, en publiant les salaires vers\u00e9s aux ouvriers, \u00ab\u00a0les plus \u00e9lev\u00e9s de toute la presse fran\u00e7aise\u00a0\u00bb [sic].<\/p>\n<p class=\"fs-5 \">\u00ab\u00a0Logiquement, \u00e7a s\u2019est enflamm\u00e9\u00a0\u00bb, r\u00e9sume Andr\u00e9 Corral, \u00e9lu entre-temps secr\u00e9taire de la CGT. Pendant dix-neuf jours, du 12 au 28 novembre, Nice-Matin est absent des kiosques.<\/p>\n<p>                                                                                Un \u00e9lu cours\u00e9 jusqu\u2019\u00e0 \u00c8ze<\/p>\n<p class=\"fs-5 \">Le 21 novembre, gr\u00e2ce au concours de l\u2019hebdomadaire communiste Patriote C\u00f4te d\u2019Azur, les gr\u00e9vistes diffusent un journal de huit pages pour plaider leur cause. Ulc\u00e9r\u00e9, Michel Bavastro contacte son meilleur ennemi, Jacques M\u00e9decin, et obtient son accord pour faire imprimer un \u00ab\u00a0journal de substitution\u00a0\u00bb sur les presses municipales.<\/p>\n<p>            <img src=\"https:\/\/www.europesays.com\/fr\/wp-content\/uploads\/2025\/11\/02bef40_upload-from-url-1-v4t57gm7k6od-image-jacques-me-cc-81decin-2c-raymond-comboul-2c-jean-me-cc-.jpeg\"   loading=\"lazy\" decoding=\"async\" alt=\"De gauche \u00e0 droite\u2005: Jacques M\u00e9decin, le vice-pr\u00e9sident de Nice-Matin Raymond Comboul, le maire de Nice Jean M\u00e9decin et Michel Bavastro au d\u00e9but des ann\u00e9es soixante. \" class=\"img-fluid position-absolute w-100 object-fit-cover rounded-2\" width=\"600\" height=\"400\"\/><\/p>\n<p class=\"fs-5 \">\u00ab\u00a0Nous l\u2019avons appris, se souvient Corral. On s\u2019est point\u00e9s au local de la mairie pour nous emparer de ce torchon. Il y a eu une baston avec les flics municipaux. Un \u00e9lu PCF a \u00e9t\u00e9 cours\u00e9 jusqu\u2019au village d\u2019\u00c8ze. \u00c7a a vraiment \u00e9t\u00e9 chaud\u00a0!\u2005\u00a0\u00bb<\/p>\n<p>        <img decoding=\"async\" src=\"https:\/\/www.europesays.com\/fr\/wp-content\/uploads\/2025\/11\/ARTVIEW-10656064-ORIG-a9dbe31_upload-1-fsilzvfi2wgv-image-le-patriote-1-sur-2-large.jpg\" class=\"figure-img img-fluid rounded\" alt=\"\u00ab\u00a0Le Patriote C\u00f4te d\u2019azur\u00a0\u00bb, hebdomadaire communiste, donne sa version du conflit qui oppose les ouvriers du Livre au patron du journal, Michel Bavastro. \"\/><\/p>\n<p>            \u00ab\u00a0Le Patriote C\u00f4te d\u2019azur\u00a0\u00bb, hebdomadaire communiste, donne sa version du conflit qui oppose les ouvriers du Livre au patron du journal, Michel Bavastro.  <br \/>Repro L.P.<\/p>\n<p class=\"fs-5 \">Le 28 novembre, enfin, le personnel technique vote la reprise du travail. \u00ab\u00a0On a obtenu la garantie que personne ne serait effectivement contr\u00f4l\u00e9\u00a0\u00bb, balaye l\u2019ancien responsable syndical. Qui ajoute en clignant de l\u2019\u0153il\u00a0: \u00ab\u00a0Les jours de gr\u00e8ve ont \u00e9t\u00e9 pay\u00e9s.\u2005\u00a0\u00bb<\/p>\n<p>            <img src=\"https:\/\/www.europesays.com\/fr\/wp-content\/uploads\/2025\/11\/df2e449_upload-from-url-1-ps01ti8kgwuk-image-2bandr-c3-a9-2bbaudin-2b1-2bpar-2blionel-2bpaoli-ivugd7.jpeg\"   loading=\"lazy\" decoding=\"async\" alt=\"Andr\u00e9 Baudin a cr\u00e9\u00e9 la section SNJ-CGT de &quot;Nice-Matin&quot; au d\u00e9but des ann\u00e9es soixante-dix. \" class=\"img-fluid position-absolute w-100 object-fit-cover rounded-2\" width=\"600\" height=\"400\"\/><\/p>\n<p class=\"fs-5 \">Dans Le Monde(2), Guy Porte prend de la hauteur\u00a0: \u00ab\u00a0Ce conflit est l\u2019un des premiers \u00e0 montrer les difficult\u00e9s qu\u2019entra\u00eene l\u2019introduction de l\u2019informatique dans les entreprises de presse\u00a0\u00bb.<\/p>\n<p class=\"fs-5 \">Le journaliste parle d\u2019or. \u00c0 Nice-Matin, dans le fracas des rotatives flambant neuves, une page d\u2019histoire vient de se tourner.<\/p>\n<p class=\"fs-6\">1. L\u2019\u00e9quivalent de 3.850,96 euros 2024.<\/p>\n<p>2. \u00c9dition du 22 novembre 1979.<\/p>\n","protected":false},"excerpt":{"rendered":"\u00ab\u00a0Tout est parti d\u2019un probl\u00e8me de couverture maladie\u2026\u2005\u00a0\u00bb Andr\u00e9 Corral fronce les sourcils, le regard noy\u00e9 dans ses&hellip;\n","protected":false},"author":2,"featured_media":550956,"comment_status":"","ping_status":"","sticky":false,"template":"","format":"standard","meta":{"footnotes":""},"categories":[2819],"tags":[55033,1111,11,1777,674,1011,27,12,2401,882,25],"class_list":{"0":"post-550955","1":"post","2":"type-post","3":"status-publish","4":"format-standard","5":"has-post-thumbnail","7":"category-nice","8":"tag-80-ans-de-nice-matin","9":"tag-actu","10":"tag-actualites","11":"tag-eu","12":"tag-europe","13":"tag-fr","14":"tag-france","15":"tag-news","16":"tag-nice","17":"tag-provence-alpes-cote-dazur","18":"tag-republique-francaise"},"share_on_mastodon":{"url":"https:\/\/pubeurope.com\/@fr\/115592537123977783","error":""},"_links":{"self":[{"href":"https:\/\/www.europesays.com\/fr\/wp-json\/wp\/v2\/posts\/550955","targetHints":{"allow":["GET"]}}],"collection":[{"href":"https:\/\/www.europesays.com\/fr\/wp-json\/wp\/v2\/posts"}],"about":[{"href":"https:\/\/www.europesays.com\/fr\/wp-json\/wp\/v2\/types\/post"}],"author":[{"embeddable":true,"href":"https:\/\/www.europesays.com\/fr\/wp-json\/wp\/v2\/users\/2"}],"replies":[{"embeddable":true,"href":"https:\/\/www.europesays.com\/fr\/wp-json\/wp\/v2\/comments?post=550955"}],"version-history":[{"count":0,"href":"https:\/\/www.europesays.com\/fr\/wp-json\/wp\/v2\/posts\/550955\/revisions"}],"wp:featuredmedia":[{"embeddable":true,"href":"https:\/\/www.europesays.com\/fr\/wp-json\/wp\/v2\/media\/550956"}],"wp:attachment":[{"href":"https:\/\/www.europesays.com\/fr\/wp-json\/wp\/v2\/media?parent=550955"}],"wp:term":[{"taxonomy":"category","embeddable":true,"href":"https:\/\/www.europesays.com\/fr\/wp-json\/wp\/v2\/categories?post=550955"},{"taxonomy":"post_tag","embeddable":true,"href":"https:\/\/www.europesays.com\/fr\/wp-json\/wp\/v2\/tags?post=550955"}],"curies":[{"name":"wp","href":"https:\/\/api.w.org\/{rel}","templated":true}]}}