{"id":550959,"date":"2025-11-22T09:03:14","date_gmt":"2025-11-22T09:03:14","guid":{"rendered":"https:\/\/www.europesays.com\/fr\/550959\/"},"modified":"2025-11-22T09:03:14","modified_gmt":"2025-11-22T09:03:14","slug":"ligne-lauteur-de-polar-carl-pineau-sera-en-dedicace-le-samedi-29-novembre","status":"publish","type":"post","link":"https:\/\/www.europesays.com\/fr\/550959\/","title":{"rendered":"Lign\u00e9. L\u2019auteur de polar Carl Pineau sera en d\u00e9dicace le samedi 29\u00a0novembre"},"content":{"rendered":"<p>Carl Pineau, auteur de polar sera en d\u00e9dicace le samedi 29\u00a0novembre 2025, de 16\u00a0h \u00e0 20\u00a0h, \u00e0 la Maison de la presse.<\/p>\n<p>N\u00e9 en 1966 \u00e0 Nantes, Carl Pineau commence tr\u00e8s t\u00f4t \u00e0 fr\u00e9quenter la vie nocturne de la ville. Il est encore tr\u00e8s jeune lorsqu\u2019une discoth\u00e8que l\u2019embauche pour animer les soir\u00e9es. Les lieux cultes nantais deviennent pour lui un univers familier. \u00c0 21\u00a0ans, il quitte le monde de la nuit et reprend des \u00e9tudes. Il a suivi des cours de cr\u00e9ation litt\u00e9raire \u00e0 l\u2019universit\u00e9 de Laval, \u00e0 Qu\u00e9bec.<\/p>\n<p>\u00a0Nous recevrons Carl Pineau auteur de romans policiers se passant dans le milieu nantais, samedi 29\u00a0novembre 2025, dans notre Maison de la Presse de 16\u00a0h \u00e0 20\u00a0h notamment, pour son dernier roman \u00ab\u00a0Les noces rouges\u00a0\u00bb aux \u00e9ditions du Pal\u00e9mon. Nous continuons donc cette d\u00e9marche permettant aux lecteurs et auteurs de se rencontrer\u00a0, d\u00e9taille Alain Dubois-Peinoche, de la Maison de presse.<\/p>\n<p>Le polar Les noces rouges se passe hiver 2018\u00a0: alors que la France gronde au rythme des manifestations des Gilets jaunes, Nantes devient le th\u00e9\u00e2tre d\u2019une autre col\u00e8re, plus souterraine, plus dangereuse encore. Dans les quartiers sous tension, entre d\u00e9sillusion polici\u00e8re, guerre de territoires et deals de rue, la violence \u00e9tend insidieusement sa toile. Greg Brandt, l\u2019ancien flic, \u00e9paule son fils Lo\u00efc dans l\u2019enqu\u00eate sur le meurtre du fr\u00e8re de Sa\u00efda, un trafiquant notoire de Bellevue\u2026<\/p>\n<p>Maison de la Presse (jouxtant le Super U de Lign\u00e9) Signature le 29\u00a0novembre de 16\u00a0h \u00e0 20h.<\/p>\n<p>\u00a0<\/p>\n","protected":false},"excerpt":{"rendered":"Carl Pineau, auteur de polar sera en d\u00e9dicace le samedi 29\u00a0novembre 2025, de 16\u00a0h \u00e0 20\u00a0h, \u00e0 la&hellip;\n","protected":false},"author":2,"featured_media":550960,"comment_status":"","ping_status":"","sticky":false,"template":"","format":"standard","meta":{"footnotes":""},"categories":[2818],"tags":[15539,1111,11,3355,33933,21073,1777,674,1011,27,3052,766,12,24649,2636,66831,4747,25,3982],"class_list":{"0":"post-550959","1":"post","2":"type-post","3":"status-publish","4":"format-standard","5":"has-post-thumbnail","7":"category-nantes","8":"tag-15539","9":"tag-actu","10":"tag-actualites","11":"tag-auteur","12":"tag-carl","13":"tag-dedicace","14":"tag-eu","15":"tag-europe","16":"tag-fr","17":"tag-france","18":"tag-ligne","19":"tag-nantes","20":"tag-news","21":"tag-novembre","22":"tag-pays-de-la-loire","23":"tag-pineau","24":"tag-polar","25":"tag-republique-francaise","26":"tag-samedi"},"share_on_mastodon":{"url":"https:\/\/pubeurope.com\/@fr\/115592547961142898","error":""},"_links":{"self":[{"href":"https:\/\/www.europesays.com\/fr\/wp-json\/wp\/v2\/posts\/550959","targetHints":{"allow":["GET"]}}],"collection":[{"href":"https:\/\/www.europesays.com\/fr\/wp-json\/wp\/v2\/posts"}],"about":[{"href":"https:\/\/www.europesays.com\/fr\/wp-json\/wp\/v2\/types\/post"}],"author":[{"embeddable":true,"href":"https:\/\/www.europesays.com\/fr\/wp-json\/wp\/v2\/users\/2"}],"replies":[{"embeddable":true,"href":"https:\/\/www.europesays.com\/fr\/wp-json\/wp\/v2\/comments?post=550959"}],"version-history":[{"count":0,"href":"https:\/\/www.europesays.com\/fr\/wp-json\/wp\/v2\/posts\/550959\/revisions"}],"wp:featuredmedia":[{"embeddable":true,"href":"https:\/\/www.europesays.com\/fr\/wp-json\/wp\/v2\/media\/550960"}],"wp:attachment":[{"href":"https:\/\/www.europesays.com\/fr\/wp-json\/wp\/v2\/media?parent=550959"}],"wp:term":[{"taxonomy":"category","embeddable":true,"href":"https:\/\/www.europesays.com\/fr\/wp-json\/wp\/v2\/categories?post=550959"},{"taxonomy":"post_tag","embeddable":true,"href":"https:\/\/www.europesays.com\/fr\/wp-json\/wp\/v2\/tags?post=550959"}],"curies":[{"name":"wp","href":"https:\/\/api.w.org\/{rel}","templated":true}]}}