{"id":550967,"date":"2025-11-22T09:07:13","date_gmt":"2025-11-22T09:07:13","guid":{"rendered":"https:\/\/www.europesays.com\/fr\/550967\/"},"modified":"2025-11-22T09:07:13","modified_gmt":"2025-11-22T09:07:13","slug":"toulouse-le-capitole-retrouve-ses-couleurs-apres-six-ans-de-restauration","status":"publish","type":"post","link":"https:\/\/www.europesays.com\/fr\/550967\/","title":{"rendered":"Toulouse\u00a0: le Capitole retrouve ses couleurs apr\u00e8s six ans de restauration"},"content":{"rendered":"<p class=\"paragraph text_align_left lp-f-body-02\">C\u2019est <a href=\"https:\/\/www.leparisien.fr\/haute-garonne-31\/cette-patisserie-toulousaine-transforme-le-capitole-en-buche-glacee-06-11-2025-ATNL3H7HTRACFMZOITOM64T37Y.php\" target=\"_blank\" rel=\"noreferrer noopener\">un symbole de Toulouse<\/a> (Haute-Garonne) qui retrouve ses couleurs et sa beaut\u00e9. Apr\u00e8s six ann\u00e9es de travaux, la fa\u00e7ade du Capitole, la mairie de la Ville rose, est d\u00e9finitivement restaur\u00e9e, une op\u00e9ration qui n\u2019avait pas eu lieu depuis 1988. Les derniers \u00e9chafaudages du chantier ont \u00e9t\u00e9 d\u00e9mont\u00e9s ce jeudi 20 novembre.<\/p>\n<p class=\"paragraph text_align_left lp-f-body-02\">R\u00e9alis\u00e9e en brique et en pierre, longue de 100 m, la fa\u00e7ade du Capitole, con\u00e7ue par l\u2019architecte Guillaume Cammas dans les ann\u00e9es 1750-1760, \u00e9tait fragilis\u00e9e par les ruissellements, le temps et <a href=\"https:\/\/www.leparisien.fr\/haute-garonne-31\/facade-du-capitole-taguee-maire-menace-de-mort-la-manif-pro-palestinienne-degenere-a-toulouse-10-06-2025-P43G77BV5JCB5PCFR6UTTFBNEQ.php\" target=\"_blank\" rel=\"noreferrer noopener\">certaines d\u00e9gradations li\u00e9es \u00e0 des manifestations<\/a>, n\u00e9cessitant un lifting g\u00e9n\u00e9ral.<\/p>\n<p class=\"paragraph text_align_left lp-f-body-02\">Le chantier a \u00e9t\u00e9 \u00e9chelonn\u00e9 pour traiter le fronton du Capitole, puis les diff\u00e9rentes fa\u00e7ades : l\u2019aile c\u00f4t\u00e9 th\u00e9\u00e2tre, rue Lafayette et puis la partie centrale en 2020 et 2021, les fa\u00e7ades lat\u00e9rales des rues du Poids de l\u2019Huile et Lafayette en 2022, puis la fa\u00e7ade arri\u00e8re, le c\u00f4t\u00e9 Donjon et le square Charles-de-Gaulle en 2024 et 2025. La restauration a \u00e9t\u00e9 r\u00e9alis\u00e9e par l\u2019Atelier de restauration du patrimoine de la mairie de Toulouse et par des entreprises sp\u00e9cialis\u00e9es, sous le contr\u00f4le de la conservation r\u00e9gionale des monuments historiques.<\/p>\n<p>Des messages d\u2019or<\/p>\n<p class=\"paragraph text_align_left lp-f-body-02\">\u00ab Cette campagne de restauration du Capitole a \u00e9galement permis une remise en valeur de la statue d\u2019Henri IV qui surmonte le portail de l\u2019h\u00f4tel de ville \u00bb, pr\u00e9cise la mairie. \u00ab La restauration des huit plaques capitulaires dispos\u00e9es de part et d\u2019autre des galeries de la cour Henri IV a \u00e9galement \u00e9t\u00e9 r\u00e9alis\u00e9e. Nettoy\u00e9es et r\u00e9\u00e9crites \u00e0 la feuille d\u2019or, elles d\u00e9voilent \u00e0 nouveau leurs messages en latin aux souverains et aux g\u00e9n\u00e9rations futures. \u00bb<\/p>\n<p class=\"paragraph text_align_left lp-f-body-02\">Cette restauration a \u00e9galement concern\u00e9 l\u2019int\u00e9rieur du b\u00e2timent, comme la salle du conseil municipal et la salle Henri-Martin. Sa verri\u00e8re et le plafond de verre ont \u00e9t\u00e9 restaur\u00e9s selon les plans originaux de l\u2019architecte Paul Pujol. La lumi\u00e8re naturelle met d\u00e9sormais en valeur les fresques <a href=\"https:\/\/www.leparisien.fr\/jardin\/actu\/a-quoi-ressemblent-les-splendides-jardins-du-peintre-henri-martin-sublimes-dans-les-toiles-de-lartiste-YXTBSZXF3RDWJIYPP26H3BKGJI.php\" target=\"_blank\" rel=\"noreferrer noopener\">d\u2019Henri Martin<\/a>, elles aussi restaur\u00e9es, ainsi que les moulures dor\u00e9es \u00e0 la feuille d\u2019or. Les niches abritant les bustes de personnalit\u00e9s toulousaines comme Nicolas Bachelier et Pierre de Fermat ont retrouv\u00e9 leur \u00e9clat, tout comme huit \u0153uvres en terre cuite restaur\u00e9es par le service municipal du patrimoine.<\/p>\n<p class=\"paragraph text_align_left lp-f-body-02\">Le budget de ces r\u00e9novations du Capitole s\u2019\u00e9l\u00e8ve \u00e0 4 millions d\u2019euros, avec un soutien de l\u2019\u00c9tat via la DRAC, qui ont subventionn\u00e9 entre 20 % et 33 % des travaux.<\/p>\n","protected":false},"excerpt":{"rendered":"C\u2019est un symbole de Toulouse (Haute-Garonne) qui retrouve ses couleurs et sa beaut\u00e9. Apr\u00e8s six ann\u00e9es de travaux,&hellip;\n","protected":false},"author":2,"featured_media":550968,"comment_status":"","ping_status":"","sticky":false,"template":"","format":"standard","meta":{"footnotes":""},"categories":[2816],"tags":[1111,11,459,1777,674,1011,27,4623,12,2680,25,104,2312],"class_list":{"0":"post-550967","1":"post","2":"type-post","3":"status-publish","4":"format-standard","5":"has-post-thumbnail","7":"category-toulouse","8":"tag-actu","9":"tag-actualites","10":"tag-departements-horsidfo","11":"tag-eu","12":"tag-europe","13":"tag-fr","14":"tag-france","15":"tag-haute-garonne-31","16":"tag-news","17":"tag-occitanie","18":"tag-republique-francaise","19":"tag-societe","20":"tag-toulouse"},"share_on_mastodon":{"url":"https:\/\/pubeurope.com\/@fr\/115592563639520818","error":""},"_links":{"self":[{"href":"https:\/\/www.europesays.com\/fr\/wp-json\/wp\/v2\/posts\/550967","targetHints":{"allow":["GET"]}}],"collection":[{"href":"https:\/\/www.europesays.com\/fr\/wp-json\/wp\/v2\/posts"}],"about":[{"href":"https:\/\/www.europesays.com\/fr\/wp-json\/wp\/v2\/types\/post"}],"author":[{"embeddable":true,"href":"https:\/\/www.europesays.com\/fr\/wp-json\/wp\/v2\/users\/2"}],"replies":[{"embeddable":true,"href":"https:\/\/www.europesays.com\/fr\/wp-json\/wp\/v2\/comments?post=550967"}],"version-history":[{"count":0,"href":"https:\/\/www.europesays.com\/fr\/wp-json\/wp\/v2\/posts\/550967\/revisions"}],"wp:featuredmedia":[{"embeddable":true,"href":"https:\/\/www.europesays.com\/fr\/wp-json\/wp\/v2\/media\/550968"}],"wp:attachment":[{"href":"https:\/\/www.europesays.com\/fr\/wp-json\/wp\/v2\/media?parent=550967"}],"wp:term":[{"taxonomy":"category","embeddable":true,"href":"https:\/\/www.europesays.com\/fr\/wp-json\/wp\/v2\/categories?post=550967"},{"taxonomy":"post_tag","embeddable":true,"href":"https:\/\/www.europesays.com\/fr\/wp-json\/wp\/v2\/tags?post=550967"}],"curies":[{"name":"wp","href":"https:\/\/api.w.org\/{rel}","templated":true}]}}