{"id":550971,"date":"2025-11-22T09:09:12","date_gmt":"2025-11-22T09:09:12","guid":{"rendered":"https:\/\/www.europesays.com\/fr\/550971\/"},"modified":"2025-11-22T09:09:12","modified_gmt":"2025-11-22T09:09:12","slug":"dans-la-rue-la-danse-jusqua-chypre","status":"publish","type":"post","link":"https:\/\/www.europesays.com\/fr\/550971\/","title":{"rendered":"Dans La Rue La danse\u2026 jusqu\u2019\u00e0 Chypre"},"content":{"rendered":"<p>Elle forme des \u00e9l\u00e8ves, \u00e0 partir de 5 ans et sans limite d\u2019\u00e2ge (le plus \u00ab vieil \u00bb adh\u00e9rent a 60 ans), pour pratiquer le hip-hop en loisirs mais pas que. \u00ab Notre mission est de transmettre la danse hip-hop et tout ce qui gravite autour. Une dizaine d\u2019intervenants, artistes et danseurs, collaborent r\u00e9guli\u00e8rement. On diffuse des spectacles et on organise des \u00e9v\u00e9nements. \u00bb, explique Sofiane Trech, l\u2019un des responsables de l\u2019association. L\u2019objectif, c\u2019est d\u2019accompagner chaque danseur, quel que soit son niveau. De v\u00e9ritables p\u00e9pites ont \u00e9galement \u00e9merg\u00e9, et s\u2019illustrent \u00e0 l\u2019international. Ces deux derni\u00e8res ann\u00e9es, \u00e9l\u00e8ves et professeurs ont organis\u00e9 un battle de danse \u00e0 la salle Watremez : All 4 New G. \u00ab C\u2019est tr\u00e8s formateur pour les \u00e9l\u00e8ves de s\u2019impliquer dans l\u2019organisation, on est fiers de les faire monter en comp\u00e9tence \u00bb, poursuit-il.<\/p>\n<p>A l\u2019issue de cette grande comp\u00e9tition, les trois vainqueurs de chaque cat\u00e9gorie ont gagn\u00e9 leur billet pour participer \u00e0 un battle prestigieux \u00e0 Chypre. Une exp\u00e9rience incroyable pour ces jeunes danseurs !<\/p>\n","protected":false},"excerpt":{"rendered":"Elle forme des \u00e9l\u00e8ves, \u00e0 partir de 5 ans et sans limite d\u2019\u00e2ge (le plus \u00ab vieil \u00bb&hellip;\n","protected":false},"author":2,"featured_media":550972,"comment_status":"","ping_status":"","sticky":false,"template":"","format":"standard","meta":{"footnotes":""},"categories":[2815],"tags":[1111,11,4077,5972,1777,674,1011,27,811,1307,12,25],"class_list":{"0":"post-550971","1":"post","2":"type-post","3":"status-publish","4":"format-standard","5":"has-post-thumbnail","7":"category-lille","8":"tag-actu","9":"tag-actualites","10":"tag-association","11":"tag-danse","12":"tag-eu","13":"tag-europe","14":"tag-fr","15":"tag-france","16":"tag-hauts-de-france","17":"tag-lille","18":"tag-news","19":"tag-republique-francaise"},"share_on_mastodon":{"url":"https:\/\/pubeurope.com\/@fr\/115592571410234152","error":""},"_links":{"self":[{"href":"https:\/\/www.europesays.com\/fr\/wp-json\/wp\/v2\/posts\/550971","targetHints":{"allow":["GET"]}}],"collection":[{"href":"https:\/\/www.europesays.com\/fr\/wp-json\/wp\/v2\/posts"}],"about":[{"href":"https:\/\/www.europesays.com\/fr\/wp-json\/wp\/v2\/types\/post"}],"author":[{"embeddable":true,"href":"https:\/\/www.europesays.com\/fr\/wp-json\/wp\/v2\/users\/2"}],"replies":[{"embeddable":true,"href":"https:\/\/www.europesays.com\/fr\/wp-json\/wp\/v2\/comments?post=550971"}],"version-history":[{"count":0,"href":"https:\/\/www.europesays.com\/fr\/wp-json\/wp\/v2\/posts\/550971\/revisions"}],"wp:featuredmedia":[{"embeddable":true,"href":"https:\/\/www.europesays.com\/fr\/wp-json\/wp\/v2\/media\/550972"}],"wp:attachment":[{"href":"https:\/\/www.europesays.com\/fr\/wp-json\/wp\/v2\/media?parent=550971"}],"wp:term":[{"taxonomy":"category","embeddable":true,"href":"https:\/\/www.europesays.com\/fr\/wp-json\/wp\/v2\/categories?post=550971"},{"taxonomy":"post_tag","embeddable":true,"href":"https:\/\/www.europesays.com\/fr\/wp-json\/wp\/v2\/tags?post=550971"}],"curies":[{"name":"wp","href":"https:\/\/api.w.org\/{rel}","templated":true}]}}