{"id":550973,"date":"2025-11-22T09:10:12","date_gmt":"2025-11-22T09:10:12","guid":{"rendered":"https:\/\/www.europesays.com\/fr\/550973\/"},"modified":"2025-11-22T09:10:12","modified_gmt":"2025-11-22T09:10:12","slug":"partez-a-la-decouverte-de-lille-ce-samedi-22-novembre","status":"publish","type":"post","link":"https:\/\/www.europesays.com\/fr\/550973\/","title":{"rendered":"Partez \u00e0 la d\u00e9couverte de Lille ce samedi 22 novembre"},"content":{"rendered":"<p class=\"ap-StoryElement ap-StoryElement--mb ap-StoryText\">C\u2019est la porte \u00e0 c\u00f4t\u00e9, comme on dit. Et surtout une ville tr\u00e8s agr\u00e9able, qui doit son joli nom de Lille au fait que, jadis, elle fut fond\u00e9e sur l\u2019\u00eelot mar\u00e9cageux d\u2019une rivi\u00e8re.<\/p>\n<p class=\"ap-StoryElement ap-StoryElement--mb ap-StoryText\">Aujourd\u2019hui, certains n\u2019y courent que lors de l\u2019immense braderie. D\u2019autres y mettent \u00adr\u00e9guli\u00e8rement les pieds pour admirer la beaut\u00e9 de son Vieux-Lille, sa Grand-Place bord\u00e9e d\u2019enseignes o\u00f9 il fait bon se poser, ou son impressionnante \u00adCitadelle sign\u00e9e Vauban.<\/p>\n","protected":false},"excerpt":{"rendered":"C\u2019est la porte \u00e0 c\u00f4t\u00e9, comme on dit. Et surtout une ville tr\u00e8s agr\u00e9able, qui doit son joli&hellip;\n","protected":false},"author":2,"featured_media":550974,"comment_status":"","ping_status":"","sticky":false,"template":"","format":"standard","meta":{"footnotes":""},"categories":[2815],"tags":[5742,66833,1111,11,1190,1777,674,1011,27,811,17677,1307,12,66832,25,199],"class_list":{"0":"post-550973","1":"post","2":"type-post","3":"status-publish","4":"format-standard","5":"has-post-thumbnail","7":"category-lille","8":"tag-5742","9":"tag-13h40","10":"tag-actu","11":"tag-actualites","12":"tag-documentaire","13":"tag-eu","14":"tag-europe","15":"tag-fr","16":"tag-france","17":"tag-hauts-de-france","18":"tag-inedit","19":"tag-lille","20":"tag-news","21":"tag-reportages-decouverte-lille-lextravagante","22":"tag-republique-francaise","23":"tag-tf1"},"share_on_mastodon":{"url":"https:\/\/pubeurope.com\/@fr\/115592575345920801","error":""},"_links":{"self":[{"href":"https:\/\/www.europesays.com\/fr\/wp-json\/wp\/v2\/posts\/550973","targetHints":{"allow":["GET"]}}],"collection":[{"href":"https:\/\/www.europesays.com\/fr\/wp-json\/wp\/v2\/posts"}],"about":[{"href":"https:\/\/www.europesays.com\/fr\/wp-json\/wp\/v2\/types\/post"}],"author":[{"embeddable":true,"href":"https:\/\/www.europesays.com\/fr\/wp-json\/wp\/v2\/users\/2"}],"replies":[{"embeddable":true,"href":"https:\/\/www.europesays.com\/fr\/wp-json\/wp\/v2\/comments?post=550973"}],"version-history":[{"count":0,"href":"https:\/\/www.europesays.com\/fr\/wp-json\/wp\/v2\/posts\/550973\/revisions"}],"wp:featuredmedia":[{"embeddable":true,"href":"https:\/\/www.europesays.com\/fr\/wp-json\/wp\/v2\/media\/550974"}],"wp:attachment":[{"href":"https:\/\/www.europesays.com\/fr\/wp-json\/wp\/v2\/media?parent=550973"}],"wp:term":[{"taxonomy":"category","embeddable":true,"href":"https:\/\/www.europesays.com\/fr\/wp-json\/wp\/v2\/categories?post=550973"},{"taxonomy":"post_tag","embeddable":true,"href":"https:\/\/www.europesays.com\/fr\/wp-json\/wp\/v2\/tags?post=550973"}],"curies":[{"name":"wp","href":"https:\/\/api.w.org\/{rel}","templated":true}]}}