{"id":550977,"date":"2025-11-22T09:12:13","date_gmt":"2025-11-22T09:12:13","guid":{"rendered":"https:\/\/www.europesays.com\/fr\/550977\/"},"modified":"2025-11-22T09:12:13","modified_gmt":"2025-11-22T09:12:13","slug":"une-marche-blanche-sous-haute-securite-a-marseille-a-15-heures","status":"publish","type":"post","link":"https:\/\/www.europesays.com\/fr\/550977\/","title":{"rendered":"Une marche blanche sous haute s\u00e9curit\u00e9 \u00e0 Marseille \u00e0 15\u00a0heures"},"content":{"rendered":"<p>Une marche blanche pour dire non au narcotrafic. Un rassemblement sous haute s\u00e9curit\u00e9 est attendu samedi \u00e0 Marseille en hommage \u00e0 <a href=\"https:\/\/www.20minutes.fr\/faits_divers\/4186694-20251119-assassinat-mehdi-kessaci-mamine-caid-dz-mafia-derriere-barreaux-ur-enquete\" class=\"c-link c-link--is-underlined\" target=\"_blank\" rel=\"noopener\">Mehdi<\/a>, le fr\u00e8re du militant <a href=\"https:\/\/www.20minutes.fr\/societe\/4186802-20251122-narcotrafics-amine-kessaci-iconisation-essentielle-lutte-contre-trafic-drogue\" class=\"c-link c-link--is-underlined\" target=\"_blank\" rel=\"noopener\">Amine Kessaci <\/a>qui esp\u00e8re \u00ab\u00a0des milliers de personnes\u00a0\u00bb pour dire non au narcobanditisme, en pr\u00e9sence de nombreuses personnalit\u00e9s politiques allant de <a href=\"https:\/\/www.20minutes.fr\/politique\/france-insoumise\/\" class=\"c-link c-link--is-underlined\" target=\"_blank\" rel=\"noopener\">LFI<\/a> \u00e0 <a href=\"https:\/\/www.20minutes.fr\/politique\/lr\/\" class=\"c-link c-link--is-underlined\" target=\"_blank\" rel=\"noopener\">LR<\/a>.<\/p>\n<p>\u00ab\u00a0Mehdi, 20 ans, mort pour rien\u00a0\u00bb<\/p>\n<p>Plus d\u2019une semaine apr\u00e8s ce drame, sa famille appelle \u00e0 se rassembler \u00e0 15 heures sur le rond-point o\u00f9 il a \u00e9t\u00e9 assassin\u00e9 par deux hommes \u00e0 moto sous le mot d\u2019ordre\u00a0: \u00ab\u00a0Justice pour Mehdi, 20 ans, mort pour rien\u00a0\u00bb. D\u2019autres initiatives sont annonc\u00e9es dans quelque 25 villes.<\/p>\n<p>L\u2019enqu\u00eate se poursuit mais l\u2019hypoth\u00e8se envisag\u00e9e est celle d\u2019un \u00ab\u00a0crime d\u2019avertissement\u00a0\u00bb adress\u00e9 \u00e0 son fr\u00e8re Amine, 22 ans, militant \u00e9cologiste et antidrogue.<\/p>\n<p>\u00ab\u00a0Si on veut garantir la s\u00e9curit\u00e9 de celles et ceux qui parlent, si les gens sont \u00e9mus par l\u2019histoire de Mehdi [\u2026] les gens doivent se r\u00e9veiller, parce que si on est des milliers \u00e0 prendre la parole, si on est des milliers \u00e0 \u00eatre dans la rue, on ne pourra pas tuer tout un peuple\u00a0\u00bb, a plaid\u00e9 vendredi Amine Kessaci sur RTL.<\/p>\n<p>Un rassemblement \u00ab\u00a0en toute s\u00e9curit\u00e9\u00a0\u00bb<\/p>\n<p>Plac\u00e9 sous protection polici\u00e8re, sa pr\u00e9sence est incertaine. Mardi, c\u2019est v\u00eatu d\u2019un gilet pare-balles qu\u2019il avait pu participer aux discr\u00e8tes obs\u00e8ques de son fr\u00e8re. En\u00a02020, sa famille avait d\u00e9j\u00e0 \u00e9t\u00e9 endeuill\u00e9e par la mort de Brahim, tu\u00e9 dans un narchomicide \u00e0 20 ans, apr\u00e8s \u00eatre tomb\u00e9 dans le deal.<\/p>\n<p>\u00ab\u00a0Les moyens mis en place permettront \u00e0 toutes les personnes qui se joignent au rassemblement contre le narcobanditisme de le faire en toute s\u00e9curit\u00e9\u00a0\u00bb, assure la pr\u00e9fecture de police dans la 2e ville de France.<\/p>\n<p>En\u00a02023, la mort de Socayna, tu\u00e9e par une balle perdue alors qu\u2019elle \u00e9tudiait dans sa chambre avait \u00e9t\u00e9 consid\u00e9r\u00e9e par l\u2019ex-procureure de Marseille comme \u00ab\u00a0le degr\u00e9 ultime\u00a0\u00bb des violences. Ici un nouveau cap a \u00e9t\u00e9 franchi pour ce jeune, qui voulait devenir policier.<\/p>\n<p>De nombreuses personnalit\u00e9s politiques attendues<\/p>\n<p>S\u2019il y a une incertitude sur la mobilisation des Marseillais, de nombreuses personnalit\u00e9s politiques feront sp\u00e9cialement le d\u00e9placement.<\/p>\n<p>Outre les \u00e9lus locaux dont le maire de Marseille Beno\u00eet Payan (divers gauche), seront pr\u00e9sents Marine Tondelier, cheffe des Ecologistes, le parti d\u2019Amine Kessaci, le patron du parti socialiste, Olivier Faure, les d\u00e9put\u00e9s insoumis des Bouches-du-Rh\u00f4ne Manuel Bompard et S\u00e9bastien Delogu, qui est aussi candidat aux municipales marseillaises ou encore Fran\u00e7ois Ruffin.<\/p>\n<p>Le gouvernement sera repr\u00e9sent\u00e9 par sa porte-parole Maud Bregeon et Vincent Jeanbrun, ministre de la Ville et du Logement. La pr\u00e9sidente de l\u2019Assembl\u00e9e nationale Ya\u00ebl Braun-Pivet (Renaissance) viendra \u00ab\u00a0pour affirmer l\u2019unit\u00e9 nationale dans la lutte contre le narcotrafic\u00a0\u00bb, selon son entourage.<\/p>\n<p>Fran\u00e7ois-Xavier Bellamy, vice-pr\u00e9sident d\u00e9l\u00e9gu\u00e9 des R\u00e9publicains, repr\u00e9sentera LR, soit au final \u00ab\u00a0l\u2019ensemble du spectre politique r\u00e9publicain\u00a0\u00bb, selon les organisateurs.<\/p>\n<p>C\u00f4t\u00e9 RN, pas de personnalit\u00e9 nationale. Le d\u00e9put\u00e9 et candidat \u00e0 la mairie de Marseille Franck Allisio n\u2019a pas pr\u00e9cis\u00e9 s\u2019il serait pr\u00e9sent.<\/p>\n<p>\u00ab\u00a0Ce qui remonte c\u2019est la peur\u00a0\u00bb<\/p>\n<p>Le rassemblement sera un moment de \u00ab\u00a0recueillement, mais aussi pour dire qu\u2019on n\u2019est pas d\u2019accord avec ce qui se passe\u00a0\u00bb, indique Anne-Marie Tagawa, militante de 72 ans du Groupe de veille, collectif d\u2019associations et citoyens engag\u00e9s dans les quartiers Nord.<\/p>\n<p>\u00ab\u00a0Depuis une semaine, \u00e7a fait partie de beaucoup de discussions avec les jeunes, avec les habitants\u00a0\u00bb\u00a0: \u00ab\u00a0Ce qui remonte, c\u2019est la peur de ce qui se passe\u00a0\u00bb.<\/p>\n<p>Elle \u00e9voque dans les quartiers d\u00e9favoris\u00e9s \u00ab\u00a0tout ce terreau qui est abandonn\u00e9 des institutions, de l\u2019Etat, des plus hautes autorit\u00e9s\u00a0\u00bb, quand d\u2019autres \u00ab\u00a0ont int\u00e9r\u00eat \u00e0 investir ces espaces pour en faire des lieux\u00a0\u00bb d\u2019ill\u00e9galit\u00e9 et instaurer \u00ab\u00a0des syst\u00e8mes de violence.\u00a0\u00bb \u00ab\u00a0Les gens sont d\u00e9\u00e7us, \u00e9mus, en col\u00e8re\u00a0\u00bb, confirme Mami Timricht, autre militant associatif.<\/p>\n<p>Une \u00ab\u00a0belle mobilisation des quartiers\u00a0\u00bb<\/p>\n<p>Confront\u00e9es au narcotrafic, les autorit\u00e9s reconnaissent une menace \u00ab\u00a0au moins \u00e9quivalente \u00e0 celle du terrorisme\u00a0\u00bb en France, tout en mettant en avant la baisse du nombre de narchomicides dans les Bouches-du-Rh\u00f4ne\u00a0: 50 en\u00a02023, 24 en\u00a02024 et une quinzaine depuis janvier\u00a02025 selon un d\u00e9compte de l\u2019AFP.<\/p>\n<p>Porte-parole d\u2019un autre collectif, KGBS, Kader Benayed esp\u00e8re une \u00ab\u00a0belle mobilisation des quartiers\u00a0\u00bb, tout en s\u2019interrogeant\u00a0: \u00ab\u00a0l\u00e0, tout le monde est passionn\u00e9 par cette marche, m\u00eame au niveau de l\u2019Etat, mais apr\u00e8s\u00a0?\u00a0\u00bb<\/p>\n","protected":false},"excerpt":{"rendered":"Une marche blanche pour dire non au narcotrafic. Un rassemblement sous haute s\u00e9curit\u00e9 est attendu samedi \u00e0 Marseille&hellip;\n","protected":false},"author":2,"featured_media":550978,"comment_status":"","ping_status":"","sticky":false,"template":"","format":"standard","meta":{"footnotes":""},"categories":[2814],"tags":[1111,47,11,885,1777,674,118,1011,27,884,813,12,883,882,25,887],"class_list":{"0":"post-550977","1":"post","2":"type-post","3":"status-publish","4":"format-standard","5":"has-post-thumbnail","7":"category-marseille","8":"tag-actu","9":"tag-actualite","10":"tag-actualites","11":"tag-bouches-du-rhone","12":"tag-eu","13":"tag-europe","14":"tag-faits-divers","15":"tag-fr","16":"tag-france","17":"tag-marseille","18":"tag-narcotrafiquants","19":"tag-news","20":"tag-paca","21":"tag-provence-alpes-cote-dazur","22":"tag-republique-francaise","23":"tag-trafic-de-drogue"},"share_on_mastodon":{"url":"https:\/\/pubeurope.com\/@fr\/115592583223724026","error":""},"_links":{"self":[{"href":"https:\/\/www.europesays.com\/fr\/wp-json\/wp\/v2\/posts\/550977","targetHints":{"allow":["GET"]}}],"collection":[{"href":"https:\/\/www.europesays.com\/fr\/wp-json\/wp\/v2\/posts"}],"about":[{"href":"https:\/\/www.europesays.com\/fr\/wp-json\/wp\/v2\/types\/post"}],"author":[{"embeddable":true,"href":"https:\/\/www.europesays.com\/fr\/wp-json\/wp\/v2\/users\/2"}],"replies":[{"embeddable":true,"href":"https:\/\/www.europesays.com\/fr\/wp-json\/wp\/v2\/comments?post=550977"}],"version-history":[{"count":0,"href":"https:\/\/www.europesays.com\/fr\/wp-json\/wp\/v2\/posts\/550977\/revisions"}],"wp:featuredmedia":[{"embeddable":true,"href":"https:\/\/www.europesays.com\/fr\/wp-json\/wp\/v2\/media\/550978"}],"wp:attachment":[{"href":"https:\/\/www.europesays.com\/fr\/wp-json\/wp\/v2\/media?parent=550977"}],"wp:term":[{"taxonomy":"category","embeddable":true,"href":"https:\/\/www.europesays.com\/fr\/wp-json\/wp\/v2\/categories?post=550977"},{"taxonomy":"post_tag","embeddable":true,"href":"https:\/\/www.europesays.com\/fr\/wp-json\/wp\/v2\/tags?post=550977"}],"curies":[{"name":"wp","href":"https:\/\/api.w.org\/{rel}","templated":true}]}}