{"id":550979,"date":"2025-11-22T09:13:10","date_gmt":"2025-11-22T09:13:10","guid":{"rendered":"https:\/\/www.europesays.com\/fr\/550979\/"},"modified":"2025-11-22T09:13:10","modified_gmt":"2025-11-22T09:13:10","slug":"les-gens-du-voyage-evacues-du-parking-dyvours-par-les-gendarmes","status":"publish","type":"post","link":"https:\/\/www.europesays.com\/fr\/550979\/","title":{"rendered":"les gens du voyage \u00e9vacu\u00e9s du parking d\u2019Yvours par les gendarmes"},"content":{"rendered":"<p itemprop=\"description\"><strong>Le parking relais d\u2019Yvours, satur\u00e9 depuis deux semaines, a \u00e9t\u00e9 lib\u00e9r\u00e9 vendredi matin.<\/strong><\/p>\n<p>Malgr\u00e9 un arr\u00eat\u00e9 d\u2019expulsion pris par la pr\u00e9fecture du Rh\u00f4ne, la situation n\u2019avait pas \u00e9volu\u00e9 jusqu\u2019\u00e0 ce vendredi matin, o\u00f9 la Compagnie de gendarmerie de Givors est intervenue pour mettre fin \u00e0 l\u2019occupation. En effet, depuis le 2 novembre, le parking de la gare d\u2019Yvours, \u00e0 Irigny, \u00e9tait occup\u00e9 par environ 60 caravanes, soit pr\u00e8s de 250 personnes.<\/p>\n<p>L\u2019emplacement, destin\u00e9 aux usagers de la gare, s\u2019\u00e9tait retrouv\u00e9 totalement satur\u00e9 par les gens du voyage. Une partie des automobilistes avait d\u00fb se reporter vers un parking commercial voisin, provoquant des tensions avec les gestionnaires du site.<\/p>\n<p><strong>Des inqui\u00e9tudes persistantes<\/strong><\/p>\n<p>\u00c0 la remise en service du parking, des d\u00e9chets \u00e9taient encore visibles au sol. La maire d\u2019Irigny avait, ces derniers jours, alert\u00e9 sur l\u2019\u00e9tat du site et exprim\u00e9 ses pr\u00e9occupations environnementales concernant le ruisseau de la Mouche, situ\u00e9 \u00e0 proximit\u00e9.<\/p>\n<p>La municipalit\u00e9 s\u2019inqui\u00e8te \u00e9galement de possibles occupations futures, notamment le week-end, en raison de l\u2019accessibilit\u00e9 du lieu et de la pr\u00e9sence d\u2019un point d\u2019eau. Des demandes ont \u00e9t\u00e9 faites aupr\u00e8s de la M\u00e9tropole pour mieux s\u00e9curiser l\u2019entr\u00e9e du parking, en installant notamment des portiques ou des barri\u00e8res.<\/p>\n<p>La M\u00e9tropole de Lyon, propri\u00e9taire du site, a indiqu\u00e9 \u00e0 nos confr\u00e8res du Progr\u00e8s qu\u2019une \u00e9tude technique est n\u00e9cessaire pour \u00e9valuer les pistes de s\u00e9curisation, mais que \u00ab\u00a0sans pr\u00e9cisions sur les attentes exactes de la commune, il ne nous est pas possible d\u2019apporter une r\u00e9ponse imm\u00e9diate.\u00a0\u00bb<\/p>\n<p>L\u2019enjeu serait de trouver un dispositif compatible avec la vocation du parking relais, utilis\u00e9 par les usagers des r\u00e9seaux TCL et TER et habituellement ouvert \u00e0 des v\u00e9hicules de gabarits vari\u00e9s.<\/p>\n","protected":false},"excerpt":{"rendered":"Le parking relais d\u2019Yvours, satur\u00e9 depuis deux semaines, a \u00e9t\u00e9 lib\u00e9r\u00e9 vendredi matin. Malgr\u00e9 un arr\u00eat\u00e9 d\u2019expulsion pris&hellip;\n","protected":false},"author":2,"featured_media":550980,"comment_status":"","ping_status":"","sticky":false,"template":"","format":"standard","meta":{"footnotes":""},"categories":[1889],"tags":[1111,11,2813,2190,2430,1109,251,1112,2811,1777,674,118,1011,27,1922,1110,1114,2428,2810,12,241,316,25,2812,517,800],"class_list":{"0":"post-550979","1":"post","2":"type-post","3":"status-publish","4":"format-standard","5":"has-post-thumbnail","7":"category-lyon","8":"tag-actu","9":"tag-actualites","10":"tag-article","11":"tag-asvel","12":"tag-auvergne-rhone-alpes","13":"tag-breves","14":"tag-culture","15":"tag-depeches","16":"tag-economique","17":"tag-eu","18":"tag-europe","19":"tag-faits-divers","20":"tag-fr","21":"tag-france","22":"tag-info","23":"tag-informations","24":"tag-infos","25":"tag-lyon","26":"tag-lyonmag","27":"tag-news","28":"tag-ol","29":"tag-politique","30":"tag-republique-francaise","31":"tag-sociale","32":"tag-sport","33":"tag-transports"},"share_on_mastodon":{"url":"https:\/\/pubeurope.com\/@fr\/115592587216843137","error":""},"_links":{"self":[{"href":"https:\/\/www.europesays.com\/fr\/wp-json\/wp\/v2\/posts\/550979","targetHints":{"allow":["GET"]}}],"collection":[{"href":"https:\/\/www.europesays.com\/fr\/wp-json\/wp\/v2\/posts"}],"about":[{"href":"https:\/\/www.europesays.com\/fr\/wp-json\/wp\/v2\/types\/post"}],"author":[{"embeddable":true,"href":"https:\/\/www.europesays.com\/fr\/wp-json\/wp\/v2\/users\/2"}],"replies":[{"embeddable":true,"href":"https:\/\/www.europesays.com\/fr\/wp-json\/wp\/v2\/comments?post=550979"}],"version-history":[{"count":0,"href":"https:\/\/www.europesays.com\/fr\/wp-json\/wp\/v2\/posts\/550979\/revisions"}],"wp:featuredmedia":[{"embeddable":true,"href":"https:\/\/www.europesays.com\/fr\/wp-json\/wp\/v2\/media\/550980"}],"wp:attachment":[{"href":"https:\/\/www.europesays.com\/fr\/wp-json\/wp\/v2\/media?parent=550979"}],"wp:term":[{"taxonomy":"category","embeddable":true,"href":"https:\/\/www.europesays.com\/fr\/wp-json\/wp\/v2\/categories?post=550979"},{"taxonomy":"post_tag","embeddable":true,"href":"https:\/\/www.europesays.com\/fr\/wp-json\/wp\/v2\/tags?post=550979"}],"curies":[{"name":"wp","href":"https:\/\/api.w.org\/{rel}","templated":true}]}}