{"id":550981,"date":"2025-11-22T09:14:24","date_gmt":"2025-11-22T09:14:24","guid":{"rendered":"https:\/\/www.europesays.com\/fr\/550981\/"},"modified":"2025-11-22T09:14:24","modified_gmt":"2025-11-22T09:14:24","slug":"neige-et-froid-11-departements-de-la-region-en-vigilance-jaune","status":"publish","type":"post","link":"https:\/\/www.europesays.com\/fr\/550981\/","title":{"rendered":"Neige et froid : 11 d\u00e9partements de la r\u00e9gion en vigilance jaune"},"content":{"rendered":"<p>                            <img loading=\"lazy\" width=\"1200\" height=\"900\" class=\"attachment-article size-article wp-post-image lazyload\" alt=\"\" decoding=\"async\" src=\"https:\/\/www.europesays.com\/fr\/wp-content\/uploads\/2025\/11\/IMG_4709.jpg\"  data- data-eio-rwidth=\"1920\" data-eio-rheight=\"1440\"\/><\/p>\n<p>Le quai du g\u00e9n\u00e9ral Sarrail \u00e0 Lyon sous la neige. (@Vincent Guiraud)<\/p>\n<p class=\"content\" style=\"font-size:1.2em;font-weight:700\">Tous les d\u00e9partements d&rsquo;Auvergne-Rh\u00f4ne-Alpes sauf l&rsquo;Ard\u00e8che sont concern\u00e9s par une vigilance ce samedi, \u00e0 la neige et au verglas ou au grand froid.<\/p>\n<p>Vers un \u00e9pisode neigeux \u00e0 Lyon et dans la r\u00e9gion ? Ce samedi, onze d\u00e9partements sont en alerte jaune \u00ab\u00a0neige verglas\u00a0\u00bb. \u00ab\u00a0M\u00eame s&rsquo;il n&rsquo;est pas pr\u00e9vu de neige suppl\u00e9mentaire dans les prochaines heures, les chauss\u00e9es peuvent \u00eatre glissantes en raison des chutes pr\u00e9c\u00e9dentes car le gel est g\u00e9n\u00e9ralis\u00e9\u00a0\u00bb, indique le site <a href=\"https:\/\/www.meteo-lyon.net\/demain\" target=\"_blank\" rel=\"noreferrer noopener\">M\u00e9t\u00e9o Lyon<\/a>. <\/p>\n<p>Les temp\u00e9ratures sont \u00e9galement tr\u00e8s basses \u00e0 Lyon, 7\u00b0C en dessous des normales de saison, au point de d\u00e9clencher une vigilance jaune grand froid. Ce samedi 22 novembre, M\u00e9t\u00e9o France a plac\u00e9 le Rh\u00f4ne et six autres d\u00e9partements de la r\u00e9gion Auvergne-Rh\u00f4ne-Alpes en vigilance : La Haute-Savoie, l&rsquo;Ain, la Loire, l&rsquo;Allier, le Puy-de-D\u00f4me, le Cantal et la Haute-Loire.<\/p>\n<p>Dans le Rh\u00f4ne, les vigilances neige et grand froid perdureront \u00e9galement pour la journ\u00e9e de dimanche. <\/p>\n<p><strong>Lire aussi : <\/strong><a href=\"https:\/\/www.lyoncapitale.fr\/meteo\/soleil-et-temperatures-fraiches-la-meteo-ce-samedi-a-lyon\" target=\"_blank\" rel=\"noreferrer noopener\">La m\u00e9t\u00e9o ce samedi \u00e0 Lyon : du soleil et des temp\u00e9ratures fra\u00eeches<\/a><\/p>\n","protected":false},"excerpt":{"rendered":"Le quai du g\u00e9n\u00e9ral Sarrail \u00e0 Lyon sous la neige. (@Vincent Guiraud) Tous les d\u00e9partements d&rsquo;Auvergne-Rh\u00f4ne-Alpes sauf l&rsquo;Ard\u00e8che&hellip;\n","protected":false},"author":2,"featured_media":550982,"comment_status":"","ping_status":"","sticky":false,"template":"","format":"standard","meta":{"footnotes":""},"categories":[1889],"tags":[1111,11,2430,1777,674,1011,27,2428,2487,66826,12,25,66834],"class_list":{"0":"post-550981","1":"post","2":"type-post","3":"status-publish","4":"format-standard","5":"has-post-thumbnail","7":"category-lyon","8":"tag-actu","9":"tag-actualites","10":"tag-auvergne-rhone-alpes","11":"tag-eu","12":"tag-europe","13":"tag-fr","14":"tag-france","15":"tag-lyon","16":"tag-meteo","17":"tag-neige-verglas","18":"tag-news","19":"tag-republique-francaise","20":"tag-vague-de-froid"},"share_on_mastodon":{"url":"https:\/\/pubeurope.com\/@fr\/115592591846954181","error":""},"_links":{"self":[{"href":"https:\/\/www.europesays.com\/fr\/wp-json\/wp\/v2\/posts\/550981","targetHints":{"allow":["GET"]}}],"collection":[{"href":"https:\/\/www.europesays.com\/fr\/wp-json\/wp\/v2\/posts"}],"about":[{"href":"https:\/\/www.europesays.com\/fr\/wp-json\/wp\/v2\/types\/post"}],"author":[{"embeddable":true,"href":"https:\/\/www.europesays.com\/fr\/wp-json\/wp\/v2\/users\/2"}],"replies":[{"embeddable":true,"href":"https:\/\/www.europesays.com\/fr\/wp-json\/wp\/v2\/comments?post=550981"}],"version-history":[{"count":0,"href":"https:\/\/www.europesays.com\/fr\/wp-json\/wp\/v2\/posts\/550981\/revisions"}],"wp:featuredmedia":[{"embeddable":true,"href":"https:\/\/www.europesays.com\/fr\/wp-json\/wp\/v2\/media\/550982"}],"wp:attachment":[{"href":"https:\/\/www.europesays.com\/fr\/wp-json\/wp\/v2\/media?parent=550981"}],"wp:term":[{"taxonomy":"category","embeddable":true,"href":"https:\/\/www.europesays.com\/fr\/wp-json\/wp\/v2\/categories?post=550981"},{"taxonomy":"post_tag","embeddable":true,"href":"https:\/\/www.europesays.com\/fr\/wp-json\/wp\/v2\/tags?post=550981"}],"curies":[{"name":"wp","href":"https:\/\/api.w.org\/{rel}","templated":true}]}}