{"id":550983,"date":"2025-11-22T09:16:18","date_gmt":"2025-11-22T09:16:18","guid":{"rendered":"https:\/\/www.europesays.com\/fr\/550983\/"},"modified":"2025-11-22T09:16:18","modified_gmt":"2025-11-22T09:16:18","slug":"lile-de-france-en-vigilance-orange-neige-et-verglas-ce-samedi-soir-le-poitou-et-le-centre-val-de-loire-en-jaune","status":"publish","type":"post","link":"https:\/\/www.europesays.com\/fr\/550983\/","title":{"rendered":"l\u2019\u00cele-de-France en vigilance orange neige et verglas ce samedi soir, le Poitou et le Centre-Val de Loire en jaune"},"content":{"rendered":"<p><a target=\"_self\" href=\"https:\/\/www.lanouvellerepublique.fr\/a-la-une\/meteo-faut-il-s-attendre-a-des-chutes-de-neige-ce-vendredi-1763710961\" rel=\"noopener\">Le froid a pris ses marques depuis plusieurs jours<\/a> sur une grande partie de la France m\u00e9tropolitaine. L\u2019\u00cele-de-France est particuli\u00e8rement concern\u00e9e. La r\u00e9gion passera en vigilance orange pour la neige et le verglas, \u00e0 compter de ce samedi 22\u00a0novembre, \u00e0 20\u00a0h.<\/p>\n<p>\u00ab\u00a0Sur les d\u00e9partements limitrophes \u00e0 l\u2019ouest et au nord de l\u2019\u00eele de France, il reste encore de l\u2019incertitude sur les quantit\u00e9s de neige attendues. Ils pourraient \u00eatre revus \u00e0 la hausse\u00a0\u00bb, indique <a target=\"_blank\" href=\"https:\/\/vigilance.meteofrance.fr\/fr\/neige-verglas\" rel=\"noopener\">le bulletin de suivi national publi\u00e9 ce samedi<\/a>, peu apr\u00e8s 6\u00a0h. \u00ab\u00a0En Auvergne, des pluies vergla\u00e7antes assez \u00e9tendues pourraient concerner certains d\u00e9partements.\u00a0\u00bb<\/p>\n<p>La r\u00e9gion Centre-Val de Loire, les Deux-S\u00e8vres et la Vienne sont elles concern\u00e9es par une vigilance jaune pour la neige et le verglas. En Indre-et-Loire, en Loir-et-Cher et dans l\u2019Indre, les temp\u00e9ratures gravitent ce matin autour de 0\u00a0\u00b0C, avec des ressentis parfois n\u00e9gatifs. Quelques averses de neige m\u00eal\u00e9es \u00e0 de la pluie sont attendues en Indre-et-Loire et en Loir-et-Cher ce samedi apr\u00e8s-midi. La tendance est similaire dans les Deux-S\u00e8vres et la Vienne, o\u00f9 des temp\u00e9ratures plus douces cet apr\u00e8s-midi pourront s\u2019accompagner d\u2019une faible pluie.<\/p>\n<p>La pluie arrive d\u00e8s ce week-end<\/p>\n<p>\u00ab\u00a0Une perturbation pluvieuse rentre par la Bretagne en fin de nuit de vendredi \u00e0 samedi et va progresser lentement vers l\u2019est\u00a0\u00bb, poursuit M\u00e9t\u00e9o-France. En fin de journ\u00e9e, \u00ab\u00a0elle abordera une large bande centrale du pays\u00a0; au contact de l\u2019air plus froid, les pr\u00e9cipitations se feront sous forme de neige ou localement de pluies vergla\u00e7antes\u00a0\u00bb.<\/p>\n<p>Ce ph\u00e9nom\u00e8ne pluvieux occasionnera dans son sillage des temp\u00e9ratures plus douces, autour des 5\u00a0\u00b0C. Ainsi, les Deux-S\u00e8vres, la Vienne et l\u2019Indre-et-Loire devraient sortir de la vigilance jaune pour la neige et le verglas dimanche 23\u00a0novembre. L\u2019Indre et le Loir-et-Cher en revanche devraient \u00eatre, \u00e0 ce stade, toujours concern\u00e9s.<\/p>\n","protected":false},"excerpt":{"rendered":"Le froid a pris ses marques depuis plusieurs jours sur une grande partie de la France m\u00e9tropolitaine. L\u2019\u00cele-de-France&hellip;\n","protected":false},"author":2,"featured_media":550984,"comment_status":"","ping_status":"","sticky":false,"template":"","format":"standard","meta":{"footnotes":""},"categories":[1592],"tags":[328,1392,1111,11,34953,2545,1777,674,1011,27,329,662,5052,1387,4368,2487,12,626,25,1584],"class_list":{"0":"post-550983","1":"post","2":"type-post","3":"status-publish","4":"format-standard","5":"has-post-thumbnail","7":"category-ile-de-france","8":"tag-a-la-une","9":"tag-a-la-une-local","10":"tag-actu","11":"tag-actualites","12":"tag-alertes-meteo","13":"tag-deux-sevres","14":"tag-eu","15":"tag-europe","16":"tag-fr","17":"tag-france","18":"tag-france-monde","19":"tag-ile-de-france","20":"tag-indre","21":"tag-indre-et-loire","22":"tag-loir-et-cher","23":"tag-meteo","24":"tag-news","25":"tag-paris","26":"tag-republique-francaise","27":"tag-vienne"},"share_on_mastodon":{"url":"https:\/\/pubeurope.com\/@fr\/115592598946098867","error":""},"_links":{"self":[{"href":"https:\/\/www.europesays.com\/fr\/wp-json\/wp\/v2\/posts\/550983","targetHints":{"allow":["GET"]}}],"collection":[{"href":"https:\/\/www.europesays.com\/fr\/wp-json\/wp\/v2\/posts"}],"about":[{"href":"https:\/\/www.europesays.com\/fr\/wp-json\/wp\/v2\/types\/post"}],"author":[{"embeddable":true,"href":"https:\/\/www.europesays.com\/fr\/wp-json\/wp\/v2\/users\/2"}],"replies":[{"embeddable":true,"href":"https:\/\/www.europesays.com\/fr\/wp-json\/wp\/v2\/comments?post=550983"}],"version-history":[{"count":0,"href":"https:\/\/www.europesays.com\/fr\/wp-json\/wp\/v2\/posts\/550983\/revisions"}],"wp:featuredmedia":[{"embeddable":true,"href":"https:\/\/www.europesays.com\/fr\/wp-json\/wp\/v2\/media\/550984"}],"wp:attachment":[{"href":"https:\/\/www.europesays.com\/fr\/wp-json\/wp\/v2\/media?parent=550983"}],"wp:term":[{"taxonomy":"category","embeddable":true,"href":"https:\/\/www.europesays.com\/fr\/wp-json\/wp\/v2\/categories?post=550983"},{"taxonomy":"post_tag","embeddable":true,"href":"https:\/\/www.europesays.com\/fr\/wp-json\/wp\/v2\/tags?post=550983"}],"curies":[{"name":"wp","href":"https:\/\/api.w.org\/{rel}","templated":true}]}}