{"id":551015,"date":"2025-11-22T09:33:23","date_gmt":"2025-11-22T09:33:23","guid":{"rendered":"https:\/\/www.europesays.com\/fr\/551015\/"},"modified":"2025-11-22T09:33:23","modified_gmt":"2025-11-22T09:33:23","slug":"tf1-probleme-confirme-avant-france-australie","status":"publish","type":"post","link":"https:\/\/www.europesays.com\/fr\/551015\/","title":{"rendered":"TF1, probl\u00e8me confirm\u00e9 avant France-Australie !"},"content":{"rendered":"<p><strong>Avant le dernier tes-match du XV<br \/>\nde France contre l&rsquo;Australie, le commentateur de TF1, Stefan<br \/>\nEtcheverry, est sous le feu des critiques.<\/strong><\/p>\n<p>Rendez-nous Matthieu Lartot ! <a href=\"https:\/\/www.sports.fr\/rugby\/xv-de-france\/grosse-colere-contre-tf1-apres-france-afrique-du-sud-965951.html\" rel=\"nofollow noopener\" target=\"_blank\"><br \/>\n<strong>C\u2019est le message v\u00e9hicul\u00e9 par de nombreux fans de<br \/>\nrugby<\/strong><\/a>, qui ne sont pas convaincus par les<br \/>\ncommentateurs de TF1 et qui pr\u00e9f\u00e8rent quand le XV de France est<br \/>\ndiffus\u00e9 sur France T\u00e9l\u00e9visions.<\/p>\n<p>Sous le feu des critiques, l\u2019exp\u00e9riment\u00e9 Stefan Etcheverry a<br \/>\naccept\u00e9 d\u2019\u00e9voquer le sujet <a href=\"https:\/\/www.lequipe.fr\/Medias\/Article\/Stefan-etcheverry-chahute-sur-les-reseaux-sociaux-une-tres-forte-majorite-des-messages-ne-sont-pas-trop-argumentes\/1611334\" rel=\"nofollow noopener\" target=\"_blank\"><br \/>\ndans les colonnes de L\u2019Equipe<\/a>, au matin de l\u2019affiche<br \/>\nFrance-Australie. Celui-ci assume notamment son c\u00f4t\u00e9 didactique, et<br \/>\nne comprend pas concr\u00e8tement ce qu\u2019on lui reproche.<\/p>\n<p>\u00ab\u00a0S\u2019il y avait des dizaines et des dizaines de messages<br \/>\nqui nous interpellaient sur le fait qu\u2019on entend trop le<br \/>\nconsultant, pas assez le journaliste, qu\u2019il y a des probl\u00e8mes de<br \/>\nson, on serait ouverts \u00e0 la critique. Mais je me rends compte<br \/>\nqu\u2019une tr\u00e8s forte majorit\u00e9 des messages ne sont pas trop<br \/>\nargument\u00e9s, beaucoup sur le ressenti, la subjectivit\u00e9. Les messages<br \/>\nplus personnels qui attaquent ma l\u00e9gitimit\u00e9 dans le milieu et mon<br \/>\nint\u00e9grit\u00e9 professionnelle, \u00e7a, je ne peux pas<br \/>\nl\u2019accepter\u00a0\u00bb, juge celui qui a \u00e9t\u00e9 international<br \/>\nautrichien en tant que n\u00b010.<\/p>\n<p>\u00ab\u00a0Ma l\u00e9gitimit\u00e9 ne peut pas \u00eatre remise en cause, de par<br \/>\nmon pass\u00e9 professionnel et de par ma vie d\u2019aujourd\u2019hui,<br \/>\nconditionn\u00e9e par l\u2019amour de ce jeu et de ce sport, ajoute<br \/>\nl\u2019ancien journaliste rugby de Canal+. Je suis au quotidien dans<br \/>\nle rugby, je suis pr\u00e9sident de club\u00a0(\u00e0<br \/>\nClamart),\u00a0je vais \u00e0 Marcoussis comme sur les terrains de<br \/>\nrugby amateurs.\u00a0\u00bb<\/p>\n<p>TF1 et le rugby, ce n\u2019est pas simple<\/p>\n<p>Le r\u00f4le de commentateur de rugby sur une cha\u00eene comme TF1 n\u2019est<br \/>\npas \u00e9vident, car tr\u00e8s expos\u00e9. Etcheverry n\u2019est pas le premier \u00e0<br \/>\nfaire l\u2019objet de critiques. \u00ab\u00a0Satisfaire quelques dizaines<br \/>\nde milliers de fans hardcore de rugby, quand on rassemble 6 ou<br \/>\n7\u00a0millions de t\u00e9l\u00e9spectateurs sur certains matches, c\u2019est<br \/>\ncompliqu\u00e9,\u00a0estime Julien Millereux, directeur des sports<br \/>\nde la cha\u00eene. Apr\u00e8s, il y a toujours un petit groupe de<br \/>\npersonnes pr\u00eat \u00e0 remettre en cause la l\u00e9gitimit\u00e9 du commentateur du<br \/>\nrugby chez un diffuseur historique comme nous. Thierry Gilardi,<br \/>\nalors qu\u2019il \u00e9tait vice-pr\u00e9sident du Stade Fran\u00e7ais et une<br \/>\nr\u00e9f\u00e9rence, a aussi connu ces difficult\u00e9s. Et ensuite Christian<br \/>\nJeanpierre ou Fran\u00e7ois Trillo\u2026\u00a0\u00bb<\/p>\n<p>Du c\u00f4t\u00e9 de TF1, on maintient sa confiance au duo de<br \/>\ncommentateurs form\u00e9 par Stefan Etcheverry. D\u2019autant que la cha\u00eene a<br \/>\nmis\u00e9 gros sur le rugby, en s\u2019offrant les droits tous les<br \/>\ntest-matches jusqu\u2019en 2029 et le nouveau Championnat des nations,<br \/>\nqui d\u00e9butera l\u2019\u00e9t\u00e9 prochain. L\u2019an prochain, France T\u00e9l\u00e9visions<br \/>\nn\u2019aura que le Tournoi des Six Nations.<\/p>\n<p>Commentateur du rugby sur beIN Sports, Fr\u00e9d\u00e9ric Viard d\u00e9fend<br \/>\ncelui qui est son ami, et rappelle que lui et Thomas Lombard<br \/>\nn\u2019\u00e9taient pas remis en cause lorsqu\u2019ils travaillaient sur Canal+.<br \/>\nLe temps devrait aider TF1 et Etcheverry \u00e0 gagner en r\u00e9f\u00e9rence.<br \/>\n\u00ab\u00a0\u00c0 partir de l\u2019an prochain, il y aura plus de matches de<br \/>\nl\u2019\u00e9quipe de France sur TF1 que sur France T\u00e9l\u00e9. Les gens vont<br \/>\ns\u2019habituer, le duo va s\u2019installer. Tout le monde va se rendre<br \/>\ncompte qu\u2019il commente tr\u00e8s bien, qu\u2019il conna\u00eet ce sport et apporte<br \/>\nsa sympathie \u00e0 l\u2019antenne.\u00a0\u00bb<\/p>\n","protected":false},"excerpt":{"rendered":"Avant le dernier tes-match du XV de France contre l&rsquo;Australie, le commentateur de TF1, Stefan Etcheverry, est sous&hellip;\n","protected":false},"author":2,"featured_media":551016,"comment_status":"","ping_status":"","sticky":false,"template":"","format":"standard","meta":{"footnotes":""},"categories":[1416],"tags":[1011,27,479,1468,60],"class_list":{"0":"post-551015","1":"post","2":"type-post","3":"status-publish","4":"format-standard","5":"has-post-thumbnail","7":"category-rugby","8":"tag-fr","9":"tag-france","10":"tag-rugby","11":"tag-rugby-football","12":"tag-sports"},"share_on_mastodon":{"url":"https:\/\/pubeurope.com\/@fr\/115592665946646032","error":""},"_links":{"self":[{"href":"https:\/\/www.europesays.com\/fr\/wp-json\/wp\/v2\/posts\/551015","targetHints":{"allow":["GET"]}}],"collection":[{"href":"https:\/\/www.europesays.com\/fr\/wp-json\/wp\/v2\/posts"}],"about":[{"href":"https:\/\/www.europesays.com\/fr\/wp-json\/wp\/v2\/types\/post"}],"author":[{"embeddable":true,"href":"https:\/\/www.europesays.com\/fr\/wp-json\/wp\/v2\/users\/2"}],"replies":[{"embeddable":true,"href":"https:\/\/www.europesays.com\/fr\/wp-json\/wp\/v2\/comments?post=551015"}],"version-history":[{"count":0,"href":"https:\/\/www.europesays.com\/fr\/wp-json\/wp\/v2\/posts\/551015\/revisions"}],"wp:featuredmedia":[{"embeddable":true,"href":"https:\/\/www.europesays.com\/fr\/wp-json\/wp\/v2\/media\/551016"}],"wp:attachment":[{"href":"https:\/\/www.europesays.com\/fr\/wp-json\/wp\/v2\/media?parent=551015"}],"wp:term":[{"taxonomy":"category","embeddable":true,"href":"https:\/\/www.europesays.com\/fr\/wp-json\/wp\/v2\/categories?post=551015"},{"taxonomy":"post_tag","embeddable":true,"href":"https:\/\/www.europesays.com\/fr\/wp-json\/wp\/v2\/tags?post=551015"}],"curies":[{"name":"wp","href":"https:\/\/api.w.org\/{rel}","templated":true}]}}