{"id":551017,"date":"2025-11-22T09:34:28","date_gmt":"2025-11-22T09:34:28","guid":{"rendered":"https:\/\/www.europesays.com\/fr\/551017\/"},"modified":"2025-11-22T09:34:28","modified_gmt":"2025-11-22T09:34:28","slug":"les-boulogne-en-imposent-thionville-cartonne","status":"publish","type":"post","link":"https:\/\/www.europesays.com\/fr\/551017\/","title":{"rendered":"les \u00ab\u00a0Boulogne\u00a0\u00bb en imposent, Thionville cartonne"},"content":{"rendered":"<p class=\"mb-8 text-xl font-bold text-grey-800\">Les premi\u00e8res rencontres de poule des championnats de France \u00ab\u00a0interclubs\u00a0\u00bb ont eu lieu ce samedi.<\/p>\n<p class=\"mb-8 text-lg font-normal text-grey-800 md:text-xl\">La Pro A messieurs cru 2026, c&rsquo;est parti ! Les premi\u00e8res rencontres des championnats de France \u00ab\u00a0interclubs\u00a0\u00bb se sont d\u00e9roul\u00e9es ce samedi 15 novembre, et certaines \u00e9quipes ont d\u00e9marr\u00e9 \u00e0 toute allure.<\/p>\n<p class=\"mb-8 text-lg font-normal text-grey-800 md:text-xl\">On commence par le r\u00e9cital du <a target=\"_blank\" class=\"mb-8 text-lg font-bold text-secondary underline md:text-xl\" rel=\"noreferrer nofollow noopener\" href=\"https:\/\/tenup.fft.fr\/club\/55570026\">TC Thionville Moselle<\/a><strong class=\"text-lg font-bold text-primary md:text-xl\"> <\/strong>qui a survol\u00e9 sa rencontre face \u00e0<strong class=\"text-lg font-bold text-primary md:text-xl\"> <\/strong>Villa Primrose<strong class=\"text-lg font-bold text-primary md:text-xl\"> <\/strong>(5\/1). Les Fran\u00e7ais<strong class=\"text-lg font-bold text-primary md:text-xl\"> Valentin Royer<\/strong>, <strong class=\"text-lg font-bold text-primary md:text-xl\">Harold Mayot<\/strong> et <strong class=\"text-lg font-bold text-primary md:text-xl\">Calvin Hemery<\/strong> ont chacun remport\u00e9 leur simple. Le seul point des Bordelais a \u00e9t\u00e9 rapport\u00e9 par le toujours pr\u00e9cieux <strong class=\"text-lg font-bold text-primary md:text-xl\">Edouard Roger-Vasselin<\/strong>, associ\u00e9 \u00e0 <strong class=\"text-lg font-bold text-primary md:text-xl\">Mathias Bourgue<\/strong>.<\/p>\n<p class=\"mb-8 text-lg font-normal text-grey-800 md:text-xl\">Le <a target=\"_blank\" class=\"mb-8 text-lg font-bold text-secondary underline md:text-xl\" rel=\"noreferrer nofollow noopener\" href=\"https:\/\/tenup.fft.fr\/club\/57920036\">TC Boulogne Billancourt<\/a> a lui aussi commenc\u00e9 tambour battant avec une victoire autoritaire\u00a0aux d\u00e9pens du<strong class=\"text-lg font-bold text-primary md:text-xl\"> <\/strong>TC Bressuire<strong class=\"text-lg font-bold text-primary md:text-xl\"> <\/strong>(5\/1). Un autre Boulogne, <a target=\"_blank\" class=\"mb-8 text-lg font-bold text-secondary underline md:text-xl\" rel=\"noreferrer nofollow noopener\" href=\"https:\/\/tenup.fft.fr\/club\/56620070\">Boulogne-sur-Mer<\/a><strong class=\"text-lg font-bold text-primary md:text-xl\"> <\/strong>cette fois, a \u00e9galement assur\u00e9 les points en disposant du tenant du titre, le TC Quimperl\u00e9 (4\/2). Le club du Pas-de-Calais\u00a0a pu compter sur ses Bleus <strong class=\"text-lg font-bold text-primary md:text-xl\">Terence Atmane<\/strong>, <strong class=\"text-lg font-bold text-primary md:text-xl\">Titouan Droguet<\/strong> et <strong class=\"text-lg font-bold text-primary md:text-xl\">Sascha Gueymard\u00a0Wayenburg<\/strong>, tous trois vainqueurs en simple.<\/p>\n<p>Afficher toutes les photos<\/p>\n<p class=\"absolute right-2 top-2 hidden bg-black\/[.8] px-3 py-2 text-xs font-medium text-white group-hover:flex\">Agrandir l&rsquo;image<\/p>\n<p><img alt=\"\" aria-hidden=\"true\" loading=\"lazy\" width=\"580\" height=\"333\" decoding=\"async\" data-nimg=\"1\" class=\"w-full\" style=\"color:transparent\"  src=\"https:\/\/www.europesays.com\/fr\/wp-content\/uploads\/2025\/11\/aP_Zn7pReVYa3uhG_20251027_RPM_JC_9956.JPG\"\/><\/p>\n<p class=\"absolute right-2 top-2 hidden bg-black\/[.8] px-3 py-2 text-xs font-medium text-white group-hover:flex\">Agrandir l&rsquo;image<\/p>\n<p><img alt=\"\" aria-hidden=\"true\" loading=\"lazy\" width=\"580\" height=\"333\" decoding=\"async\" data-nimg=\"1\" class=\"w-full\" style=\"color:transparent\"  src=\"https:\/\/www.europesays.com\/fr\/wp-content\/uploads\/2025\/11\/ZGIxMGY2YWQtMTc5Ni00NDIwLTlmYTItYmMzYjQ5ZTYxMGFk_20201207_chp_ac_9352_web.jpg\"\/>Grosse perf&rsquo; du TC Marignane<\/p>\n<p class=\"mb-8 text-lg font-normal text-grey-800 md:text-xl\">Une des belles performances du week-end est \u00e0 mettre au cr\u00e9dit du <a target=\"_blank\" class=\"mb-8 text-lg font-bold text-secondary underline md:text-xl\" rel=\"noreferrer nofollow noopener\" href=\"https:\/\/tenup.fft.fr\/club\/62130036\">TC Marignane<\/a>. Les Proven\u00e7aux se sont impos\u00e9s \u00e0 l&rsquo;ext\u00e9rieur face au Blanc-Mesnil ST (2\/4). Parmi les matchs \u00e0 retenir, <strong class=\"text-lg font-bold text-primary md:text-xl\">Arthur G\u00e9a<\/strong> a notamment battu <strong class=\"text-lg font-bold text-primary md:text-xl\">Adrian Mannarino<\/strong>, tandis que <strong class=\"text-lg font-bold text-primary md:text-xl\">Antoine Escoffier<\/strong> a domin\u00e9 le tout juste retrait\u00e9\u00a0du circuit <strong class=\"text-lg font-bold text-primary md:text-xl\">Gr\u00e9goire Barr\u00e8re<\/strong>.<\/p>\n<p class=\"mb-8 text-lg font-normal text-grey-800 md:text-xl\">Dans les autres rencontres, <a target=\"_blank\" class=\"mb-8 text-lg font-bold text-secondary underline md:text-xl\" rel=\"noreferrer nofollow noopener\" href=\"https:\/\/tenup.fft.fr\/club\/50740218\">Annecy-le-Vieux<\/a> s&rsquo;est impos\u00e9 contre le Saint-Amand TC Porte du Hainaut<strong class=\"text-lg font-bold text-primary md:text-xl\"> <\/strong>(4\/2) tandis que\u00a0<a target=\"_blank\" class=\"mb-8 text-lg font-bold text-secondary underline md:text-xl\" rel=\"noreferrer nofollow noopener\" href=\"https:\/\/tenup.fft.fr\/club\/56590284\">TC Loon-Plage<\/a> et <a target=\"_blank\" class=\"mb-8 text-lg font-bold text-secondary underline md:text-xl\" rel=\"noreferrer nofollow noopener\" href=\"https:\/\/tenup.fft.fr\/club\/56600245\">CT Clermontois<\/a> se sont partag\u00e9 les points (3\/3).\u00a0<\/p>\n<p class=\"mb-8 text-lg font-normal text-grey-800 md:text-xl\">Au classement, les \u00ab\u00a0deux Boulogne\u00a0\u00bb prennent la t\u00eate de la poule A, \u00e0 \u00e9galit\u00e9 de points avec Annecy-le-Vieux.<\/p>\n<p><a target=\"_blank\" class=\"mb-8 text-lg font-bold text-secondary underline md:text-xl\" rel=\"noreferrer nofollow noopener\" href=\"https:\/\/tenup.fft.fr\/championnat\/82543588?division=135353&amp;phase=218002&amp;poule=485822\">Le classement de la Poule A<\/a><\/p>\n<p class=\"mb-8 text-lg font-normal text-grey-800 md:text-xl\">Du c\u00f4t\u00e9 de la poule B, c&rsquo;est Thionville qui m\u00e8ne la danse, suivi par le club de Marignane. Il faudra attendre la 2e journ\u00e9e, mercredi 19, pour y voir un peu plus clair et distinguer les favoris qui pr\u00e9tendront \u00e0 la finale du 6 d\u00e9cembre au Grenoble Tennis Padel.<\/p>\n<p><a target=\"_blank\" class=\"mb-8 text-lg font-bold text-secondary underline md:text-xl\" rel=\"noreferrer nofollow noopener\" href=\"https:\/\/tenup.fft.fr\/championnat\/82543588?division=135353&amp;phase=218002&amp;poule=485823\">Le classement de la Poule B<\/a>Le calendrier des rencontres<a target=\"_blank\" class=\"flex items-center gap-4 bg-white px-6 py-6 md:gap-6 md:py-3\" rel=\"noreferrer nofollow noopener\" href=\"https:\/\/fft-site.cdn.prismic.io\/fft-site\/aRjpsrpReVYa4g_Z_aNZ7TJ5xUNkB1JYT_CalendriersetPoulesProA_ProB.pdf\"><\/p>\n<p class=\"mb-1 text-lg font-bold leading-tight\">Calendrier Pro A 2026<\/p>\n<p class=\"text-sm text-grey-600 md:text-base\">15 novembre 2025PDF<\/p>\n<p>Ouvrir le fichier<\/a><\/p>\n","protected":false},"excerpt":{"rendered":"Les premi\u00e8res rencontres de poule des championnats de France \u00ab\u00a0interclubs\u00a0\u00bb ont eu lieu ce samedi. La Pro A&hellip;\n","protected":false},"author":2,"featured_media":551018,"comment_status":"","ping_status":"","sticky":false,"template":"","format":"standard","meta":{"footnotes":""},"categories":[1415],"tags":[1011,27,60,1467],"class_list":{"0":"post-551017","1":"post","2":"type-post","3":"status-publish","4":"format-standard","5":"has-post-thumbnail","7":"category-tennis","8":"tag-fr","9":"tag-france","10":"tag-sports","11":"tag-tennis"},"share_on_mastodon":{"url":"https:\/\/pubeurope.com\/@fr\/115592670489326442","error":""},"_links":{"self":[{"href":"https:\/\/www.europesays.com\/fr\/wp-json\/wp\/v2\/posts\/551017","targetHints":{"allow":["GET"]}}],"collection":[{"href":"https:\/\/www.europesays.com\/fr\/wp-json\/wp\/v2\/posts"}],"about":[{"href":"https:\/\/www.europesays.com\/fr\/wp-json\/wp\/v2\/types\/post"}],"author":[{"embeddable":true,"href":"https:\/\/www.europesays.com\/fr\/wp-json\/wp\/v2\/users\/2"}],"replies":[{"embeddable":true,"href":"https:\/\/www.europesays.com\/fr\/wp-json\/wp\/v2\/comments?post=551017"}],"version-history":[{"count":0,"href":"https:\/\/www.europesays.com\/fr\/wp-json\/wp\/v2\/posts\/551017\/revisions"}],"wp:featuredmedia":[{"embeddable":true,"href":"https:\/\/www.europesays.com\/fr\/wp-json\/wp\/v2\/media\/551018"}],"wp:attachment":[{"href":"https:\/\/www.europesays.com\/fr\/wp-json\/wp\/v2\/media?parent=551017"}],"wp:term":[{"taxonomy":"category","embeddable":true,"href":"https:\/\/www.europesays.com\/fr\/wp-json\/wp\/v2\/categories?post=551017"},{"taxonomy":"post_tag","embeddable":true,"href":"https:\/\/www.europesays.com\/fr\/wp-json\/wp\/v2\/tags?post=551017"}],"curies":[{"name":"wp","href":"https:\/\/api.w.org\/{rel}","templated":true}]}}