{"id":551019,"date":"2025-11-22T09:38:14","date_gmt":"2025-11-22T09:38:14","guid":{"rendered":"https:\/\/www.europesays.com\/fr\/551019\/"},"modified":"2025-11-22T09:38:14","modified_gmt":"2025-11-22T09:38:14","slug":"marcel-kittel-rejoint-le-staff-dune-equipe-francaise-actualite","status":"publish","type":"post","link":"https:\/\/www.europesays.com\/fr\/551019\/","title":{"rendered":"Marcel Kittel rejoint le staff d&rsquo;une \u00e9quipe fran\u00e7aise &#8211; Actualit\u00e9"},"content":{"rendered":"<p style=\"text-align: justify;\">Marcel Kittel va int\u00e9grer le staff de l&rsquo;\u00e9quipe <strong><a href=\"https:\/\/www.directvelo.com\/equipe\/9048\/unibet-tietema-rockets\" target=\"_blank\" rel=\"noopener\">Unibet Rose Rockets<\/a><\/strong>, annonce la ProTeam \u00e0 licence fran\u00e7aise. L&rsquo;Allemand de 37 ans sera en charge du sprint au sein de la formation qui a recrut\u00e9 pour la saison 2026 Dylan Groenewegen. \u00ab\u00a0Il travaillera en \u00e9troite collaboration avec les coureurs et le staff pour aider \u00e0 fa\u00e7onner un train performant et renforcer la culture de performance de l\u2019\u00e9quipe\u00a0\u00bb, peut-on lire dans un communiqu\u00e9.<\/p>\n<p>Marcel Kittel a \u00e9t\u00e9 professionnel de 2011 \u00e0 2019.\u00a0Ancien coureur de\u00a0Skil-Shimano, Quick-Step et Katusha-Alpecin, il a remport\u00e9 quatorze \u00e9tapes du Tour de France, quatre du Tour d&rsquo;Italie et une du Tour d&rsquo;Espagne.\u00a0<\/p>\n","protected":false},"excerpt":{"rendered":"Marcel Kittel va int\u00e9grer le staff de l&rsquo;\u00e9quipe Unibet Rose Rockets, annonce la ProTeam \u00e0 licence fran\u00e7aise. L&rsquo;Allemand&hellip;\n","protected":false},"author":2,"featured_media":551020,"comment_status":"","ping_status":"","sticky":false,"template":"","format":"standard","meta":{"footnotes":""},"categories":[1411],"tags":[834,828,836,829,837,827,83,826,824,823,1154,207,814,817,815,816,822,821,832,211,839,1011,27,820,818,819,835,831,830,833,838,60,212,208,825],"class_list":{"0":"post-551019","1":"post","2":"type-post","3":"status-publish","4":"format-standard","5":"has-post-thumbnail","7":"category-cyclisme","8":"tag-attaque","9":"tag-belgique","10":"tag-braquet","11":"tag-bretagne","12":"tag-chute","13":"tag-competition","14":"tag-coupe-de-france","15":"tag-coureur","16":"tag-course-cyclisme","17":"tag-course-cycliste","18":"tag-cycling","19":"tag-cyclisme","20":"tag-direct","21":"tag-direct-velo","22":"tag-directvelo","23":"tag-directvelo-com","24":"tag-epreuve","25":"tag-epreuve-cycliste","26":"tag-federation-francaise-de-cyclisme","27":"tag-ffc","28":"tag-flandres","29":"tag-fr","30":"tag-france","31":"tag-live","32":"tag-live-course","33":"tag-live-epreuve","34":"tag-peloton","35":"tag-radio-peloton","36":"tag-radio-tour","37":"tag-ravitaillement","38":"tag-relance","39":"tag-sports","40":"tag-uci","41":"tag-velo","42":"tag-velos"},"share_on_mastodon":{"url":"https:\/\/pubeurope.com\/@fr\/115592685587954608","error":""},"_links":{"self":[{"href":"https:\/\/www.europesays.com\/fr\/wp-json\/wp\/v2\/posts\/551019","targetHints":{"allow":["GET"]}}],"collection":[{"href":"https:\/\/www.europesays.com\/fr\/wp-json\/wp\/v2\/posts"}],"about":[{"href":"https:\/\/www.europesays.com\/fr\/wp-json\/wp\/v2\/types\/post"}],"author":[{"embeddable":true,"href":"https:\/\/www.europesays.com\/fr\/wp-json\/wp\/v2\/users\/2"}],"replies":[{"embeddable":true,"href":"https:\/\/www.europesays.com\/fr\/wp-json\/wp\/v2\/comments?post=551019"}],"version-history":[{"count":0,"href":"https:\/\/www.europesays.com\/fr\/wp-json\/wp\/v2\/posts\/551019\/revisions"}],"wp:featuredmedia":[{"embeddable":true,"href":"https:\/\/www.europesays.com\/fr\/wp-json\/wp\/v2\/media\/551020"}],"wp:attachment":[{"href":"https:\/\/www.europesays.com\/fr\/wp-json\/wp\/v2\/media?parent=551019"}],"wp:term":[{"taxonomy":"category","embeddable":true,"href":"https:\/\/www.europesays.com\/fr\/wp-json\/wp\/v2\/categories?post=551019"},{"taxonomy":"post_tag","embeddable":true,"href":"https:\/\/www.europesays.com\/fr\/wp-json\/wp\/v2\/tags?post=551019"}],"curies":[{"name":"wp","href":"https:\/\/api.w.org\/{rel}","templated":true}]}}