{"id":551021,"date":"2025-11-22T09:39:25","date_gmt":"2025-11-22T09:39:25","guid":{"rendered":"https:\/\/www.europesays.com\/fr\/551021\/"},"modified":"2025-11-22T09:39:25","modified_gmt":"2025-11-22T09:39:25","slug":"lorient-bordeaux-la-composition-dequipe-probable-des-girondins-pour-la-11e-journee-de-national-2","status":"publish","type":"post","link":"https:\/\/www.europesays.com\/fr\/551021\/","title":{"rendered":"Lorient-Bordeaux : la composition d&rsquo;\u00e9quipe probable des Girondins pour la 11e journ\u00e9e de National 2"},"content":{"rendered":"<p>\n    22\/11 &#8211; 06:57 | Par Nicolas Pietrelli | Il y a<br \/>\n    4 heures\n  <\/p>\n<p><strong>D\u00e9couvrez la composition d&rsquo;\u00e9quipe probable des Girondins de Bordeaux face au FC Lorient 2 ce samedi \u00e0 17 au Stade du Moustoir. L&rsquo;entra\u00eeneur Bruno Irl\u00e8s a retenu 17 joueurs dont Matthieu Villette, seulement 16 seront sur la feuille de match.<\/strong><\/p>\n<p><img decoding=\"async\" src=\"https:\/\/www.europesays.com\/fr\/wp-content\/uploads\/2025\/08\/671_21d7cbef58ae00a7868bfeff61f4c506.jpg\" alt=\"Lorient-Bordeaux : la composition d'\u00e9quipe probable des Girondins pour la 11e journ\u00e9e de National 2\" class=\"img-responsive mt-3\"\/><\/p>\n<p class=\"text-center mb-3\" style=\"font-size: 14px\">\u00a9 Iconsport<\/p>\n<p>      <strong>La 11 probable des Girondins de Bordeaux face au FC Lorient<\/strong><\/p>\n<p style=\"text-align: justify;\">Le <a href=\"https:\/\/www.webgirondins.com\/actualite-girondins-lorient-bordeaux-le-groupe-des-girondins-pour-la-11e-journee-de-national-2-131230\" target=\"_blank\" rel=\"noopener\">groupe de joueurs retenus est disponible ici<\/a>.<\/p>\n<p style=\"text-align: justify;\">La composition d&rsquo;\u00e9quipe probable :<\/p>\n<p style=\"text-align: justify;\"><strong><img decoding=\"async\" src=\"https:\/\/www.europesays.com\/fr\/wp-content\/uploads\/2025\/11\/4-4-2 (65)-1.jpg\" alt=\"4-4-2 (65)-1.jpg (76 KB)\" style=\"width:700px;max-width:100%;\"\/><\/strong><\/p>\n<p style=\"text-align: justify;\">Le banc : Diabat\u00e9, Jousselin, Manna\u00ef, Bahassa, Rizaldos ou Villette.<\/p>\n<p style=\"text-align: justify;\">\u00c0 lire : <strong><a href=\"https:\/\/www.webgirondins.com\/actualite-girondins-girondins-le-coach-de-lorient-n2-annonce-la-couleur-aucun-joueur-pro-ne-descendra-face-a-bordeaux-131198\" target=\"_blank\" rel=\"noopener\">le coach de Lorient N2 annonce la couleur, aucun joueur pro ne descendra face \u00e0 Bordeaux<\/a><\/strong><\/p>\n<p style=\"text-align: justify;\">Notre podcast court sur l&rsquo;actu des Girondins \u00e0 \u00e9couter :<\/p>\n<p style=\"text-align: justify;\">\u00a0<\/p>\n<p>\u00a0<\/p>\n<p>  COMMENTAIRES<br \/>\n  ()<\/p>\n","protected":false},"excerpt":{"rendered":"22\/11 &#8211; 06:57 | Par Nicolas Pietrelli | Il y a 4 heures D\u00e9couvrez la composition d&rsquo;\u00e9quipe probable&hellip;\n","protected":false},"author":2,"featured_media":291079,"comment_status":"","ping_status":"","sticky":false,"template":"","format":"standard","meta":{"footnotes":""},"categories":[1410],"tags":[1997,3984,3474,2263,2823,63,1011,27,1987,3465,1781,49025,3238,471,12142,3982,60,2858],"class_list":{"0":"post-551021","1":"post","2":"type-post","3":"status-publish","4":"format-standard","5":"has-post-thumbnail","7":"category-football","8":"tag-bordeaux","9":"tag-composition","10":"tag-decouvrez","11":"tag-equipe","12":"tag-face","13":"tag-football","14":"tag-fr","15":"tag-france","16":"tag-girondins","17":"tag-journee","18":"tag-lorient","19":"tag-moustoir","20":"tag-national","21":"tag-pour","22":"tag-probable","23":"tag-samedi","24":"tag-sports","25":"tag-stade"},"share_on_mastodon":{"url":"https:\/\/pubeurope.com\/@fr\/115592690741389751","error":""},"_links":{"self":[{"href":"https:\/\/www.europesays.com\/fr\/wp-json\/wp\/v2\/posts\/551021","targetHints":{"allow":["GET"]}}],"collection":[{"href":"https:\/\/www.europesays.com\/fr\/wp-json\/wp\/v2\/posts"}],"about":[{"href":"https:\/\/www.europesays.com\/fr\/wp-json\/wp\/v2\/types\/post"}],"author":[{"embeddable":true,"href":"https:\/\/www.europesays.com\/fr\/wp-json\/wp\/v2\/users\/2"}],"replies":[{"embeddable":true,"href":"https:\/\/www.europesays.com\/fr\/wp-json\/wp\/v2\/comments?post=551021"}],"version-history":[{"count":0,"href":"https:\/\/www.europesays.com\/fr\/wp-json\/wp\/v2\/posts\/551021\/revisions"}],"wp:featuredmedia":[{"embeddable":true,"href":"https:\/\/www.europesays.com\/fr\/wp-json\/wp\/v2\/media\/291079"}],"wp:attachment":[{"href":"https:\/\/www.europesays.com\/fr\/wp-json\/wp\/v2\/media?parent=551021"}],"wp:term":[{"taxonomy":"category","embeddable":true,"href":"https:\/\/www.europesays.com\/fr\/wp-json\/wp\/v2\/categories?post=551021"},{"taxonomy":"post_tag","embeddable":true,"href":"https:\/\/www.europesays.com\/fr\/wp-json\/wp\/v2\/tags?post=551021"}],"curies":[{"name":"wp","href":"https:\/\/api.w.org\/{rel}","templated":true}]}}