{"id":551027,"date":"2025-11-22T09:44:14","date_gmt":"2025-11-22T09:44:14","guid":{"rendered":"https:\/\/www.europesays.com\/fr\/551027\/"},"modified":"2025-11-22T09:44:14","modified_gmt":"2025-11-22T09:44:14","slug":"disparition-ornella-vanoni-chanteuse-italienne-a-la-voix-de-velours-est-morte-a-lage-de-91-ans","status":"publish","type":"post","link":"https:\/\/www.europesays.com\/fr\/551027\/","title":{"rendered":"Disparition. Ornella Vanoni, chanteuse italienne \u00e0 la voix de velours, est morte \u00e0 l&rsquo;\u00e2ge de 91\u00a0ans"},"content":{"rendered":"<p>Reconnaissable entre mille gr\u00e2ce \u00e0 sa chevelure rousse boucl\u00e9e, Ornella Vanoni, est d\u00e9c\u00e9d\u00e9e vendredi \u00e0 91 ans. Elle \u00e9tait l&rsquo;une des chanteuses les plus prolifiques de la sc\u00e8ne italienne, avec une carri\u00e8re qui s&rsquo;\u00e9tale sur une soixantaine d&rsquo;ann\u00e9es.<\/p>\n<p>Avec sa voix de velours \u00e9galement capable de monter en force, elle s&rsquo;est affirm\u00e9e comme l&rsquo;une des interpr\u00e8tes les plus accomplies et les plus appr\u00e9ci\u00e9es de \u00ab musica leggera \u00bb, la chanson populaire qui a rythm\u00e9 la p\u00e9ninsule \u00e0 partir des ann\u00e9es 1960. Comptant \u00e0 son actif plus de 50\u00a0millions de disques vendus, cette personnalit\u00e9 attachante autant que fantasque a \u00e9galement su s&rsquo;entourer des meilleurs artistes lors de collaborations fructueuses\u00a0: George Benson, Herbie Hancock, Franco Califano ou encore Gino Paoli, avec lequel elle a entretenu une longue complicit\u00e9, aussi bien artistique que personnelle.<\/p>\n<p>  Pas sa langue dans sa poche<\/p>\n<p>Femme de grand style, elle a enregistr\u00e9 ses plus grands succ\u00e8s dans les ann\u00e9es 1960 et 1970 avec des tubes comme La Musica \u00e8 Finita, Eternita, L&rsquo;Appuntamento (\u00ab\u00a0Le Rendez-vous\u00a0\u00bb), et Una Ragione di Pi\u00f9 (\u00ab\u00a0Une raison en plus\u00a0\u00bb).<\/p>\n<p>N\u00e9e le 22 septembre 1934 \u00e0 Milan, Vanoni a commenc\u00e9 sa carri\u00e8re au th\u00e9\u00e2tre, avant de se lancer dans la chanson sur la sc\u00e8ne de la capitale lombarde, sous la houlette de Giorgio Strehler, le c\u00e9l\u00e8bre metteur en sc\u00e8ne de th\u00e9\u00e2tre qui fut son compagnon et mentor. En 1964, elle remporte le Festival de Naples, une comp\u00e9tition musicale disparue depuis, puis participe pas moins de huit fois au prestigieux Festival de San Remo, une institution italienne o\u00f9 elle arrive deuxi\u00e8me en 1968 avec Casa Bianca.<\/p>\n<p>En 1999, elle est la premi\u00e8re chanteuse de l&rsquo;histoire de San Remo \u00e0 recevoir un prix d&rsquo;honneur pour l&rsquo;ensemble de sa carri\u00e8re. Les ann\u00e9es suivantes, Vanoni, qui n&rsquo;avait pas sa langue dans sa poche, fit r\u00e9guli\u00e8rement la une des magazines people, r\u00e9v\u00e9lant des \u00e9pisodes de sa vie priv\u00e9e, tout en continuant \u00e0 monter sur sc\u00e8ne et \u00e0 enregistrer des albums. Le dernier en date, Diverse, sorti en 2024, revisite certains des plus grands succ\u00e8s de l&rsquo;artiste avec de nouveaux arrangements.<\/p>\n","protected":false},"excerpt":{"rendered":"Reconnaissable entre mille gr\u00e2ce \u00e0 sa chevelure rousse boucl\u00e9e, Ornella Vanoni, est d\u00e9c\u00e9d\u00e9e vendredi \u00e0 91 ans. Elle&hellip;\n","protected":false},"author":2,"featured_media":551028,"comment_status":"","ping_status":"","sticky":false,"template":"","format":"standard","meta":{"footnotes":""},"categories":[1355],"tags":[58,59,107,1011,27,329,1361,873,1391,973],"class_list":{"0":"post-551027","1":"post","2":"type-post","3":"status-publish","4":"format-standard","5":"has-post-thumbnail","7":"category-musique","8":"tag-divertissement","9":"tag-entertainment","10":"tag-fil-info","11":"tag-fr","12":"tag-france","13":"tag-france-monde","14":"tag-music","15":"tag-musique","16":"tag-necrologie","17":"tag-people"},"share_on_mastodon":{"url":"https:\/\/pubeurope.com\/@fr\/115592709134009442","error":""},"_links":{"self":[{"href":"https:\/\/www.europesays.com\/fr\/wp-json\/wp\/v2\/posts\/551027","targetHints":{"allow":["GET"]}}],"collection":[{"href":"https:\/\/www.europesays.com\/fr\/wp-json\/wp\/v2\/posts"}],"about":[{"href":"https:\/\/www.europesays.com\/fr\/wp-json\/wp\/v2\/types\/post"}],"author":[{"embeddable":true,"href":"https:\/\/www.europesays.com\/fr\/wp-json\/wp\/v2\/users\/2"}],"replies":[{"embeddable":true,"href":"https:\/\/www.europesays.com\/fr\/wp-json\/wp\/v2\/comments?post=551027"}],"version-history":[{"count":0,"href":"https:\/\/www.europesays.com\/fr\/wp-json\/wp\/v2\/posts\/551027\/revisions"}],"wp:featuredmedia":[{"embeddable":true,"href":"https:\/\/www.europesays.com\/fr\/wp-json\/wp\/v2\/media\/551028"}],"wp:attachment":[{"href":"https:\/\/www.europesays.com\/fr\/wp-json\/wp\/v2\/media?parent=551027"}],"wp:term":[{"taxonomy":"category","embeddable":true,"href":"https:\/\/www.europesays.com\/fr\/wp-json\/wp\/v2\/categories?post=551027"},{"taxonomy":"post_tag","embeddable":true,"href":"https:\/\/www.europesays.com\/fr\/wp-json\/wp\/v2\/tags?post=551027"}],"curies":[{"name":"wp","href":"https:\/\/api.w.org\/{rel}","templated":true}]}}